{"id":864,"date":"2008-06-08T09:56:20","date_gmt":"2008-06-08T08:56:20","guid":{"rendered":"http:\/\/berni.fmode.de\/wordpress\/?p=864"},"modified":"2012-01-30T11:18:54","modified_gmt":"2012-01-30T10:18:54","slug":"zum-wustegarten-und-in-die-lowensteiner-berge","status":"publish","type":"post","link":"https:\/\/berni.fmode.de\/wordpress\/?p=864","title":{"rendered":"Zum W\u00fcstegarten und in die L\u00f6wensteiner Berge"},"content":{"rendered":"<p><a name=\"20080608\"><\/a>Nachdem ich gestern bei der Nachbearbeitung meiner Kellerwaldtour gelernt habe, dass nicht das Hohe Lohr sondern der W\u00fcstegarten die h\u00f6chste Erhebung des Kellerwaldes ist, stand f\u00fcr mich fest: Dieser Gipfel wird besucht. Zudem ist dort oben noch eine alte keltische Kultst\u00e4tte, was mich besonders fasziniert. Also warum nicht gleich am n\u00e4chsten Tag, also heute, nochmal in den Kellerwald und den W\u00fcstegarten gesucht. Und so geschieht es.<\/p>\n<p><span style=\"color: #333333;\"><span style=\"color: #333333;\">Gestern war ich schon fr\u00fch unterwegs, aber an diesem Sonntag gehts noch eher auf die Strasse. Es ist noch keine 7:00, als das Silverstar Gespann losbollert (dank Guzzi-Auspuff). Gleichzeitig soll die Fahrt ein Versuch sein, den Edersee ohne Bundesstrassen-Ber\u00fchrung zu erreichen. Dies wegen des Forumstreffens am Edersee im September. Da will Eichy vorbei kommen und es ist mein Ehrgeiz, mit ihm zusammen nur Kreisstrassen zu fahren. Das klappt gut, indem ich durch den Kirtorfer Wald nach Kirtorf und Neustadt fahre und von dort aus \u00fcber Momberg, Mengsberg und Winterscheid nach Gilserberg. Dort gehts dann gleich ab \u00fcber Sch\u00f6nau in Richtung Dodenhausen. Jezt bin ich bereits im Kellerwald und muss f\u00fcr das Forumstreffen nur noch nach Haina und dann meine bekannte Route \u00fcber Frankenau zm Edersee nehmen. OK, die Route steht, aber heute will ich zum W\u00fcstegarten. Deshalb biege ich in Dodenhausen direkt nach Haddenberg ab. <\/span><\/span><\/p>\n<div style=\"width: 410px\" class=\"wp-caption alignnone\"><img loading=\"lazy\" decoding=\"async\" class=\" \" title=\"Gespann\" src=\"http:\/\/berni.fmode.de\/www\/mz\/gespann500\/2008\/20080608\/pic01.jpg\" alt=\"\" width=\"400\" height=\"300\" \/><p class=\"wp-caption-text\">Um 7:00 bin ich bereits kurz vor Neustadt. Jetzt kommen noch 5 km feines Kurvengeschl\u00e4ngel durch den Wald und dann habe ich mit Neustadt das erste Etappenziel erreicht.<\/p><\/div>\n<div style=\"width: 410px\" class=\"wp-caption alignnone\"><img loading=\"lazy\" decoding=\"async\" class=\" \" title=\"Gespann\" src=\"http:\/\/berni.fmode.de\/www\/mz\/gespann500\/2008\/20080608\/pic02.jpg\" alt=\"\" width=\"400\" height=\"300\" \/><p class=\"wp-caption-text\">Im Kellerwald bei Dodenhausen bin ich dem Hohen Lohr mal wieder ganz nah. Aber das ist heute nicht mein Ziel.<\/p><\/div>\n<div style=\"width: 410px\" class=\"wp-caption alignnone\"><img loading=\"lazy\" decoding=\"async\" class=\" \" title=\"Gespann\" src=\"http:\/\/berni.fmode.de\/www\/mz\/gespann500\/2008\/20080608\/pic03.jpg\" alt=\"\" width=\"400\" height=\"300\" \/><p class=\"wp-caption-text\">\u00dcberall bl\u00fcht jetzt der Klatschmohn, so auch bei Haddenberg. Hier soll es irgendwo den Zugang zum W\u00fcstegarten geben. Aber zun\u00e4chst finde ich keinen Hinweis darauf.<\/p><\/div>\n<div style=\"width: 410px\" class=\"wp-caption alignnone\"><img loading=\"lazy\" decoding=\"async\" class=\" \" title=\"Gespann\" src=\"http:\/\/berni.fmode.de\/www\/mz\/gespann500\/2008\/20080608\/pic04.jpg\" alt=\"\" width=\"400\" height=\"300\" \/><p class=\"wp-caption-text\">Doch dann f\u00fchrt mich Intuition zum richtigen Ort. Das Hinweisschild zum Exhelmerstein, der Mausefalle und dem Kellerwaldturm. Der Weg dahin darf nicht befahren werden und seltsamerweise halte ich mich heute daran. Allerdings habe ich auch keine rechte Lust auf 45 Minuten Fussmarsch in Motorradbekleidung.<\/p><\/div>\n<div style=\"width: 410px\" class=\"wp-caption alignnone\"><img loading=\"lazy\" decoding=\"async\" class=\" \" title=\"Gespann\" src=\"http:\/\/berni.fmode.de\/www\/mz\/gespann500\/2008\/20080608\/pic05.jpg\" alt=\"\" width=\"400\" height=\"300\" \/><p class=\"wp-caption-text\">Und so bleibe ich heute nur an diesem &quot;Eingang&quot; zum W\u00fcstegarten. Erstaunlich ist, dass ich mich an diesem Ort sehr seltsam f\u00fchle - nicht unangenehm, aber eben seltsam. Ob es damit zu tun hat, dass dies ein ritueller Ort der Kelten war? Ich glaube schon. Hier herrscht eine ganz besondere Atmosph\u00e4re.<\/p><\/div>\n<div style=\"width: 410px\" class=\"wp-caption alignnone\"><img loading=\"lazy\" decoding=\"async\" class=\" \" title=\"Gespann\" src=\"http:\/\/berni.fmode.de\/www\/mz\/gespann500\/2008\/20080608\/pic06.jpg\" alt=\"\" width=\"400\" height=\"264\" \/><p class=\"wp-caption-text\">Nach einer halben Stunde ziehe ich weiter in Richtung Jesberg, halte aber nach ein paar Kilometern noch mal an, um diesen roten Milan bei seinen Flugk\u00fcnsten zu bewundern. Wom\u00f6glich fliegt dort gar kein Milan, sondern die Reinkarnation eines alten Kelten. Erst zu Hause bemerke ich, dass auf dem Foto der Kellerwaldturm zu sehen ist. Das ist der Turm auf dem Gipfel des W\u00fcstegartens.<\/p><\/div>\n<div style=\"width: 410px\" class=\"wp-caption alignnone\"><img loading=\"lazy\" decoding=\"async\" class=\" \" title=\"Gespann\" src=\"http:\/\/berni.fmode.de\/www\/mz\/gespann500\/2008\/20080608\/pic07.jpg\" alt=\"\" width=\"400\" height=\"300\" \/><p class=\"wp-caption-text\">\u00dcber das Kn\u00fcllgebirge und die Schwalm treibe ich das Gespann jetzt heim in den Vogelsberg. Nebenbei habe ich dabei eine sch\u00f6ne Route vom Edersee zum Kn\u00fcllk\u00f6pfchen gefunden. Wer weiss, vielleicht besteht ja beim Forumstreffen Bedarf an einer kleinen Ausfahrt, und da ist der Kn\u00fcll mit seiner Jause ein gutes Ziel. Den letzten Stop gibts dann schon im Vogelsberg in der N\u00e4he von Romrod.<\/p><\/div>\n<p>&nbsp;<\/p>\n","protected":false},"excerpt":{"rendered":"<p>Nachdem ich gestern bei der Nachbearbeitung meiner Kellerwaldtour gelernt habe, dass nicht das Hohe Lohr sondern der W\u00fcstegarten die h\u00f6chste Erhebung des Kellerwaldes ist, stand f\u00fcr mich fest: Dieser Gipfel wird besucht. Zudem ist dort oben noch eine alte keltische &hellip; <a href=\"https:\/\/berni.fmode.de\/wordpress\/?p=864\">Weiterlesen <span class=\"meta-nav\">&rarr;<\/span><\/a><\/p>\n","protected":false},"author":1,"featured_media":0,"comment_status":"closed","ping_status":"closed","sticky":false,"template":"","format":"standard","meta":{"footnotes":""},"categories":[11],"tags":[],"_links":{"self":[{"href":"https:\/\/berni.fmode.de\/wordpress\/index.php?rest_route=\/wp\/v2\/posts\/864"}],"collection":[{"href":"https:\/\/berni.fmode.de\/wordpress\/index.php?rest_route=\/wp\/v2\/posts"}],"about":[{"href":"https:\/\/berni.fmode.de\/wordpress\/index.php?rest_route=\/wp\/v2\/types\/post"}],"author":[{"embeddable":true,"href":"https:\/\/berni.fmode.de\/wordpress\/index.php?rest_route=\/wp\/v2\/users\/1"}],"replies":[{"embeddable":true,"href":"https:\/\/berni.fmode.de\/wordpress\/index.php?rest_route=%2Fwp%2Fv2%2Fcomments&post=864"}],"version-history":[{"count":4,"href":"https:\/\/berni.fmode.de\/wordpress\/index.php?rest_route=\/wp\/v2\/posts\/864\/revisions"}],"predecessor-version":[{"id":6138,"href":"https:\/\/berni.fmode.de\/wordpress\/index.php?rest_route=\/wp\/v2\/posts\/864\/revisions\/6138"}],"wp:attachment":[{"href":"https:\/\/berni.fmode.de\/wordpress\/index.php?rest_route=%2Fwp%2Fv2%2Fmedia&parent=864"}],"wp:term":[{"taxonomy":"category","embeddable":true,"href":"https:\/\/berni.fmode.de\/wordpress\/index.php?rest_route=%2Fwp%2Fv2%2Fcategories&post=864"},{"taxonomy":"post_tag","embeddable":true,"href":"https:\/\/berni.fmode.de\/wordpress\/index.php?rest_route=%2Fwp%2Fv2%2Ftags&post=864"}],"curies":[{"name":"wp","href":"https:\/\/api.w.org\/{rel}","templated":true}]}}