{"id":603,"date":"2006-06-05T07:06:56","date_gmt":"2006-06-05T06:06:56","guid":{"rendered":"http:\/\/berni.fmode.de\/wordpress\/?p=603"},"modified":"2012-02-04T18:33:52","modified_gmt":"2012-02-04T17:33:52","slug":"burgen-und-schlosser-mit-der-gr650","status":"publish","type":"post","link":"https:\/\/berni.fmode.de\/wordpress\/?p=603","title":{"rendered":"Burgen und Schl\u00f6sser mit der GR650"},"content":{"rendered":"<p>Ein leicht tr\u00fcber und k\u00fchler, aber letztendlich trockener Pfingstmontag wird zu einer l\u00e4ngeren Ausfahrt mit der GR genutzt. Es soll eine Burgenfahrt werden, d.h., dass unterwegs ein paar Schl\u00f6sser und Burgen angefahren werden.<\/p>\n<p>Zun\u00e4chst ging es \u00fcber die Rabenau Richtung Giessen und dann ab in die Wetterau. \u00dcber Friedberg dann zur\u00fcck in grobe Richtung Schotten, jedoch vorher \u00fcber Eichelsachsen und Busenborn abgebogen. Ein kurzer Abstecher auf die Herrchenhainer H\u00f6he zum Oldtimer Cafe zeigte mir: Da war noch nix los &#8211; zu fr\u00fch. Also weiter \u00fcber Freiensteinau nach Schl\u00fcchtern und von dort tief in das Tal der Kinzig (Sterbfritz, Sinntal). Eine wahnsinnnige Gegend! Hab mich dann aber ziemlich verfranst und bin durch f\u00fcr mich v\u00f6llig unbekanntes Terrain \u00fcber FLieden und Fulda zur\u00fcck in den Vogelsberg gekommen. In dieser Gegend k\u00f6nnte ich mir aber weiter und noch l\u00e4ngere Fahrten vorstellen. Heute waren es auch schon \u00fcber 300 km &#8211; ohne einen Tropfen Regen. Die Ausbeute an Schl\u00f6ssern und Burgen war aber nicht so toll. Die sch\u00f6nste Burg, Burg Steckelberg, habe ich zwar gestreift, zum Boxenstop hats aber leider nicht mehr gereicht.<\/p>\n<p><img decoding=\"async\" class=\"  alignnone\" title=\"GR\" src=\"http:\/\/berni.fmode.de\/www\/mz\/past\/gr\/050606\/gr01.jpg\" alt=\"\" \/><\/p>\n<div style=\"width: 410px\" class=\"wp-caption alignnone\"><img loading=\"lazy\" decoding=\"async\" class=\" \" title=\"GR\" src=\"http:\/\/berni.fmode.de\/www\/mz\/past\/gr\/050606\/gr02.jpg\" alt=\"\" width=\"400\" height=\"300\" \/><p class=\"wp-caption-text\">Burg Staufenberg in Staufenberg, leider kam ich zu dieser fr\u00fchen Stunde nicht auf den Burghof.<\/p><\/div>\n<div style=\"width: 410px\" class=\"wp-caption alignnone\"><img loading=\"lazy\" decoding=\"async\" class=\" \" title=\"GR\" src=\"http:\/\/berni.fmode.de\/www\/mz\/past\/gr\/050606\/gr03.jpg\" alt=\"\" width=\"400\" height=\"300\" \/><p class=\"wp-caption-text\">Sehr malerisch ist die Burg in Krofdorf-Gleiberg<\/p><\/div>\n<div style=\"width: 410px\" class=\"wp-caption alignnone\"><img loading=\"lazy\" decoding=\"async\" class=\" \" title=\"GR\" src=\"http:\/\/berni.fmode.de\/www\/mz\/past\/gr\/050606\/gr04.jpg\" alt=\"\" width=\"400\" height=\"300\" \/><p class=\"wp-caption-text\">Krofdorf-Gleiberg ist schon ein imposantes Geb\u00e4ude.<\/p><\/div>\n<p><img loading=\"lazy\" decoding=\"async\" class=\"alignleft\" title=\"GR\" src=\"http:\/\/berni.fmode.de\/www\/mz\/past\/gr\/050606\/gr05.jpg\" alt=\"\" width=\"225\" height=\"300\" \/>Die Burg in Friedberg (hat die eigentlich einen Namen?) ist komplett in das Stadtbild einbezogen, die Geb\u00e4ude werden genutzt und sind zum Teil sogar bewohnt &#8211; sehr sch\u00f6n.<\/p>\n<p>&nbsp;<\/p>\n<p>&nbsp;<\/p>\n<p>&nbsp;<\/p>\n<p>&nbsp;<\/p>\n<p>&nbsp;<\/p>\n<div style=\"width: 410px\" class=\"wp-caption alignnone\"><img loading=\"lazy\" decoding=\"async\" class=\" \" title=\"GR\" src=\"http:\/\/berni.fmode.de\/www\/mz\/past\/gr\/050606\/gr06.jpg\" alt=\"\" width=\"400\" height=\"300\" \/><p class=\"wp-caption-text\">Auf Burg M\u00fcnzenberg fanden an diesem Tag Ritterspiele statt, so dass ich nicht mit dem Motorrad an die Burg konnte. Finde solche Spektakel zwar spannend, aber an diesem Tag wollte ich fahren - also keine langen Pausen.<\/p><\/div>\n<p><img loading=\"lazy\" decoding=\"async\" class=\"alignleft\" title=\"GR\" src=\"http:\/\/berni.fmode.de\/www\/mz\/past\/gr\/050606\/gr07.jpg\" alt=\"\" width=\"225\" height=\"300\" \/>Hier dennoch der Beweis, dass ich Burg M\u00fcnzenberg angefahren habe.<\/p>\n<p>&nbsp;<\/p>\n<p>&nbsp;<\/p>\n<p>&nbsp;<\/p>\n<p>&nbsp;<\/p>\n<p>&nbsp;<\/p>\n<p>&nbsp;<\/p>\n<div style=\"width: 410px\" class=\"wp-caption alignnone\"><img loading=\"lazy\" decoding=\"async\" class=\" \" title=\"GR\" src=\"http:\/\/berni.fmode.de\/www\/mz\/past\/gr\/050606\/gr08.jpg\" alt=\"\" width=\"400\" height=\"300\" \/><p class=\"wp-caption-text\">Keine Burg, aber genau so wichtig: Pinkelpause bei Eichelsachsen.<\/p><\/div>\n<div style=\"width: 410px\" class=\"wp-caption alignnone\"><img loading=\"lazy\" decoding=\"async\" class=\" \" title=\"GR\" src=\"http:\/\/berni.fmode.de\/www\/mz\/past\/gr\/050606\/gr09.jpg\" alt=\"\" width=\"400\" height=\"300\" \/><p class=\"wp-caption-text\">Das beeindruckende Panorama bei Sinntal kommt auf diesem Bild leider nicht ann\u00e4hernd r\u00fcber. Etwas sp\u00e4ter tauchte die Burg Steckelberg auf, der Geburtsort von Ullrich Hutter.<\/p><\/div>\n<div style=\"width: 410px\" class=\"wp-caption alignnone\"><img loading=\"lazy\" decoding=\"async\" class=\" \" title=\"GR\" src=\"http:\/\/berni.fmode.de\/www\/mz\/past\/gr\/050606\/gr10.jpg\" alt=\"\" width=\"400\" height=\"300\" \/><p class=\"wp-caption-text\">Und die letzte Pinkelpause, jetzt schon wieder im Vogelsberg.<\/p><\/div>\n","protected":false},"excerpt":{"rendered":"<p>Ein leicht tr\u00fcber und k\u00fchler, aber letztendlich trockener Pfingstmontag wird zu einer l\u00e4ngeren Ausfahrt mit der GR genutzt. Es soll eine Burgenfahrt werden, d.h., dass unterwegs ein paar Schl\u00f6sser und Burgen angefahren werden. Zun\u00e4chst ging es \u00fcber die Rabenau Richtung &hellip; <a href=\"https:\/\/berni.fmode.de\/wordpress\/?p=603\">Weiterlesen <span class=\"meta-nav\">&rarr;<\/span><\/a><\/p>\n","protected":false},"author":1,"featured_media":0,"comment_status":"closed","ping_status":"closed","sticky":false,"template":"","format":"standard","meta":{"footnotes":""},"categories":[17],"tags":[],"_links":{"self":[{"href":"https:\/\/berni.fmode.de\/wordpress\/index.php?rest_route=\/wp\/v2\/posts\/603"}],"collection":[{"href":"https:\/\/berni.fmode.de\/wordpress\/index.php?rest_route=\/wp\/v2\/posts"}],"about":[{"href":"https:\/\/berni.fmode.de\/wordpress\/index.php?rest_route=\/wp\/v2\/types\/post"}],"author":[{"embeddable":true,"href":"https:\/\/berni.fmode.de\/wordpress\/index.php?rest_route=\/wp\/v2\/users\/1"}],"replies":[{"embeddable":true,"href":"https:\/\/berni.fmode.de\/wordpress\/index.php?rest_route=%2Fwp%2Fv2%2Fcomments&post=603"}],"version-history":[{"count":4,"href":"https:\/\/berni.fmode.de\/wordpress\/index.php?rest_route=\/wp\/v2\/posts\/603\/revisions"}],"predecessor-version":[{"id":6303,"href":"https:\/\/berni.fmode.de\/wordpress\/index.php?rest_route=\/wp\/v2\/posts\/603\/revisions\/6303"}],"wp:attachment":[{"href":"https:\/\/berni.fmode.de\/wordpress\/index.php?rest_route=%2Fwp%2Fv2%2Fmedia&parent=603"}],"wp:term":[{"taxonomy":"category","embeddable":true,"href":"https:\/\/berni.fmode.de\/wordpress\/index.php?rest_route=%2Fwp%2Fv2%2Fcategories&post=603"},{"taxonomy":"post_tag","embeddable":true,"href":"https:\/\/berni.fmode.de\/wordpress\/index.php?rest_route=%2Fwp%2Fv2%2Ftags&post=603"}],"curies":[{"name":"wp","href":"https:\/\/api.w.org\/{rel}","templated":true}]}}