{"id":474,"date":"2007-07-13T10:56:58","date_gmt":"2007-07-13T09:56:58","guid":{"rendered":"http:\/\/berni.fmode.de\/wordpress\/?p=474"},"modified":"2012-02-01T14:45:47","modified_gmt":"2012-02-01T13:45:47","slug":"nass-in-der-schwalm","status":"publish","type":"post","link":"https:\/\/berni.fmode.de\/wordpress\/?p=474","title":{"rendered":"Nass in der Schwalm"},"content":{"rendered":"<p><a name=\"20070713\"><\/a>Gestern nach Feierabend die Fahrt mit der Solo-Silverstar, heute, Freitag, dann um 18:00 aufs Gespann. Es hatte den ganzen Tag geregnet, aber Nachmittags kommt die Sonne, die Temperaturen steigen und die Strassen werden trocken. Ich starte bei sch\u00f6nstem Sonnenschein, aber <span style=\"color: #333333;\">dann wirds noch mal richtig nass. <\/span><\/p>\n<p>Komme gerade mal 10 km weit, dann wirds pl\u00f6tzlich wieder rabenschwarz und ruckzuck f\u00e4ngts auch an zu regnen &#8211; aber so richtig. Als die N\u00e4sse durch die Stiefel und Handschuhe dringt, habe ich gerade die Schutzh\u00fctte im Wald bei Ehringshausen erreicht. Dort gibts eine Pause, aber es ist schon zu erkennen, dass der Regen nicht lange anhalten wird. Und so ist es auch. 20 Minuten sp\u00e4ter gehts weiter und bald sind Stiefel und Handschuhe wieder trocken.<\/p>\n<div style=\"width: 410px\" class=\"wp-caption alignnone\"><img loading=\"lazy\" decoding=\"async\" class=\" \" title=\"Gespann\" src=\"http:\/\/berni.fmode.de\/www\/mz\/gespann500\/2007\/20070713\/pic01.jpg\" alt=\"\" width=\"400\" height=\"300\" \/><p class=\"wp-caption-text\">Hinter Ehringshausen auf den Parkplatz im Wald und dann ab unter das Vordach der Schutzh\u00fctte. Gegen\u00fcber ist so eine Art wilder Waldgarten, in dem die Vegetation nur so wuchert.<\/p><\/div>\n<div style=\"width: 410px\" class=\"wp-caption alignnone\"><img loading=\"lazy\" decoding=\"async\" class=\" \" title=\"Gespann\" src=\"http:\/\/berni.fmode.de\/www\/mz\/gespann500\/2007\/20070713\/pic02.jpg\" alt=\"\" width=\"400\" height=\"300\" \/><p class=\"wp-caption-text\">Die kleine Schutzh\u00fctte hat mich schon mehrmals und mit verschiedenen MZetten vor dem Regen gerettet. Da kannst Du unterm Vordach sitzen, den Regen beobachten und das Summen der nahen Autobahn A5 h\u00f6ren.<\/p><\/div>\n<div style=\"width: 410px\" class=\"wp-caption alignnone\"><img loading=\"lazy\" decoding=\"async\" class=\" \" title=\"Gespann\" src=\"http:\/\/berni.fmode.de\/www\/mz\/gespann500\/2007\/20070713\/pic03.jpg\" alt=\"\" width=\"400\" height=\"300\" \/><p class=\"wp-caption-text\">Von Alsfeld bis kurz vor Schwalmstadt fahre ich die B254, aber der starke LKW-Verkehr nervt dann doch. \u00dcberholen kann ich die Brummis nicht, dazu fehlen mir mindestens 20 PS oder mal 100 m ohne Gegenverkehr. Also bei Salmshausen runter von der Bundesstrasse und ab in die Schwalm. Hier sind die Strassen noch sehr nass, der Regen ist wohl gerade erst durchgezogen.<\/p><\/div>\n<div style=\"width: 410px\" class=\"wp-caption alignnone\"><img loading=\"lazy\" decoding=\"async\" class=\"  \" title=\"Gespann\" src=\"http:\/\/berni.fmode.de\/www\/mz\/gespann500\/2007\/20070713\/pic04.jpg\" alt=\"\" width=\"400\" height=\"300\" \/><p class=\"wp-caption-text\">\u00dcber Neustadt und Stadtallendorf fahre ich Niederklein an. Insgesamt nehme ich heute sehr h\u00e4ufig die schnelleren Bundesstrassen. Alles, um die Fahrt nach Glesien zum Forumtreffen im August zu trainieren. Hatte vorgestern mal versuchsweise das SW-Federbein ausgebaut und weicher gestellt. In der harten Stellung schien es zu blockieren. Jetzt zeigt es einen Hauch von D\u00e4mpfung.<\/p><\/div>\n<div style=\"width: 410px\" class=\"wp-caption alignnone\"><img loading=\"lazy\" decoding=\"async\" class=\" \" title=\"Gespann\" src=\"http:\/\/berni.fmode.de\/www\/mz\/gespann500\/2007\/20070713\/pic05.jpg\" alt=\"\" width=\"400\" height=\"300\" \/><p class=\"wp-caption-text\">Bei W\u00e4ldershausen sind die Wiesen und W\u00e4lder voller Nebelschwaden - ein herrlicher Anblick. Nur finde ich dort dummerweise keinen Platz zum Halten und Fotografieren. Versuche dann, hier bei Hainbach den Sonnenuntergang einzufangen - misslingt leider v\u00f6llig.<\/p><\/div>\n<div style=\"width: 410px\" class=\"wp-caption alignnone\"><img loading=\"lazy\" decoding=\"async\" class=\"  \" title=\"Gespann\" src=\"http:\/\/berni.fmode.de\/www\/mz\/gespann500\/2007\/20070713\/pic06.jpg\" alt=\"\" width=\"400\" height=\"300\" \/><p class=\"wp-caption-text\">Ein Blick \u00fcber die Velorexhaube hinunter auf das Tal und Hainbach.<\/p><\/div>\n<div style=\"width: 410px\" class=\"wp-caption alignnone\"><img loading=\"lazy\" decoding=\"async\" class=\" \" title=\"Gespann\" src=\"http:\/\/berni.fmode.de\/www\/mz\/gespann500\/2007\/20070713\/pic07.jpg\" alt=\"\" width=\"400\" height=\"300\" \/><p class=\"wp-caption-text\">Stangenrod - die Perle, aus Sicht von der Anh\u00f6he Richtung Atzenhain. Ein sch\u00f6ner Ort, in dem ich mir gut vorstellen k\u00f6nnte zu leben.<\/p><\/div>\n<div style=\"width: 410px\" class=\"wp-caption alignnone\"><img loading=\"lazy\" decoding=\"async\" title=\"Gespann\" src=\"http:\/\/homepage.mac.com\/bernhard.ernst\/mz\/gespann500\/2007\/20070713\/pic08.jpg\" alt=\"\" width=\"400\" height=\"300\" \/><p class=\"wp-caption-text\">Und zum Abschluss die Nase am Schaufenster vom BMW-Enders in Atzenhain plattgedr\u00fcckt. Aber so richtig begeistern k\u00f6nnen mich die heutigen BMWs nicht, obwohl ich meine olle R60\/7 in guter Erinnerung habe.<\/p><\/div>\n","protected":false},"excerpt":{"rendered":"<p>Gestern nach Feierabend die Fahrt mit der Solo-Silverstar, heute, Freitag, dann um 18:00 aufs Gespann. Es hatte den ganzen Tag geregnet, aber Nachmittags kommt die Sonne, die Temperaturen steigen und die Strassen werden trocken. Ich starte bei sch\u00f6nstem Sonnenschein, aber &hellip; <a href=\"https:\/\/berni.fmode.de\/wordpress\/?p=474\">Weiterlesen <span class=\"meta-nav\">&rarr;<\/span><\/a><\/p>\n","protected":false},"author":1,"featured_media":0,"comment_status":"closed","ping_status":"closed","sticky":false,"template":"","format":"standard","meta":{"footnotes":""},"categories":[11],"tags":[],"_links":{"self":[{"href":"https:\/\/berni.fmode.de\/wordpress\/index.php?rest_route=\/wp\/v2\/posts\/474"}],"collection":[{"href":"https:\/\/berni.fmode.de\/wordpress\/index.php?rest_route=\/wp\/v2\/posts"}],"about":[{"href":"https:\/\/berni.fmode.de\/wordpress\/index.php?rest_route=\/wp\/v2\/types\/post"}],"author":[{"embeddable":true,"href":"https:\/\/berni.fmode.de\/wordpress\/index.php?rest_route=\/wp\/v2\/users\/1"}],"replies":[{"embeddable":true,"href":"https:\/\/berni.fmode.de\/wordpress\/index.php?rest_route=%2Fwp%2Fv2%2Fcomments&post=474"}],"version-history":[{"count":4,"href":"https:\/\/berni.fmode.de\/wordpress\/index.php?rest_route=\/wp\/v2\/posts\/474\/revisions"}],"predecessor-version":[{"id":6222,"href":"https:\/\/berni.fmode.de\/wordpress\/index.php?rest_route=\/wp\/v2\/posts\/474\/revisions\/6222"}],"wp:attachment":[{"href":"https:\/\/berni.fmode.de\/wordpress\/index.php?rest_route=%2Fwp%2Fv2%2Fmedia&parent=474"}],"wp:term":[{"taxonomy":"category","embeddable":true,"href":"https:\/\/berni.fmode.de\/wordpress\/index.php?rest_route=%2Fwp%2Fv2%2Fcategories&post=474"},{"taxonomy":"post_tag","embeddable":true,"href":"https:\/\/berni.fmode.de\/wordpress\/index.php?rest_route=%2Fwp%2Fv2%2Ftags&post=474"}],"curies":[{"name":"wp","href":"https:\/\/api.w.org\/{rel}","templated":true}]}}