{"id":472,"date":"2007-07-08T10:49:29","date_gmt":"2007-07-08T09:49:29","guid":{"rendered":"http:\/\/berni.fmode.de\/wordpress\/?p=472"},"modified":"2012-02-01T14:49:01","modified_gmt":"2012-02-01T13:49:01","slug":"morgens-um-sieben-in-den-burgwald","status":"publish","type":"post","link":"https:\/\/berni.fmode.de\/wordpress\/?p=472","title":{"rendered":"Morgens um sieben in den Burgwald"},"content":{"rendered":"<p><a name=\"20070708\"><\/a>Der Samstag war schon sehr sch\u00f6n &#8211; wetterm\u00e4ssig &#8211; aber ich musste auf eine Hochzeit. Da wars aber auch nett. Sonntags dann um kurz nach sieben raus und aufs Gespann. Eine Alternative w\u00e4re eine Fahrt mit Ruth und Egon und den Ruckelshausens ins hessische Bergland Richtung Hersfeld und dann in die Rh\u00f6n. Allerdings wollte die Truppe erst um 11:00 los, und das entspricht leider \u00fcberhaupt nicht meinem Rythmus. Also alleine los, und ich beginne mit dem Burgwald, dann quer r\u00fcber durch die Schwalm in den Kn\u00fcllwald, nach Alsfeld (Izh-M\u00e4rchengarten, wieder vergeblich), durchs Gr\u00fcndchen nach Lauterbach und Herbstein und ins Oldtimer Cafe. Waren heute deutlich \u00fcber 300 km &#8211; aber besonders sch\u00f6n. Das Gespannfahren lief auch nicht so schlecht, nur das Quietschen und Knarren in Rechtskurven beginnt, mich nerv\u00f6s zu machen.<\/p>\n<p>Hab mir schon \u00f6fter vorgenommen, den Burgwald, den Kellerwald und das Waldeck-Frankenbergische Bergland genauer kennen zu lernen &#8211; und heute habe ich das ein wenig umgesetzt. In L\u00f6hlbach hab ich mir schon mal eine Karte besorgt, die Nordhessen komplett abdeckt. Bad Wildungen, Fritzlar, Melsungen &#8230;.. wir kommen.<\/p>\n<div style=\"width: 410px\" class=\"wp-caption alignnone\"><img loading=\"lazy\" decoding=\"async\" class=\" \" title=\"Gespann\" src=\"http:\/\/berni.fmode.de\/www\/mz\/gespann500\/2007\/20070708\/pic01.jpg\" alt=\"\" width=\"400\" height=\"300\" \/><p class=\"wp-caption-text\">Morgens um sieben ist der Burgwald noch in Ordnung - hier wabern noch Fr\u00fchnebel auf der herrlichen Nebenstrecke zwischen Rosenthal und Roda. In dieser Gegend fahren noch auffallend viele Lada Niva - \u00dcberbleibsel eines H\u00e4ndlers aus Ernsthausen, bei dem ich vor 20 Jahren auch mal Kunde war. Heute leider geschlossen!<\/p><\/div>\n<div style=\"width: 410px\" class=\"wp-caption alignnone\"><img loading=\"lazy\" decoding=\"async\" class=\" \" title=\"Gespann\" src=\"http:\/\/berni.fmode.de\/www\/mz\/gespann500\/2007\/20070708\/pic02.jpg\" alt=\"\" width=\"400\" height=\"300\" \/><p class=\"wp-caption-text\">Netter Platz bei Geismar, wo es Richtung Haubern angeht (Hallo Wena). Ich fahre allerdings weiter bis L\u00f6hlbach. Habe heute auf gut ausgebauten Bundesstrassen viel Spass, das Gespann geht mehrfach auf \u00fcber 100 km\/h - und da ist noch mehr drin.<\/p><\/div>\n<div style=\"width: 410px\" class=\"wp-caption alignnone\"><img loading=\"lazy\" decoding=\"async\" class=\"  \" title=\"Gespann\" src=\"http:\/\/berni.fmode.de\/www\/mz\/gespann500\/2007\/20070708\/pic03.jpg\" alt=\"\" width=\"400\" height=\"300\" \/><p class=\"wp-caption-text\">In Hundsdorf wird abgebogen in Richtung Bergfreiheit - eine unglaubliche Strecke. Vor Bergfreiheit dann dieses kleine Besucherbergwerk - ist neu f\u00fcr mich und k\u00f6nnte mal aufgesucht werden. Im Ort dann will ich Richtung Niederuff ab, aber die Strasse ist gesperrt. Ein Anwohner winkt mich heran und meint, da k\u00f6nnte ich fahren. Ist nur ein Motorradtreffen und da st\u00f6rt ein Gespann nicht. Dann zeigt er mir noch seinen klasse restaurierten Goggo, ein Coupe, und die alte Yamaha Seca. Vor lauter Schw\u00e4tzen leider kein Bild gemacht.<\/p><\/div>\n<div style=\"width: 410px\" class=\"wp-caption alignnone\"><img loading=\"lazy\" decoding=\"async\" class=\" \" title=\"Gespann\" src=\"http:\/\/berni.fmode.de\/www\/mz\/gespann500\/2007\/20070708\/pic04.jpg\" alt=\"\" width=\"400\" height=\"300\" \/><p class=\"wp-caption-text\">Jetzt nach Bischhausen zum Honda-V\u00f6lker, um &quot;meine&quot; Ducati 900 SS anzugucken und zur Entscheidung zu kommen. Aber zu sp\u00e4t, die sch\u00f6ne Duc ist weg und ich komm um die schwere Entscheidung herum. Weiter durch den Kn\u00fcll in Richtung Alsfeld. In Lingelbach gibts einen Halt am Westerndorf &quot;Lingelcreek&quot; - sehr sch\u00f6ne Anlage. Und f\u00fcr Cowboy Action habe ich durchaus auch Sinn. Denke derzeit sogar ein wenig \u00fcber CAS nach .......<\/p><\/div>\n<div style=\"width: 410px\" class=\"wp-caption alignnone\"><img loading=\"lazy\" decoding=\"async\" class=\" \" title=\"Gespann\" src=\"http:\/\/berni.fmode.de\/www\/mz\/gespann500\/2007\/20070708\/pic05.jpg\" alt=\"\" width=\"400\" height=\"300\" \/><p class=\"wp-caption-text\">\u00dcbers Gr\u00fcndchen und Herbstein fahr ich das Oldtimer Cafe an und halte kurz vor Grebenhain auf dem h\u00f6chsten Punkt. Hier kannst Du bis in die Rh\u00f6n gucken, aber da fahr ich heute nicht mehr hin.<\/p><\/div>\n<div style=\"width: 410px\" class=\"wp-caption alignnone\"><img loading=\"lazy\" decoding=\"async\" class=\" \" title=\"Gespann\" src=\"http:\/\/berni.fmode.de\/www\/mz\/gespann500\/2007\/20070708\/pic06.jpg\" alt=\"\" width=\"400\" height=\"300\" \/><p class=\"wp-caption-text\">Ein paar Schl\u00fcckchen vom isotonischen Getr\u00e4nk, 2 Twix-Riegel und ab ins Cafe. Werde dort auf die gute Currywurst verzichten - gestern bei der Hochzeit gabs eine \u00dcberdosis Fleisch.<\/p><\/div>\n<div style=\"width: 410px\" class=\"wp-caption alignnone\"><img loading=\"lazy\" decoding=\"async\" class=\" \" title=\"Gespann\" src=\"http:\/\/berni.fmode.de\/www\/mz\/gespann500\/2007\/20070708\/pic07.jpg\" alt=\"\" width=\"400\" height=\"300\" \/><p class=\"wp-caption-text\">Am Oldtimer Cafe angekommen treffe ich Andreas, den Kahlgryndigen mit seiner TS 250. War mit Frau und Tochter bei Paul aus dem Russenforum und hat bei dessen Umzug nach Th\u00fcringen (N\u00e4he Vacha) geholfen. Dann kommt noch Martin aus dem Ebsdorfergrund und wir haben eine kurze MZ- und Gespannbau Diskussion. Andreas hat seine TS verkauft und will sich ein SR500-Gespann aufbauen.<\/p><\/div>\n<div style=\"width: 410px\" class=\"wp-caption alignnone\"><img loading=\"lazy\" decoding=\"async\" class=\" \" title=\"Gespann\" src=\"http:\/\/berni.fmode.de\/www\/mz\/gespann500\/2007\/20070708\/pic08.jpg\" alt=\"\" width=\"400\" height=\"300\" \/><p class=\"wp-caption-text\">Und hier mein aktueller Traum: Ein V7-Spezial Gespann. Perfekter Zustand, ein Gespann wie aus dem Bilderbuch. Ob ich doch noch zu Moto Guzzi komme? Bei ebay ist grade eine drin, was eine gute Basis abg\u00e4be .......<\/p><\/div>\n<p>&nbsp;<\/p>\n","protected":false},"excerpt":{"rendered":"<p>Der Samstag war schon sehr sch\u00f6n &#8211; wetterm\u00e4ssig &#8211; aber ich musste auf eine Hochzeit. Da wars aber auch nett. Sonntags dann um kurz nach sieben raus und aufs Gespann. Eine Alternative w\u00e4re eine Fahrt mit Ruth und Egon und &hellip; <a href=\"https:\/\/berni.fmode.de\/wordpress\/?p=472\">Weiterlesen <span class=\"meta-nav\">&rarr;<\/span><\/a><\/p>\n","protected":false},"author":1,"featured_media":0,"comment_status":"closed","ping_status":"closed","sticky":false,"template":"","format":"standard","meta":{"footnotes":""},"categories":[11],"tags":[],"_links":{"self":[{"href":"https:\/\/berni.fmode.de\/wordpress\/index.php?rest_route=\/wp\/v2\/posts\/472"}],"collection":[{"href":"https:\/\/berni.fmode.de\/wordpress\/index.php?rest_route=\/wp\/v2\/posts"}],"about":[{"href":"https:\/\/berni.fmode.de\/wordpress\/index.php?rest_route=\/wp\/v2\/types\/post"}],"author":[{"embeddable":true,"href":"https:\/\/berni.fmode.de\/wordpress\/index.php?rest_route=\/wp\/v2\/users\/1"}],"replies":[{"embeddable":true,"href":"https:\/\/berni.fmode.de\/wordpress\/index.php?rest_route=%2Fwp%2Fv2%2Fcomments&post=472"}],"version-history":[{"count":4,"href":"https:\/\/berni.fmode.de\/wordpress\/index.php?rest_route=\/wp\/v2\/posts\/472\/revisions"}],"predecessor-version":[{"id":6225,"href":"https:\/\/berni.fmode.de\/wordpress\/index.php?rest_route=\/wp\/v2\/posts\/472\/revisions\/6225"}],"wp:attachment":[{"href":"https:\/\/berni.fmode.de\/wordpress\/index.php?rest_route=%2Fwp%2Fv2%2Fmedia&parent=472"}],"wp:term":[{"taxonomy":"category","embeddable":true,"href":"https:\/\/berni.fmode.de\/wordpress\/index.php?rest_route=%2Fwp%2Fv2%2Fcategories&post=472"},{"taxonomy":"post_tag","embeddable":true,"href":"https:\/\/berni.fmode.de\/wordpress\/index.php?rest_route=%2Fwp%2Fv2%2Ftags&post=472"}],"curies":[{"name":"wp","href":"https:\/\/api.w.org\/{rel}","templated":true}]}}