{"id":468,"date":"2007-07-01T10:38:24","date_gmt":"2007-07-01T09:38:24","guid":{"rendered":"http:\/\/berni.fmode.de\/wordpress\/?p=468"},"modified":"2012-02-01T14:52:15","modified_gmt":"2012-02-01T13:52:15","slug":"mit-dem-rotax-gespann-in-die-fuldaer-ecke","status":"publish","type":"post","link":"https:\/\/berni.fmode.de\/wordpress\/?p=468","title":{"rendered":"Mit dem Rotax-Gespann in die Fuldaer Ecke"},"content":{"rendered":"<p><a name=\"20070701\"><\/a>Die prima Gespannfahrt vom Vortage will ich heute noch toppen und hab mir vorgenommen, \u00fcber Schlitz und H\u00fcnfeld ins th\u00fcringische S\u00fcnna zu fahren. Das k\u00f6nnte auch eine Alternative zur Bad Hersfelder Route f\u00fcr die Fahrt zum Forumstreffen in Glesien sein. Aber nat\u00fcrlich kommt alles anders: Komme zwar sch\u00f6n zeitig gegen 8:30 los, aber leide seit morgens unter Kopf- und Ohrenschmerzen. Der Helm scheint den Ohrendruck noch zu verst\u00e4rken. Insgesamt ein Zeichen, dass ich nicht wirklich gut drauf bin, und entsprechend m\u00e4ssig klappt auch die Gespannfahrerei. In Schlitz biege ich ausserdem noch falsch ab und trudle in Richtung Fulda, wo ich eigentlich nicht hin will. Aber dabei entdecke ich derart sch\u00f6ne Strecken, wo ich auch sehr sehr lange nicht gewesen bin, dass ich S\u00fcnna sausen lasse und erstmal in der Gegend bleibe.<\/p>\n<p>Den Moloch Fulda selbst umfahre ich nat\u00fcrlich, aber die Umgebung hat schon was. Ab Kleinen-L\u00fcder halte ich mich dann in Richtung Main-Kinzig-Kreis und fahre nach Birstein, von dort \u00fcbers Seemetal nach Gedern und bin nun in der Wetterau. Dann gehts via Nidda und Laubach zur\u00fcck. Wieder einmal 250 km mit dem Gespann abgerissen, aber heute lange nicht so gut wie gestern. Dazu nerven mich pl\u00f6tzlich die vielen Nebenger\u00e4usche des Gespanns: Die Gabel kreischt in engen Kurven, ebenso der Stossd\u00e4mpfer des Seitenwagens. Das gesamte Boot quietscht und jammert. Das war alles anfangs nicht so, scheint sich langsam so einiges los zu wackeln. Insbesondere an die Seitenwagenfederung muss ich nochmal bei &#8211; hilft nix.<\/p>\n<p>&nbsp;<\/p>\n<div style=\"width: 410px\" class=\"wp-caption alignnone\"><img loading=\"lazy\" decoding=\"async\" class=\" \" title=\"Gespann\" src=\"http:\/\/berni.fmode.de\/www\/mz\/gespann500\/2007\/20070701\/pic01.jpg\" alt=\"\" width=\"400\" height=\"300\" \/><p class=\"wp-caption-text\">Bei Wallenrod wird kurz gehalten. Diese Gegend kenne ich durch ein paar J\u00e4hrchen Hergersdorf nat\u00fcrlich sehr gut.<\/p><\/div>\n<div style=\"width: 410px\" class=\"wp-caption alignnone\"><img loading=\"lazy\" decoding=\"async\" class=\" \" title=\"Gespann\" src=\"http:\/\/berni.fmode.de\/www\/mz\/gespann500\/2007\/20070701\/pic02.jpg\" alt=\"\" width=\"400\" height=\"300\" \/><p class=\"wp-caption-text\">In Schlitz f\u00e4llt mir heute diese alte Leinenweberei besonders auf. Sch\u00f6nes Geb\u00e4ude, aber scheinbar v\u00f6llig ungenutzt.<\/p><\/div>\n<div style=\"width: 410px\" class=\"wp-caption alignnone\"><img loading=\"lazy\" decoding=\"async\" class=\" \" title=\"Gespann\" src=\"http:\/\/berni.fmode.de\/www\/mz\/gespann500\/2007\/20070701\/pic03.jpg\" alt=\"\" width=\"400\" height=\"300\" \/><p class=\"wp-caption-text\">Kurz vor Kleinen-L\u00fcder entdecke diesen netten Rastplatz. Seltsam: Auch hier schraddelt w\u00e4hrend meiner Pause ein Guzzi-Gespann vorbei und zieht souver\u00e4n den Berg hoch. Hmhh.....<\/p><\/div>\n<div style=\"width: 410px\" class=\"wp-caption alignnone\"><img loading=\"lazy\" decoding=\"async\" class=\" \" title=\"Gespann\" src=\"http:\/\/berni.fmode.de\/www\/mz\/gespann500\/2007\/20070701\/pic04.jpg\" alt=\"\" width=\"400\" height=\"300\" \/><p class=\"wp-caption-text\">Der Main-Kinzig-Kreis hat besonders sch\u00f6ne Ortsnamen. Heute passiere ich Mauswinkel, B\u00f6sges\u00e4\u00df und W\u00fcstwillenroth.<\/p><\/div>\n<div style=\"width: 410px\" class=\"wp-caption alignnone\"><img loading=\"lazy\" decoding=\"async\" class=\" \" title=\"Gespann\" src=\"http:\/\/berni.fmode.de\/www\/mz\/gespann500\/2007\/20070701\/pic05.jpg\" alt=\"\" width=\"400\" height=\"300\" \/><p class=\"wp-caption-text\">Das Ende der Tour ist nahe und ich halte bei Laubach, da, wo es auf den alten Schottenring geht. Beobachte etliche vorbeirasende Knieschleifer, einige davon allerdings sehr langsam und in Polizeibegleitung. Ein Yamaha R1-Fahrer aus Fulda h\u00e4lt und wir unterhalten uns fast eine Stunde lang sehr nett. Ist ein LKW-Fahrer, der am Wochenende mit seinem 200 PS Geschoss (Chipgetunt) entspannt und ab und zu damit auf die Rennstrecke geht.<\/p><\/div>\n","protected":false},"excerpt":{"rendered":"<p>Die prima Gespannfahrt vom Vortage will ich heute noch toppen und hab mir vorgenommen, \u00fcber Schlitz und H\u00fcnfeld ins th\u00fcringische S\u00fcnna zu fahren. Das k\u00f6nnte auch eine Alternative zur Bad Hersfelder Route f\u00fcr die Fahrt zum Forumstreffen in Glesien sein. &hellip; <a href=\"https:\/\/berni.fmode.de\/wordpress\/?p=468\">Weiterlesen <span class=\"meta-nav\">&rarr;<\/span><\/a><\/p>\n","protected":false},"author":1,"featured_media":0,"comment_status":"closed","ping_status":"closed","sticky":false,"template":"","format":"standard","meta":{"footnotes":""},"categories":[11],"tags":[],"_links":{"self":[{"href":"https:\/\/berni.fmode.de\/wordpress\/index.php?rest_route=\/wp\/v2\/posts\/468"}],"collection":[{"href":"https:\/\/berni.fmode.de\/wordpress\/index.php?rest_route=\/wp\/v2\/posts"}],"about":[{"href":"https:\/\/berni.fmode.de\/wordpress\/index.php?rest_route=\/wp\/v2\/types\/post"}],"author":[{"embeddable":true,"href":"https:\/\/berni.fmode.de\/wordpress\/index.php?rest_route=\/wp\/v2\/users\/1"}],"replies":[{"embeddable":true,"href":"https:\/\/berni.fmode.de\/wordpress\/index.php?rest_route=%2Fwp%2Fv2%2Fcomments&post=468"}],"version-history":[{"count":3,"href":"https:\/\/berni.fmode.de\/wordpress\/index.php?rest_route=\/wp\/v2\/posts\/468\/revisions"}],"predecessor-version":[{"id":6227,"href":"https:\/\/berni.fmode.de\/wordpress\/index.php?rest_route=\/wp\/v2\/posts\/468\/revisions\/6227"}],"wp:attachment":[{"href":"https:\/\/berni.fmode.de\/wordpress\/index.php?rest_route=%2Fwp%2Fv2%2Fmedia&parent=468"}],"wp:term":[{"taxonomy":"category","embeddable":true,"href":"https:\/\/berni.fmode.de\/wordpress\/index.php?rest_route=%2Fwp%2Fv2%2Fcategories&post=468"},{"taxonomy":"post_tag","embeddable":true,"href":"https:\/\/berni.fmode.de\/wordpress\/index.php?rest_route=%2Fwp%2Fv2%2Ftags&post=468"}],"curies":[{"name":"wp","href":"https:\/\/api.w.org\/{rel}","templated":true}]}}