{"id":466,"date":"2007-06-30T16:46:28","date_gmt":"2007-06-30T15:46:28","guid":{"rendered":"http:\/\/berni.fmode.de\/wordpress\/?p=466"},"modified":"2012-02-01T14:54:34","modified_gmt":"2012-02-01T13:54:34","slug":"selten-besucht-der-lahn-dill-kreis","status":"publish","type":"post","link":"https:\/\/berni.fmode.de\/wordpress\/?p=466","title":{"rendered":"Selten besucht: Der Lahn-Dill-Kreis"},"content":{"rendered":"<p><a name=\"20070630\"><\/a>Die letzte Gespannfahrt ist 14 Tage her &#8211; viel zu lange. F\u00fcr den heutigen Samstag ist Bew\u00f6lkung gemeldet und eher niedrige Temperaturen, und das bei einer Regenwahrscheinlichkeit von nur 13 %. Das ideale Wetter f\u00fcr mich, und ich beschliesse schon am Vortag, nach Wetzlar-Hermannstein zu fahren. Will mir das Hofgut ansehen, wo n\u00e4chste Woche die deutsche Bluesgr\u00f6sse Abi Wallenstein auftritt. Der Lahn-Dill-Kreis (LDK) ist f\u00fcr mich ein Gebiet voller weisser Flecken, da kenn ich fast gar nichts. Das soll aber ab jetzt anders werden.<\/p>\n<p>Zu Wetzlar und dem Lahn-Dill-Kreis im allgemeinen habe ich bisher keine allzu gute Meinung. Wetzlar ist f\u00fcr mich der Moloch mit viel Industrie und voller Schnellstrassen. Und viel mehr kenn ich nicht aus LDK. Aber seit heute weiss ich es besser: Wetzlar ist eine extrem sch\u00f6ne Stadt und der Lahn-Dill-Kreis ist landschaftlich ausgesprochen reizvoll. Nat\u00fcrlich sollte man die Autobahnen und Schnellstrassen um Wetzlar meiden, aber der Rest ist wirklich Klasse. Hermannstein selbst muss ich ein wenig suchen, aber mithilfe der netten Tankstellenverk\u00e4uferin finde ich den Ort. Der allerdings ist zun\u00e4chst ein Kulturschock: Stinkt nach Industrie wie Stadtallendorf, \u00fcberall die h\u00e4sslichen Buderus-Betriebsst\u00e4tten und die Werkswohnungen sehen aus wie daheim im Ruhrpott. Die vielen D\u00f6nerbuden und andere t\u00fcrkische Gesch\u00e4fte wirken ebenfalls sehr Ruhrpott-artig. Aber in Hermannstein gibt es auch noch den alten Kern, und der ist sehr sch\u00f6n. \u00dcber Blasbach gehts dann auf kurvenreichen Bergstr\u00e4sschen in Richtung Biebertal. In Marburg nehme ich die autobahnartige B3 unter die R\u00e4der und fahre \u00fcber 50 km auf dieser Bundesstrasse. Soll ein Test f\u00fcr Glesien sein, denn ich muss mich an Schnellstrassen mit dem Gespann gew\u00f6hnen. Klappt auch ganz gut. Dann \u00fcber die Schwalm zur\u00fcck nach Hause, wo ich gegen 16:00 und nach \u00fcber 300 km ankomme.<\/p>\n<div style=\"width: 410px\" class=\"wp-caption alignnone\"><img loading=\"lazy\" decoding=\"async\" class=\" \" title=\"Gespann\" src=\"http:\/\/berni.fmode.de\/www\/mz\/gespann500\/2007\/20070630\/pic01.jpg\" alt=\"\" width=\"400\" height=\"300\" \/><p class=\"wp-caption-text\">Erster Stop in Grossen-Linden beim Polo-Shop. Schaue mir ein paar Helme an und komme mit einem schwarzen Schuberth Concept zur\u00fcck - der gleiche Helm, den ich seit 2 Jahre fahre. Bin eben sehr zufrieden mit dem Concept, auch wenn er etwas leiser sein k\u00f6nnte. Die alternativen Klapphelme von Nolan und Nexus \u00fcberzeugen mich \u00fcberhaupt nicht.<\/p><\/div>\n<div style=\"width: 410px\" class=\"wp-caption alignnone\"><img loading=\"lazy\" decoding=\"async\" class=\" \" title=\"Gespann\" src=\"http:\/\/berni.fmode.de\/www\/mz\/gespann500\/2007\/20070630\/pic02.jpg\" alt=\"\" width=\"400\" height=\"300\" \/><p class=\"wp-caption-text\">Als bekennender Bl\u00fcmchenpfl\u00fccker schau ich mir ein paar Feldblumen bei Rechtenbach an. Aber um ehrlich zu sein: Grund f\u00fcr den Stop ist eine notwendige Pinkelpause.<\/p><\/div>\n<div style=\"width: 410px\" class=\"wp-caption alignnone\"><img loading=\"lazy\" decoding=\"async\" class=\" \" title=\"Gespann\" src=\"http:\/\/berni.fmode.de\/www\/mz\/gespann500\/2007\/20070630\/pic03.jpg\" alt=\"\" width=\"400\" height=\"300\" \/><p class=\"wp-caption-text\">Wetzlar und Hermannstein habe jetzt schon hinter mir und bin auf dem Weg in Richtung Biebertal. Ein herrliches Fleckchen Erde! Wie man sieht, habe ich meinen neuen schwarzen Helm direkt aufgesetzt. Passt prima und sitzt besser als der 2 Jahre alte.<\/p><\/div>\n<div style=\"width: 410px\" class=\"wp-caption alignnone\"><img loading=\"lazy\" decoding=\"async\" class=\" \" title=\"Gespann\" src=\"http:\/\/berni.fmode.de\/www\/mz\/gespann500\/2007\/20070630\/pic04.jpg\" alt=\"\" width=\"400\" height=\"300\" \/><p class=\"wp-caption-text\">Kleiner Wirtschaftsweg mit herrlicher Aussicht - wie auf der Postkarte.<\/p><\/div>\n<div style=\"width: 410px\" class=\"wp-caption alignnone\"><img loading=\"lazy\" decoding=\"async\" class=\" \" title=\"Gespann\" src=\"http:\/\/berni.fmode.de\/www\/mz\/gespann500\/2007\/20070630\/pic05.jpg\" alt=\"\" width=\"400\" height=\"300\" \/><p class=\"wp-caption-text\">W\u00e4hrend ich so die Gegend und die Kurven beobachte, kommt ein Guzzi-Gespann mit Steib-Nachbau den Berg hinauf gedonnert. Klingt irgendwie viel ruhiger als mein sportlicher Eintopf. Was kommen mir da bloss f\u00fcr seltsame Gedanken an V-Motoren .....<\/p><\/div>\n<div style=\"width: 410px\" class=\"wp-caption alignnone\"><img loading=\"lazy\" decoding=\"async\" class=\" \" title=\"Gespann\" src=\"http:\/\/berni.fmode.de\/www\/mz\/gespann500\/2007\/20070630\/pic06.jpg\" alt=\"\" width=\"400\" height=\"300\" \/><p class=\"wp-caption-text\">Etwas sp\u00e4ter bin ich im Keltendorf auf dem D\u00fcnsberg. Immer wieder faszinierend, diese alten Kollegen.<\/p><\/div>\n<div style=\"width: 410px\" class=\"wp-caption alignnone\"><img loading=\"lazy\" decoding=\"async\" class=\" \" title=\"Gespann\" src=\"http:\/\/berni.fmode.de\/www\/mz\/gespann500\/2007\/20070630\/pic07.jpg\" alt=\"\" width=\"400\" height=\"300\" \/><p class=\"wp-caption-text\">Interessante Gastst\u00e4tte beim Frauenberg nahe Marburg. Mache gerade das Foto, als es direkt hinter mir furchtbar kracht: Im PKW sitzt ein grosser Jagdhund, dem ich wohl etwas zu nahe gekommen bin, denn er springt gewaltig gegen die Heckscheibe. Ist aber sofort wieder beruhigt und sieht mich fast entschuldigend an.<\/p><\/div>\n<div style=\"width: 410px\" class=\"wp-caption alignnone\"><img loading=\"lazy\" decoding=\"async\" class=\" \" title=\"Gespann\" src=\"http:\/\/berni.fmode.de\/www\/mz\/gespann500\/2007\/20070630\/pic08.jpg\" alt=\"\" width=\"400\" height=\"300\" \/><p class=\"wp-caption-text\">In Marburg gehts auf die B3 und dort bleibe ich f\u00fcr 50 km bis Jesberg. Dann wird nach Bischhausen abgebogen, weil ich &quot;meine&quot; Ducati 900 SS beim Hondah\u00e4ndler V\u00f6lker anschauen will. Leider ist das Gesch\u00e4ft schon geschlossen - also weiter nach Ziegenhain. Bei Allendorf kommt mir doch wahrhaftig ein silbernes ETZ-Gespann entgegen - selten genug in unserer Gegend.<\/p><\/div>\n<div style=\"width: 410px\" class=\"wp-caption alignnone\"><img loading=\"lazy\" decoding=\"async\" class=\" \" title=\"Gespann\" src=\"http:\/\/berni.fmode.de\/www\/mz\/gespann500\/2007\/20070630\/pic09.jpg\" alt=\"\" width=\"400\" height=\"300\" \/><p class=\"wp-caption-text\">Dunkle Wolken \u00fcber der Schwalm bei Wasenberg. Aber es bleibt trocken, die paar Tropfen machen nicht mal das Visier richtig nass. Ich liebe es einfach, bei solchem Wetter zu fahren. Die 300 km waren jedenfalls von besonderem Reiz, vor allem, weil ich mal was richtig neues gesehen habe. Aber fest steht eins: LDK - ich komme wieder.<\/p><\/div>\n<p>&nbsp;<\/p>\n","protected":false},"excerpt":{"rendered":"<p>Die letzte Gespannfahrt ist 14 Tage her &#8211; viel zu lange. F\u00fcr den heutigen Samstag ist Bew\u00f6lkung gemeldet und eher niedrige Temperaturen, und das bei einer Regenwahrscheinlichkeit von nur 13 %. Das ideale Wetter f\u00fcr mich, und ich beschliesse schon &hellip; <a href=\"https:\/\/berni.fmode.de\/wordpress\/?p=466\">Weiterlesen <span class=\"meta-nav\">&rarr;<\/span><\/a><\/p>\n","protected":false},"author":1,"featured_media":0,"comment_status":"closed","ping_status":"closed","sticky":false,"template":"","format":"standard","meta":{"footnotes":""},"categories":[11],"tags":[],"_links":{"self":[{"href":"https:\/\/berni.fmode.de\/wordpress\/index.php?rest_route=\/wp\/v2\/posts\/466"}],"collection":[{"href":"https:\/\/berni.fmode.de\/wordpress\/index.php?rest_route=\/wp\/v2\/posts"}],"about":[{"href":"https:\/\/berni.fmode.de\/wordpress\/index.php?rest_route=\/wp\/v2\/types\/post"}],"author":[{"embeddable":true,"href":"https:\/\/berni.fmode.de\/wordpress\/index.php?rest_route=\/wp\/v2\/users\/1"}],"replies":[{"embeddable":true,"href":"https:\/\/berni.fmode.de\/wordpress\/index.php?rest_route=%2Fwp%2Fv2%2Fcomments&post=466"}],"version-history":[{"count":4,"href":"https:\/\/berni.fmode.de\/wordpress\/index.php?rest_route=\/wp\/v2\/posts\/466\/revisions"}],"predecessor-version":[{"id":6228,"href":"https:\/\/berni.fmode.de\/wordpress\/index.php?rest_route=\/wp\/v2\/posts\/466\/revisions\/6228"}],"wp:attachment":[{"href":"https:\/\/berni.fmode.de\/wordpress\/index.php?rest_route=%2Fwp%2Fv2%2Fmedia&parent=466"}],"wp:term":[{"taxonomy":"category","embeddable":true,"href":"https:\/\/berni.fmode.de\/wordpress\/index.php?rest_route=%2Fwp%2Fv2%2Fcategories&post=466"},{"taxonomy":"post_tag","embeddable":true,"href":"https:\/\/berni.fmode.de\/wordpress\/index.php?rest_route=%2Fwp%2Fv2%2Ftags&post=466"}],"curies":[{"name":"wp","href":"https:\/\/api.w.org\/{rel}","templated":true}]}}