{"id":4578,"date":"2008-06-10T10:19:43","date_gmt":"2008-06-10T09:19:43","guid":{"rendered":"http:\/\/berni.fmode.de\/wordpress\/?p=4578"},"modified":"2011-12-09T10:21:14","modified_gmt":"2011-12-09T09:21:14","slug":"ins-buro-das-eisenschwein-als-alltagsfahrzeug","status":"publish","type":"post","link":"https:\/\/berni.fmode.de\/wordpress\/?p=4578","title":{"rendered":"Ins B\u00fcro: Das Eisenschwein als Alltagsfahrzeug"},"content":{"rendered":"<p><a name=\"20080610\"><\/a> Vom 2. bis 11. Juni gab es keine gr\u00f6sseren Fahrten mit dem ES 250\/1 Gespann, aber daf\u00fcr bin ich jeden Tag damit ins B\u00fcro gefahren. Morgens zwischen 5:30 und 6:00 raus, immer einen kleinen Umweg gemacht und so etliche sch\u00f6ne Fahrten in den k\u00fchlen Morgen hinein gehabt. Nachmittags dann meist bei br\u00fctender Hitze wieder los, auch wieder meist mit erheblichen Umwegen nach Hause.<\/p>\n<p>Aus dem neuen B\u00fcro heraus hab ich mein Gespann direkt im Blick. Und es sorgt f\u00fcr Gespr\u00e4chsstoff. Immer wieder sprechen mich Mitarbeiter darauf an. Am besten konnte ich mich mit der h\u00fcbschen jungen Reinigungskraft dar\u00fcber unterhalten. Sie f\u00e4hrt selbst Motorrad und mag das alte Gespann offensichtlich. Eine MZ f\u00f6rdert eben die zwischenmenschlichen Beziehungen.<\/p>\n<div id=\"attachment_4579\" style=\"width: 410px\" class=\"wp-caption alignleft\"><img loading=\"lazy\" decoding=\"async\" aria-describedby=\"caption-attachment-4579\" class=\"size-full wp-image-4579\" title=\"ES\" src=\"https:\/\/berni.fmode.de\/wordpress\/wp-content\/uploads\/pic01210.jpg\" alt=\"\" width=\"400\" height=\"300\" srcset=\"https:\/\/berni.fmode.de\/wordpress\/wp-content\/uploads\/pic01210.jpg 400w, https:\/\/berni.fmode.de\/wordpress\/wp-content\/uploads\/pic01210-300x225.jpg 300w\" sizes=\"(max-width: 400px) 100vw, 400px\" \/><p id=\"caption-attachment-4579\" class=\"wp-caption-text\">Vor und nach dem B\u00fcroalltag fahren wir immer so 20-30 km durch die n\u00e4here Umgebung. Dabei f\u00e4llt der meiste M\u00fcll des Arbeitstages von mir ab. Eisenschweine als Therapie!<\/p><\/div>\n<p>&nbsp;<\/p>\n<p>&nbsp;<\/p>\n","protected":false},"excerpt":{"rendered":"<p>Vom 2. bis 11. Juni gab es keine gr\u00f6sseren Fahrten mit dem ES 250\/1 Gespann, aber daf\u00fcr bin ich jeden Tag damit ins B\u00fcro gefahren. Morgens zwischen 5:30 und 6:00 raus, immer einen kleinen Umweg gemacht und so etliche sch\u00f6ne &hellip; <a href=\"https:\/\/berni.fmode.de\/wordpress\/?p=4578\">Weiterlesen <span class=\"meta-nav\">&rarr;<\/span><\/a><\/p>\n","protected":false},"author":1,"featured_media":0,"comment_status":"closed","ping_status":"closed","sticky":false,"template":"","format":"standard","meta":{"footnotes":""},"categories":[32],"tags":[],"_links":{"self":[{"href":"https:\/\/berni.fmode.de\/wordpress\/index.php?rest_route=\/wp\/v2\/posts\/4578"}],"collection":[{"href":"https:\/\/berni.fmode.de\/wordpress\/index.php?rest_route=\/wp\/v2\/posts"}],"about":[{"href":"https:\/\/berni.fmode.de\/wordpress\/index.php?rest_route=\/wp\/v2\/types\/post"}],"author":[{"embeddable":true,"href":"https:\/\/berni.fmode.de\/wordpress\/index.php?rest_route=\/wp\/v2\/users\/1"}],"replies":[{"embeddable":true,"href":"https:\/\/berni.fmode.de\/wordpress\/index.php?rest_route=%2Fwp%2Fv2%2Fcomments&post=4578"}],"version-history":[{"count":1,"href":"https:\/\/berni.fmode.de\/wordpress\/index.php?rest_route=\/wp\/v2\/posts\/4578\/revisions"}],"predecessor-version":[{"id":4580,"href":"https:\/\/berni.fmode.de\/wordpress\/index.php?rest_route=\/wp\/v2\/posts\/4578\/revisions\/4580"}],"wp:attachment":[{"href":"https:\/\/berni.fmode.de\/wordpress\/index.php?rest_route=%2Fwp%2Fv2%2Fmedia&parent=4578"}],"wp:term":[{"taxonomy":"category","embeddable":true,"href":"https:\/\/berni.fmode.de\/wordpress\/index.php?rest_route=%2Fwp%2Fv2%2Fcategories&post=4578"},{"taxonomy":"post_tag","embeddable":true,"href":"https:\/\/berni.fmode.de\/wordpress\/index.php?rest_route=%2Fwp%2Fv2%2Ftags&post=4578"}],"curies":[{"name":"wp","href":"https:\/\/api.w.org\/{rel}","templated":true}]}}