{"id":4261,"date":"2007-04-09T14:18:32","date_gmt":"2007-04-09T13:18:32","guid":{"rendered":"http:\/\/berni.fmode.de\/wordpress\/?p=4261"},"modified":"2011-12-06T14:23:44","modified_gmt":"2011-12-06T13:23:44","slug":"ein-kleiner-kurs-in-heimatkunde","status":"publish","type":"post","link":"https:\/\/berni.fmode.de\/wordpress\/?p=4261","title":{"rendered":"Ein kleiner Kurs in Heimatkunde"},"content":{"rendered":"<p><a name=\"20070409\"><\/a> Ostermontag und sch\u00f6ns Wetter kann nur heissen: Das Gespann gesattelt und auf gehts. Wie so oft auch diesmal ohne richtiges Ziel, nur dass es mal wieder \u00fcber das Antrifttal gehen soll steht. Aber diesmal gab es ein paar \u00dcberraschungen und es wurde <span style=\"color: #333333;\">ein <a><span style=\"color: #333333;\"> kleiner Kurs in Heimatkunde.<\/span><\/a><\/span><\/p>\n<p>Hab ja schon h\u00e4ufiger beschrieben, wie sch\u00f6n das Antriftal ist. Hat sich auch heute wieder best\u00e4tigt, aber ich hab heute einen weiteren Mikrokosmos durchfahren: Das feuchte Gebiet zwischen Eudorf und Holzburg. Solltet ihr mal durchfahren, und ihr werdet nicht entt\u00e4uscht sein. Ein weiterer Grund f\u00fcr mich: Dort liegt das angegammelte Anwesen mit den Izh Motorr\u00e4dern. War auch heute wieder dort, aber wie so oft hab ich niemanden angetroffen. Aber ich geb nicht auf! Dann gings heute nochmal durchs Schwalmtal, und auch hier gabs Heimatkunde live.<\/p>\n<div id=\"attachment_4262\" style=\"width: 594px\" class=\"wp-caption alignnone\"><a href=\"https:\/\/berni.fmode.de\/wordpress\/wp-content\/uploads\/pic01173.jpg\"><img loading=\"lazy\" decoding=\"async\" aria-describedby=\"caption-attachment-4262\" class=\"size-large wp-image-4262\" title=\"ES\" src=\"https:\/\/berni.fmode.de\/wordpress\/wp-content\/uploads\/pic01173-1024x768.jpg\" alt=\"\" width=\"584\" height=\"438\" srcset=\"https:\/\/berni.fmode.de\/wordpress\/wp-content\/uploads\/pic01173-1024x768.jpg 1024w, https:\/\/berni.fmode.de\/wordpress\/wp-content\/uploads\/pic01173-300x225.jpg 300w, https:\/\/berni.fmode.de\/wordpress\/wp-content\/uploads\/pic01173-400x300.jpg 400w, https:\/\/berni.fmode.de\/wordpress\/wp-content\/uploads\/pic01173.jpg 1600w\" sizes=\"(max-width: 584px) 100vw, 584px\" \/><\/a><p id=\"caption-attachment-4262\" class=\"wp-caption-text\">Nach fast 30 Jahren Vogelsberg heute bei Ohmes entdeckt: Ein Schlachtfeld aus dem 30j\u00e4hrigen Krieg. Und das mir, der ich Heimatkunde schon immer spannend fand. Klick auf das Bild, um die Tafel zu lesen.<\/p><\/div>\n<div id=\"attachment_4263\" style=\"width: 410px\" class=\"wp-caption alignnone\"><img loading=\"lazy\" decoding=\"async\" aria-describedby=\"caption-attachment-4263\" class=\"size-full wp-image-4263\" title=\"ES\" src=\"https:\/\/berni.fmode.de\/wordpress\/wp-content\/uploads\/pic02169.jpg\" alt=\"\" width=\"400\" height=\"300\" srcset=\"https:\/\/berni.fmode.de\/wordpress\/wp-content\/uploads\/pic02169.jpg 400w, https:\/\/berni.fmode.de\/wordpress\/wp-content\/uploads\/pic02169-300x225.jpg 300w\" sizes=\"(max-width: 400px) 100vw, 400px\" \/><p id=\"caption-attachment-4263\" class=\"wp-caption-text\">Das ist die Hochfl\u00e4che, auf der die Schlacht stattfand. Heute sch\u00f6nes gr\u00fcnes Weideland, unter anderem auch f\u00fcr etliche schottische Hochlandrinder.<\/p><\/div>\n<div id=\"attachment_4264\" style=\"width: 410px\" class=\"wp-caption alignnone\"><img loading=\"lazy\" decoding=\"async\" aria-describedby=\"caption-attachment-4264\" class=\"size-full wp-image-4264\" title=\"ES\" src=\"https:\/\/berni.fmode.de\/wordpress\/wp-content\/uploads\/pic03159.jpg\" alt=\"\" width=\"400\" height=\"300\" srcset=\"https:\/\/berni.fmode.de\/wordpress\/wp-content\/uploads\/pic03159.jpg 400w, https:\/\/berni.fmode.de\/wordpress\/wp-content\/uploads\/pic03159-300x225.jpg 300w\" sizes=\"(max-width: 400px) 100vw, 400px\" \/><p id=\"caption-attachment-4264\" class=\"wp-caption-text\">Eine besonders sch\u00f6ne Strasse aus dem Antrifttal zwischen Ohmes und Ruhlkirchen.<\/p><\/div>\n<div id=\"attachment_4265\" style=\"width: 410px\" class=\"wp-caption alignnone\"><img loading=\"lazy\" decoding=\"async\" aria-describedby=\"caption-attachment-4265\" class=\"size-full wp-image-4265\" title=\"ES\" src=\"https:\/\/berni.fmode.de\/wordpress\/wp-content\/uploads\/pic04144.jpg\" alt=\"\" width=\"400\" height=\"300\" srcset=\"https:\/\/berni.fmode.de\/wordpress\/wp-content\/uploads\/pic04144.jpg 400w, https:\/\/berni.fmode.de\/wordpress\/wp-content\/uploads\/pic04144-300x225.jpg 300w\" sizes=\"(max-width: 400px) 100vw, 400px\" \/><p id=\"caption-attachment-4265\" class=\"wp-caption-text\">Blick auf Heidelbach bei Alsfeld.<\/p><\/div>\n<div id=\"attachment_4266\" style=\"width: 410px\" class=\"wp-caption alignnone\"><img loading=\"lazy\" decoding=\"async\" aria-describedby=\"caption-attachment-4266\" class=\"size-full wp-image-4266\" title=\"ES\" src=\"https:\/\/berni.fmode.de\/wordpress\/wp-content\/uploads\/pic05122.jpg\" alt=\"\" width=\"400\" height=\"300\" srcset=\"https:\/\/berni.fmode.de\/wordpress\/wp-content\/uploads\/pic05122.jpg 400w, https:\/\/berni.fmode.de\/wordpress\/wp-content\/uploads\/pic05122-300x225.jpg 300w\" sizes=\"(max-width: 400px) 100vw, 400px\" \/><p id=\"caption-attachment-4266\" class=\"wp-caption-text\">\u00dcber das Schwalmtal dann nach Meiches und dort zum Totenk\u00f6ppel, einem Friedhof mit Kirche mitten im Wald. Bin heute zum dritten Mal hier: Einmal vor 25 Jahren mit der Maico M250B, dann im letzten Jahr mit der Silverstar und heute mit dem Eisenschwein.<\/p><\/div>\n<div id=\"attachment_4267\" style=\"width: 594px\" class=\"wp-caption alignnone\"><a href=\"https:\/\/berni.fmode.de\/wordpress\/wp-content\/uploads\/pic06110.jpg\"><img loading=\"lazy\" decoding=\"async\" aria-describedby=\"caption-attachment-4267\" class=\"size-large wp-image-4267\" title=\"ES\" src=\"https:\/\/berni.fmode.de\/wordpress\/wp-content\/uploads\/pic06110-1024x768.jpg\" alt=\"\" width=\"584\" height=\"438\" srcset=\"https:\/\/berni.fmode.de\/wordpress\/wp-content\/uploads\/pic06110-1024x768.jpg 1024w, https:\/\/berni.fmode.de\/wordpress\/wp-content\/uploads\/pic06110-300x225.jpg 300w, https:\/\/berni.fmode.de\/wordpress\/wp-content\/uploads\/pic06110-400x300.jpg 400w, https:\/\/berni.fmode.de\/wordpress\/wp-content\/uploads\/pic06110.jpg 1600w\" sizes=\"(max-width: 584px) 100vw, 584px\" \/><\/a><p id=\"caption-attachment-4267\" class=\"wp-caption-text\">Auf der Suche nach der Schwalmquelle fahre ich zwischen Meiches und K\u00f6ddingen tief in den Wald und finde diese Beschreibung des &quot;Dicke Steine Weges&quot;. Auch sehr interessant, aber die Schwalmquelle habe ich wieder nicht gefunden, wie schon einmal vor 25 Jahren. Ich bleib aber dran, muss wahrscheinlich noch weiter in den (nat\u00fcrlich gesperrten) Waldweg. Zum Lesen bitte aufs Bild klicken.<\/p><\/div>\n<div id=\"attachment_4268\" style=\"width: 410px\" class=\"wp-caption alignnone\"><img loading=\"lazy\" decoding=\"async\" aria-describedby=\"caption-attachment-4268\" class=\"size-full wp-image-4268\" title=\"ES\" src=\"https:\/\/berni.fmode.de\/wordpress\/wp-content\/uploads\/pic0793.jpg\" alt=\"\" width=\"400\" height=\"300\" srcset=\"https:\/\/berni.fmode.de\/wordpress\/wp-content\/uploads\/pic0793.jpg 400w, https:\/\/berni.fmode.de\/wordpress\/wp-content\/uploads\/pic0793-300x225.jpg 300w\" sizes=\"(max-width: 400px) 100vw, 400px\" \/><p id=\"caption-attachment-4268\" class=\"wp-caption-text\">Einige Flachwurzler haben die Fr\u00fchjahrsst\u00fcrme des Jahres 2007 nicht \u00fcberstanden.<\/p><\/div>\n<p>&nbsp;<\/p>\n","protected":false},"excerpt":{"rendered":"<p>Ostermontag und sch\u00f6ns Wetter kann nur heissen: Das Gespann gesattelt und auf gehts. Wie so oft auch diesmal ohne richtiges Ziel, nur dass es mal wieder \u00fcber das Antrifttal gehen soll steht. Aber diesmal gab es ein paar \u00dcberraschungen und &hellip; <a href=\"https:\/\/berni.fmode.de\/wordpress\/?p=4261\">Weiterlesen <span class=\"meta-nav\">&rarr;<\/span><\/a><\/p>\n","protected":false},"author":1,"featured_media":0,"comment_status":"closed","ping_status":"closed","sticky":false,"template":"","format":"standard","meta":{"footnotes":""},"categories":[32],"tags":[],"_links":{"self":[{"href":"https:\/\/berni.fmode.de\/wordpress\/index.php?rest_route=\/wp\/v2\/posts\/4261"}],"collection":[{"href":"https:\/\/berni.fmode.de\/wordpress\/index.php?rest_route=\/wp\/v2\/posts"}],"about":[{"href":"https:\/\/berni.fmode.de\/wordpress\/index.php?rest_route=\/wp\/v2\/types\/post"}],"author":[{"embeddable":true,"href":"https:\/\/berni.fmode.de\/wordpress\/index.php?rest_route=\/wp\/v2\/users\/1"}],"replies":[{"embeddable":true,"href":"https:\/\/berni.fmode.de\/wordpress\/index.php?rest_route=%2Fwp%2Fv2%2Fcomments&post=4261"}],"version-history":[{"count":1,"href":"https:\/\/berni.fmode.de\/wordpress\/index.php?rest_route=\/wp\/v2\/posts\/4261\/revisions"}],"predecessor-version":[{"id":4269,"href":"https:\/\/berni.fmode.de\/wordpress\/index.php?rest_route=\/wp\/v2\/posts\/4261\/revisions\/4269"}],"wp:attachment":[{"href":"https:\/\/berni.fmode.de\/wordpress\/index.php?rest_route=%2Fwp%2Fv2%2Fmedia&parent=4261"}],"wp:term":[{"taxonomy":"category","embeddable":true,"href":"https:\/\/berni.fmode.de\/wordpress\/index.php?rest_route=%2Fwp%2Fv2%2Fcategories&post=4261"},{"taxonomy":"post_tag","embeddable":true,"href":"https:\/\/berni.fmode.de\/wordpress\/index.php?rest_route=%2Fwp%2Fv2%2Ftags&post=4261"}],"curies":[{"name":"wp","href":"https:\/\/api.w.org\/{rel}","templated":true}]}}