{"id":4246,"date":"2007-03-16T14:07:39","date_gmt":"2007-03-16T13:07:39","guid":{"rendered":"http:\/\/berni.fmode.de\/wordpress\/?p=4246"},"modified":"2011-12-06T14:11:20","modified_gmt":"2011-12-06T13:11:20","slug":"noch-mal-ganz-kurz-aufs-gespann","status":"publish","type":"post","link":"https:\/\/berni.fmode.de\/wordpress\/?p=4246","title":{"rendered":"&#8230; noch mal ganz kurz aufs Gespann"},"content":{"rendered":"<p><a name=\"20070316\"><\/a> Freitag &#8211; endlich Wochenende. Nach der Arbeit gings erst mal an die wirklich wichtigen Dinge des Lebens: Ein paar Stunden Schrauberei am Silverstar-Gespann. Bekam die Gespannstossd\u00e4mpfer mit den Schutzh\u00fclsen zusammen, der SW-Rahmen wurde fertig lackiert und die SW-Bremse neu belegt. Lief alles ganz gut und vor allem ohne jede St\u00f6rung. Aber dann, so gegen 17:30, war Schluss und es ging <span style=\"color: #333333;\"><a><span style=\"color: #333333;\"> noch mal ganz kurz aufs Gespann.<\/span><\/a><\/span><\/p>\n<p>Eigentlich m\u00f6chte ich \u00fcber den Kirtorfer Wald ins Antrifttal, meine Lieblingsecke im Vogelsberg. Aber irgendwie ist mir heute ausgesprochen dormelig, der kommende Wetterwechsel macht mir jetzt schon zu schaffen. Also wird umdisponiert: Zun\u00e4chst bis Ehringshausen und dann \u00fcber diverse M\u00fccker Ortsteile im grossen Bogen zur\u00fcck. Nach 50 km bin ich wieder in der heimischen Werkstatt. Aber immer klarer wird mir, dass ich den Motor wechseln muss. Die Ger\u00e4usche, vermutlich aus dem oberen Pleuellager, werden immer schlimmer. Nicht, dass mir der Motor noch fest geht. Sobald das Silverstar-Gespann durch den T\u00dcV ist, werde ich die Sache angehen. Bei der Gelegenheit werde ich mir auch den polternden Seitenwagen ansehen und mit ein einem neuen oberen Anschlussteil den SW endlich korrekt einstellen.<\/p>\n<div id=\"attachment_4247\" style=\"width: 410px\" class=\"wp-caption alignnone\"><img loading=\"lazy\" decoding=\"async\" aria-describedby=\"caption-attachment-4247\" class=\"size-full wp-image-4247\" title=\"ES\" src=\"https:\/\/berni.fmode.de\/wordpress\/wp-content\/uploads\/pic01171.jpg\" alt=\"\" width=\"400\" height=\"300\" srcset=\"https:\/\/berni.fmode.de\/wordpress\/wp-content\/uploads\/pic01171.jpg 400w, https:\/\/berni.fmode.de\/wordpress\/wp-content\/uploads\/pic01171-300x225.jpg 300w\" sizes=\"(max-width: 400px) 100vw, 400px\" \/><p id=\"caption-attachment-4247\" class=\"wp-caption-text\">Ein Fr\u00fchlingstag wie aus dem Bilderbuch ist dieser 16. M\u00e4rz. Kaum zu glauben, dass es am Wochenende wieder K\u00e4lte und sogar Schnee geben soll. Also nutzen wir diesen Tag - Carpe diem.<\/p><\/div>\n<div id=\"attachment_4248\" style=\"width: 410px\" class=\"wp-caption alignnone\"><img loading=\"lazy\" decoding=\"async\" aria-describedby=\"caption-attachment-4248\" class=\"size-full wp-image-4248\" title=\"ES\" src=\"https:\/\/berni.fmode.de\/wordpress\/wp-content\/uploads\/pic02167.jpg\" alt=\"\" width=\"400\" height=\"300\" srcset=\"https:\/\/berni.fmode.de\/wordpress\/wp-content\/uploads\/pic02167.jpg 400w, https:\/\/berni.fmode.de\/wordpress\/wp-content\/uploads\/pic02167-300x225.jpg 300w\" sizes=\"(max-width: 400px) 100vw, 400px\" \/><p id=\"caption-attachment-4248\" class=\"wp-caption-text\">Die untergehende Sonne zeigt sich als glutroter Ball. M\u00f6chte ich gern auf dem Bild einfangen, aber das misslingt gr\u00fcndlich. Das gut gelungene Sonnenuntergangsbild von neulich war wohl doch reiner Zufall.<\/p><\/div>\n<div id=\"attachment_4249\" style=\"width: 410px\" class=\"wp-caption alignnone\"><img loading=\"lazy\" decoding=\"async\" aria-describedby=\"caption-attachment-4249\" class=\"size-full wp-image-4249\" title=\"ES\" src=\"https:\/\/berni.fmode.de\/wordpress\/wp-content\/uploads\/pic03157.jpg\" alt=\"\" width=\"400\" height=\"300\" srcset=\"https:\/\/berni.fmode.de\/wordpress\/wp-content\/uploads\/pic03157.jpg 400w, https:\/\/berni.fmode.de\/wordpress\/wp-content\/uploads\/pic03157-300x225.jpg 300w\" sizes=\"(max-width: 400px) 100vw, 400px\" \/><p id=\"caption-attachment-4249\" class=\"wp-caption-text\">Sch\u00f6ne ruhige Abendstimmung bei Atzenhain. So k\u00f6nnte es bleiben - wird es aber nicht, ganz sicher nicht.<\/p><\/div>\n<p>&nbsp;<\/p>\n","protected":false},"excerpt":{"rendered":"<p>Freitag &#8211; endlich Wochenende. Nach der Arbeit gings erst mal an die wirklich wichtigen Dinge des Lebens: Ein paar Stunden Schrauberei am Silverstar-Gespann. Bekam die Gespannstossd\u00e4mpfer mit den Schutzh\u00fclsen zusammen, der SW-Rahmen wurde fertig lackiert und die SW-Bremse neu belegt. &hellip; <a href=\"https:\/\/berni.fmode.de\/wordpress\/?p=4246\">Weiterlesen <span class=\"meta-nav\">&rarr;<\/span><\/a><\/p>\n","protected":false},"author":1,"featured_media":0,"comment_status":"closed","ping_status":"closed","sticky":false,"template":"","format":"standard","meta":{"footnotes":""},"categories":[32],"tags":[],"_links":{"self":[{"href":"https:\/\/berni.fmode.de\/wordpress\/index.php?rest_route=\/wp\/v2\/posts\/4246"}],"collection":[{"href":"https:\/\/berni.fmode.de\/wordpress\/index.php?rest_route=\/wp\/v2\/posts"}],"about":[{"href":"https:\/\/berni.fmode.de\/wordpress\/index.php?rest_route=\/wp\/v2\/types\/post"}],"author":[{"embeddable":true,"href":"https:\/\/berni.fmode.de\/wordpress\/index.php?rest_route=\/wp\/v2\/users\/1"}],"replies":[{"embeddable":true,"href":"https:\/\/berni.fmode.de\/wordpress\/index.php?rest_route=%2Fwp%2Fv2%2Fcomments&post=4246"}],"version-history":[{"count":1,"href":"https:\/\/berni.fmode.de\/wordpress\/index.php?rest_route=\/wp\/v2\/posts\/4246\/revisions"}],"predecessor-version":[{"id":4250,"href":"https:\/\/berni.fmode.de\/wordpress\/index.php?rest_route=\/wp\/v2\/posts\/4246\/revisions\/4250"}],"wp:attachment":[{"href":"https:\/\/berni.fmode.de\/wordpress\/index.php?rest_route=%2Fwp%2Fv2%2Fmedia&parent=4246"}],"wp:term":[{"taxonomy":"category","embeddable":true,"href":"https:\/\/berni.fmode.de\/wordpress\/index.php?rest_route=%2Fwp%2Fv2%2Fcategories&post=4246"},{"taxonomy":"post_tag","embeddable":true,"href":"https:\/\/berni.fmode.de\/wordpress\/index.php?rest_route=%2Fwp%2Fv2%2Ftags&post=4246"}],"curies":[{"name":"wp","href":"https:\/\/api.w.org\/{rel}","templated":true}]}}