{"id":3718,"date":"2007-04-11T16:29:38","date_gmt":"2007-04-11T15:29:38","guid":{"rendered":"http:\/\/berni.fmode.de\/wordpress\/?p=3718"},"modified":"2011-11-22T16:50:48","modified_gmt":"2011-11-22T15:50:48","slug":"zum-tuv-nach-grunberg","status":"publish","type":"post","link":"https:\/\/berni.fmode.de\/wordpress\/?p=3718","title":{"rendered":"Zum T\u00dcV nach Gr\u00fcnberg"},"content":{"rendered":"<p><a name=\"20070411\"><\/a> Mittwoch, Resturlaub, Sonne: Eine gute Gelegenheit, die 500 R durch den in diesem Monat f\u00e4lligen T\u00dcV-Termin zu bringen. Um 10:00 gehts los, erstmal 30 km warmfahren und dann <span style=\"color: #333333;\"><a><span style=\"color: #333333;\"> zum T\u00dcV nach Gr\u00fcnberg.<\/span><\/a><\/span><\/p>\n<p>F\u00fcr Gr\u00fcnberger Verh\u00e4ltnisse ist beim T\u00dcV im Industriegebiet richtig was los, immerhin 3 Leute vor mir. Der junge Pr\u00fcfer, der schon mein ES-Gespann abgenommen hat, nimm sich auch die 500 R vor. An der Maschine ist eigentlich alles in Ordnung und ich fahre mit gutem Gef\u00fchl vor. Aber halt, die Soziusfussrasten fehlen! Die waren noch nie dran, seit ich die Maschine habe, das k\u00f6nnte Mecker geben. Aber der Pr\u00fcfer merkts nicht oder will es nicht merken. Auch die AU wird mit 3,3% ordentlich bestanden. Es gibt also den Stempel bis 2009. Nebenbei mach ich noch einen Termin in 2 Tagen f\u00fcr das Silverstar-Gespann. Das wird sicher schwieriger. Dann gehts bei herrlichem Sonnenschein noch etwas durchs Hinterland (Raum Gladenbach, Biedenkopf, Lasphe) und es gelingt, aus den 20 km zum T\u00dcV und zur\u00fcck deutlich \u00fcber 200 km zu machen.<\/p>\n<div id=\"attachment_3719\" style=\"width: 410px\" class=\"wp-caption alignnone\"><img loading=\"lazy\" decoding=\"async\" aria-describedby=\"caption-attachment-3719\" class=\"size-full wp-image-3719\" title=\"500R\" src=\"https:\/\/berni.fmode.de\/wordpress\/wp-content\/uploads\/pic01130.jpg\" alt=\"\" width=\"400\" height=\"300\" srcset=\"https:\/\/berni.fmode.de\/wordpress\/wp-content\/uploads\/pic01130.jpg 400w, https:\/\/berni.fmode.de\/wordpress\/wp-content\/uploads\/pic01130-300x225.jpg 300w\" sizes=\"(max-width: 400px) 100vw, 400px\" \/><p id=\"caption-attachment-3719\" class=\"wp-caption-text\">Vor dem T\u00dcV-Termin noch einmal kurz in die B\u00fcsche an diesem abgelegenen Fischteich in der N\u00e4he von Bleidenrod.<\/p><\/div>\n<div id=\"attachment_3720\" style=\"width: 410px\" class=\"wp-caption alignnone\"><img loading=\"lazy\" decoding=\"async\" aria-describedby=\"caption-attachment-3720\" class=\"size-full wp-image-3720\" title=\"500R\" src=\"https:\/\/berni.fmode.de\/wordpress\/wp-content\/uploads\/pic02128.jpg\" alt=\"\" width=\"400\" height=\"300\" srcset=\"https:\/\/berni.fmode.de\/wordpress\/wp-content\/uploads\/pic02128.jpg 400w, https:\/\/berni.fmode.de\/wordpress\/wp-content\/uploads\/pic02128-300x225.jpg 300w\" sizes=\"(max-width: 400px) 100vw, 400px\" \/><p id=\"caption-attachment-3720\" class=\"wp-caption-text\">Der T\u00dcV in Gr\u00fcnberg, fast direkt neben meiner Arbeitsst\u00e4tte (wo ich heute zum Gl\u00fcck nicht hin muss). Klein aber fein und sehr praktisch. Und bisher nur wirklich nette Pr\u00fcfer dort erlebt, wie auch heute wieder.<\/p><\/div>\n<div id=\"attachment_3721\" style=\"width: 410px\" class=\"wp-caption alignnone\"><img loading=\"lazy\" decoding=\"async\" aria-describedby=\"caption-attachment-3721\" class=\"size-full wp-image-3721\" title=\"500R\" src=\"https:\/\/berni.fmode.de\/wordpress\/wp-content\/uploads\/pic03119.jpg\" alt=\"\" width=\"400\" height=\"300\" srcset=\"https:\/\/berni.fmode.de\/wordpress\/wp-content\/uploads\/pic03119.jpg 400w, https:\/\/berni.fmode.de\/wordpress\/wp-content\/uploads\/pic03119-300x225.jpg 300w\" sizes=\"(max-width: 400px) 100vw, 400px\" \/><p id=\"caption-attachment-3721\" class=\"wp-caption-text\">T\u00dcV-Pr\u00fcfung ohne M\u00e4ngel bestanden und wieder f\u00fcr 2 Jahre Ruhe. Einzig die Frage, ob der Sebring-Auspuff auch eingetragen sei, sorgte bei mir kurzzeitig f\u00fcr Verbl\u00fcffung.<\/p><\/div>\n<div id=\"attachment_3722\" style=\"width: 410px\" class=\"wp-caption alignnone\"><img loading=\"lazy\" decoding=\"async\" aria-describedby=\"caption-attachment-3722\" class=\"size-full wp-image-3722\" title=\"500R\" src=\"https:\/\/berni.fmode.de\/wordpress\/wp-content\/uploads\/pic04110.jpg\" alt=\"\" width=\"400\" height=\"300\" srcset=\"https:\/\/berni.fmode.de\/wordpress\/wp-content\/uploads\/pic04110.jpg 400w, https:\/\/berni.fmode.de\/wordpress\/wp-content\/uploads\/pic04110-300x225.jpg 300w\" sizes=\"(max-width: 400px) 100vw, 400px\" \/><p id=\"caption-attachment-3722\" class=\"wp-caption-text\">Und jetzt rund 200 km durchs Hinterland, ein Test f\u00fcr das Fr\u00fchjahrstreffen in Mandeln. Jetzt wirds aber ruckzuck richtig warm, die B\u00e4ume und B\u00fcsche beginnen zu bl\u00fchen.<\/p><\/div>\n<div id=\"attachment_3723\" style=\"width: 410px\" class=\"wp-caption alignnone\"><img loading=\"lazy\" decoding=\"async\" aria-describedby=\"caption-attachment-3723\" class=\"size-full wp-image-3723\" title=\"5000R\" src=\"https:\/\/berni.fmode.de\/wordpress\/wp-content\/uploads\/pic0595.jpg\" alt=\"\" width=\"400\" height=\"300\" srcset=\"https:\/\/berni.fmode.de\/wordpress\/wp-content\/uploads\/pic0595.jpg 400w, https:\/\/berni.fmode.de\/wordpress\/wp-content\/uploads\/pic0595-300x225.jpg 300w\" sizes=\"(max-width: 400px) 100vw, 400px\" \/><p id=\"caption-attachment-3723\" class=\"wp-caption-text\">Zur\u00fcck im Vogelsberg wirkt alles noch viel weniger fr\u00fchlingshaft. Aber abwarten, das wird auch noch. Man bedenke, dass hier um das Jahr 800 v.Chr. noch einmal eine kleine Zwischeneiszeit herrschte.<\/p><\/div>\n<div id=\"attachment_3724\" style=\"width: 410px\" class=\"wp-caption alignnone\"><img loading=\"lazy\" decoding=\"async\" aria-describedby=\"caption-attachment-3724\" class=\"size-full wp-image-3724\" title=\"500R\" src=\"https:\/\/berni.fmode.de\/wordpress\/wp-content\/uploads\/pic0687.jpg\" alt=\"\" width=\"400\" height=\"300\" srcset=\"https:\/\/berni.fmode.de\/wordpress\/wp-content\/uploads\/pic0687.jpg 400w, https:\/\/berni.fmode.de\/wordpress\/wp-content\/uploads\/pic0687-300x225.jpg 300w\" sizes=\"(max-width: 400px) 100vw, 400px\" \/><p id=\"caption-attachment-3724\" class=\"wp-caption-text\">Zur\u00fcck daheim gibts direkt einen &quot;Pferdewechsel&quot;: Muss noch einen Einkauf machen und schnapp mir das Gespann f\u00fcr die Fahrt nach Mardorf.<\/p><\/div>\n<div id=\"attachment_3725\" style=\"width: 410px\" class=\"wp-caption alignnone\"><img loading=\"lazy\" decoding=\"async\" aria-describedby=\"caption-attachment-3725\" class=\"size-full wp-image-3725\" title=\"500R\" src=\"https:\/\/berni.fmode.de\/wordpress\/wp-content\/uploads\/pic0773.jpg\" alt=\"\" width=\"400\" height=\"300\" srcset=\"https:\/\/berni.fmode.de\/wordpress\/wp-content\/uploads\/pic0773.jpg 400w, https:\/\/berni.fmode.de\/wordpress\/wp-content\/uploads\/pic0773-300x225.jpg 300w\" sizes=\"(max-width: 400px) 100vw, 400px\" \/><p id=\"caption-attachment-3725\" class=\"wp-caption-text\">F\u00fcr die wichtigen Dinge des Lebens ist ein Gespann einfach ideal. Nat\u00fcrlich bleibt es nicht bei der kleinen Einkaufsfahrt, auch daraus werden knappe 100 km.<\/p><\/div>\n<p>&nbsp;<\/p>\n","protected":false},"excerpt":{"rendered":"<p>Mittwoch, Resturlaub, Sonne: Eine gute Gelegenheit, die 500 R durch den in diesem Monat f\u00e4lligen T\u00dcV-Termin zu bringen. Um 10:00 gehts los, erstmal 30 km warmfahren und dann zum T\u00dcV nach Gr\u00fcnberg. F\u00fcr Gr\u00fcnberger Verh\u00e4ltnisse ist beim T\u00dcV im Industriegebiet &hellip; <a href=\"https:\/\/berni.fmode.de\/wordpress\/?p=3718\">Weiterlesen <span class=\"meta-nav\">&rarr;<\/span><\/a><\/p>\n","protected":false},"author":1,"featured_media":0,"comment_status":"closed","ping_status":"closed","sticky":false,"template":"","format":"standard","meta":{"footnotes":""},"categories":[31],"tags":[],"_links":{"self":[{"href":"https:\/\/berni.fmode.de\/wordpress\/index.php?rest_route=\/wp\/v2\/posts\/3718"}],"collection":[{"href":"https:\/\/berni.fmode.de\/wordpress\/index.php?rest_route=\/wp\/v2\/posts"}],"about":[{"href":"https:\/\/berni.fmode.de\/wordpress\/index.php?rest_route=\/wp\/v2\/types\/post"}],"author":[{"embeddable":true,"href":"https:\/\/berni.fmode.de\/wordpress\/index.php?rest_route=\/wp\/v2\/users\/1"}],"replies":[{"embeddable":true,"href":"https:\/\/berni.fmode.de\/wordpress\/index.php?rest_route=%2Fwp%2Fv2%2Fcomments&post=3718"}],"version-history":[{"count":1,"href":"https:\/\/berni.fmode.de\/wordpress\/index.php?rest_route=\/wp\/v2\/posts\/3718\/revisions"}],"predecessor-version":[{"id":3726,"href":"https:\/\/berni.fmode.de\/wordpress\/index.php?rest_route=\/wp\/v2\/posts\/3718\/revisions\/3726"}],"wp:attachment":[{"href":"https:\/\/berni.fmode.de\/wordpress\/index.php?rest_route=%2Fwp%2Fv2%2Fmedia&parent=3718"}],"wp:term":[{"taxonomy":"category","embeddable":true,"href":"https:\/\/berni.fmode.de\/wordpress\/index.php?rest_route=%2Fwp%2Fv2%2Fcategories&post=3718"},{"taxonomy":"post_tag","embeddable":true,"href":"https:\/\/berni.fmode.de\/wordpress\/index.php?rest_route=%2Fwp%2Fv2%2Ftags&post=3718"}],"curies":[{"name":"wp","href":"https:\/\/api.w.org\/{rel}","templated":true}]}}