{"id":3688,"date":"2007-03-04T15:14:24","date_gmt":"2007-03-04T14:14:24","guid":{"rendered":"http:\/\/berni.fmode.de\/wordpress\/?p=3688"},"modified":"2011-11-22T15:41:53","modified_gmt":"2011-11-22T14:41:53","slug":"in-den-kreis-waldeckfrankenberg","status":"publish","type":"post","link":"https:\/\/berni.fmode.de\/wordpress\/?p=3688","title":{"rendered":"In den Kreis Waldeck\/Frankenberg"},"content":{"rendered":"<p><a name=\"20070304\"><\/a> Der Wetterbericht hat es bereits angek\u00fcndigt, und um 8:00 scheint es sich zu best\u00e4tigen: Heute soll ein sonniger Tag werden mit einer sehr geringen Regenwahrscheinlichkeit. Da kann ich wohl die f\u00e4llige Probefahrt mit der 500 R machen. Mal sehen, ob die Elektrik jetzt stimmt und der Drehzahlmesser korrekt anzeigt. Aber erst noch ein kleiner Spaziergang, dann den Velorex-Rahmen nochmal mit Rostumwandler behandelt, aber dann, kurz nach 9:00 kanns losgehen. Leider nicht ganz: Egon hat seine F 800 direkt vor meiner MZ-Ecke abgestellt und die M\u00f6hre auch noch abgeschlossen. Komm ich so einfach nicht vorbei, erst den Kompressor zur Seite r\u00e4umen, dann die 500 R messerscharf zwischen F 800 und ES 250\/1 Gespann vorbei zirkeln. Knapp, aber passt. Aber es zeigt, dass ich unbedingt meine eigene Werkstatt brauch: Der Anbau zwischen den H\u00e4usern muss jetzt kommen. <span style=\"color: #333333;\">Aber jetzt erstmal <a><span style=\"color: #333333;\"> in den Kreis Waldeck\/Frankenberg.<\/span><\/a><\/span><\/p>\n<p>Klar, dass die Strassen zun\u00e4chst noch fast \u00fcberall nass sind, aber das wird von Minute zu Minute besser. Dennoch Obacht, denn bis ca. 11:00 ist in den Waldst\u00fccken immer noch, und das recht h\u00e4ufig, mit N\u00e4sse zu rechnen. Auf den sch\u00f6nsten Strecken ist es nat\u00fcrlich besonders feucht, aber egal, dann wird eben etwas sinnig gefahren. Leider hab ich es an zwei Orten vers\u00e4umt, Bilder zu machen: Zuerst in Haubern, hier wohnt Wen\u00e4 aus dem MZ-Forum. Kurve einmal durch den zugegebenermassen kleinen Ort und entdecke sehr schnell einen Transporter mit MZ-Aufkleber und ein herrlich grosses Werkstattgeb\u00e4ude mit dem Konterfei von &#8222;Wen\u00e4&#8220;. Hier muss der Foristi wohnen. Aber es ist Sonntag Morgen und alles sieht noch sehr ruhig aus, da will ich nicht klingeln und st\u00f6ren. Aber beim n\u00e4chsten mal, weiss ja jetzt, wo es ist.<br \/>\nUnd dann sehe ich an einem kleinen H\u00e4uschen vor Eudorf etliche Motorr\u00e4der zwischen den B\u00fcschen und B\u00e4umen stehen. Anhalten und nachschauen: Eine Izh Jupiter, ein Russen-Beiwagen, 2 Japaner und diverse nicht erkennbare Ostmotorr\u00e4der. Alles zugewuchert und mit Moos bewachsen. Ein junger Typ macht da rum, den frage ich nach einer Izh Planeta (mein unerf\u00fcllter Traum). Aber er weiss nicht so recht Bescheid. Ich soll seine Freundin anrufen, die managt das ganze. Er erz\u00e4hlt mir, dass sie ab und zu eines der Motorr\u00e4der fertig machen und verkaufen und gibt mir eine Handynummer. Mal sehen, vielleicht rufe ich mal an und komme so zu meiner Planeta.<\/p>\n<div id=\"attachment_3689\" style=\"width: 510px\" class=\"wp-caption alignnone\"><img loading=\"lazy\" decoding=\"async\" aria-describedby=\"caption-attachment-3689\" class=\"size-full wp-image-3689\" title=\"500R\" src=\"https:\/\/berni.fmode.de\/wordpress\/wp-content\/uploads\/pic01127.jpg\" alt=\"\" width=\"500\" height=\"375\" srcset=\"https:\/\/berni.fmode.de\/wordpress\/wp-content\/uploads\/pic01127.jpg 500w, https:\/\/berni.fmode.de\/wordpress\/wp-content\/uploads\/pic01127-300x225.jpg 300w, https:\/\/berni.fmode.de\/wordpress\/wp-content\/uploads\/pic01127-400x300.jpg 400w\" sizes=\"(max-width: 500px) 100vw, 500px\" \/><p id=\"caption-attachment-3689\" class=\"wp-caption-text\">Erster Stop nach 60 km bei Bottendorf, kurz vor Frankenberg. Mein Elektrik-Einsatz vom Vortag scheint erfolgreich gewesen zu sein: Alles funktioniert, der DZM zeigt ordentlich an, meine neue Lichtschaltung tuts auch. Na prima!<\/p><\/div>\n<div id=\"attachment_3690\" style=\"width: 510px\" class=\"wp-caption alignnone\"><img loading=\"lazy\" decoding=\"async\" aria-describedby=\"caption-attachment-3690\" class=\"size-full wp-image-3690\" title=\"500R\" src=\"https:\/\/berni.fmode.de\/wordpress\/wp-content\/uploads\/pic02125.jpg\" alt=\"\" width=\"500\" height=\"375\" srcset=\"https:\/\/berni.fmode.de\/wordpress\/wp-content\/uploads\/pic02125.jpg 500w, https:\/\/berni.fmode.de\/wordpress\/wp-content\/uploads\/pic02125-300x225.jpg 300w, https:\/\/berni.fmode.de\/wordpress\/wp-content\/uploads\/pic02125-400x300.jpg 400w\" sizes=\"(max-width: 500px) 100vw, 500px\" \/><p id=\"caption-attachment-3690\" class=\"wp-caption-text\">Das Rathaus von Frankenberg ist wirklich besonders sch\u00f6n. War ja fr\u00fcher wirklich sehr h\u00e4ufig hier, aber da war dieses Geb\u00e4ude noch nicht renoviert und ist mir eigentlich \u00fcberhaupt nicht aufgefallen.<\/p><\/div>\n<div id=\"attachment_3691\" style=\"width: 510px\" class=\"wp-caption alignnone\"><img loading=\"lazy\" decoding=\"async\" aria-describedby=\"caption-attachment-3691\" class=\"size-full wp-image-3691\" title=\"500R\" src=\"https:\/\/berni.fmode.de\/wordpress\/wp-content\/uploads\/pic03116.jpg\" alt=\"\" width=\"500\" height=\"375\" srcset=\"https:\/\/berni.fmode.de\/wordpress\/wp-content\/uploads\/pic03116.jpg 500w, https:\/\/berni.fmode.de\/wordpress\/wp-content\/uploads\/pic03116-300x225.jpg 300w, https:\/\/berni.fmode.de\/wordpress\/wp-content\/uploads\/pic03116-400x300.jpg 400w\" sizes=\"(max-width: 500px) 100vw, 500px\" \/><p id=\"caption-attachment-3691\" class=\"wp-caption-text\">Nicht nur das Rathaus, der gesamte historische Marktplatz ist sehenswert. Frage hier zum ersten mal nach dem Ortsteil Haubern, aber von den 2 Passanten weiss keiner so recht, wo es lang geht.<\/p><\/div>\n<div id=\"attachment_3692\" style=\"width: 510px\" class=\"wp-caption alignnone\"><img loading=\"lazy\" decoding=\"async\" aria-describedby=\"caption-attachment-3692\" class=\"size-full wp-image-3692\" title=\"500R\" src=\"https:\/\/berni.fmode.de\/wordpress\/wp-content\/uploads\/pic04108.jpg\" alt=\"\" width=\"500\" height=\"375\" srcset=\"https:\/\/berni.fmode.de\/wordpress\/wp-content\/uploads\/pic04108.jpg 500w, https:\/\/berni.fmode.de\/wordpress\/wp-content\/uploads\/pic04108-300x225.jpg 300w, https:\/\/berni.fmode.de\/wordpress\/wp-content\/uploads\/pic04108-400x300.jpg 400w\" sizes=\"(max-width: 500px) 100vw, 500px\" \/><p id=\"caption-attachment-3692\" class=\"wp-caption-text\">Jetzt bin ich schon ein ganzes St\u00fcck weiter, hab Haubern gefunden. Liegt so grob zwischen Frankenberg, Haina und Rosental. M\u00fcsste ich eigentlich aus meiner Langendorfer Zeit kennen, aber da war nix gespeichert. Hier eine Pause zwischen Bad Wildungen und Bad Zwesten. Die Sonne brennt bei diesem Stop dermassen, dass es mir fast unheimlich wird. Klimakatastrophe?<\/p><\/div>\n<div id=\"attachment_3693\" style=\"width: 510px\" class=\"wp-caption alignnone\"><img loading=\"lazy\" decoding=\"async\" aria-describedby=\"caption-attachment-3693\" class=\"size-full wp-image-3693\" title=\"500R\" src=\"https:\/\/berni.fmode.de\/wordpress\/wp-content\/uploads\/pic0593.jpg\" alt=\"\" width=\"500\" height=\"375\" srcset=\"https:\/\/berni.fmode.de\/wordpress\/wp-content\/uploads\/pic0593.jpg 500w, https:\/\/berni.fmode.de\/wordpress\/wp-content\/uploads\/pic0593-300x225.jpg 300w, https:\/\/berni.fmode.de\/wordpress\/wp-content\/uploads\/pic0593-400x300.jpg 400w\" sizes=\"(max-width: 500px) 100vw, 500px\" \/><p id=\"caption-attachment-3693\" class=\"wp-caption-text\">In Schwalmstadt-Trutzhain steht dieses ehemailge Nazi-Arbeitslager als Mahnmal und Museum. Hab ich echt nichts von gewusst!<\/p><\/div>\n<div id=\"attachment_3694\" style=\"width: 510px\" class=\"wp-caption alignnone\"><img loading=\"lazy\" decoding=\"async\" aria-describedby=\"caption-attachment-3694\" class=\"size-full wp-image-3694\" title=\"500R\" src=\"https:\/\/berni.fmode.de\/wordpress\/wp-content\/uploads\/pic0685.jpg\" alt=\"\" width=\"500\" height=\"375\" srcset=\"https:\/\/berni.fmode.de\/wordpress\/wp-content\/uploads\/pic0685.jpg 500w, https:\/\/berni.fmode.de\/wordpress\/wp-content\/uploads\/pic0685-300x225.jpg 300w, https:\/\/berni.fmode.de\/wordpress\/wp-content\/uploads\/pic0685-400x300.jpg 400w\" sizes=\"(max-width: 500px) 100vw, 500px\" \/><p id=\"caption-attachment-3694\" class=\"wp-caption-text\">Bei Hattendorf im Altkreis Alsfeld steht dieses gewaltige Anwesen weit ausserhalb der Ortschaft in herrlichster Umgebung.<\/p><\/div>\n<div id=\"attachment_3695\" style=\"width: 510px\" class=\"wp-caption alignnone\"><img loading=\"lazy\" decoding=\"async\" aria-describedby=\"caption-attachment-3695\" class=\"size-full wp-image-3695\" title=\"500R\" src=\"https:\/\/berni.fmode.de\/wordpress\/wp-content\/uploads\/pic0771.jpg\" alt=\"\" width=\"500\" height=\"375\" srcset=\"https:\/\/berni.fmode.de\/wordpress\/wp-content\/uploads\/pic0771.jpg 500w, https:\/\/berni.fmode.de\/wordpress\/wp-content\/uploads\/pic0771-300x225.jpg 300w, https:\/\/berni.fmode.de\/wordpress\/wp-content\/uploads\/pic0771-400x300.jpg 400w\" sizes=\"(max-width: 500px) 100vw, 500px\" \/><p id=\"caption-attachment-3695\" class=\"wp-caption-text\">In den letzten Tagen kam ja verdammt viel Wasser runter, und entsprechend sieht diese Senke bei Heidelbach aus.<\/p><\/div>\n<div id=\"attachment_3696\" style=\"width: 510px\" class=\"wp-caption alignnone\"><img loading=\"lazy\" decoding=\"async\" aria-describedby=\"caption-attachment-3696\" class=\"size-full wp-image-3696\" title=\"500R\" src=\"https:\/\/berni.fmode.de\/wordpress\/wp-content\/uploads\/pic0867.jpg\" alt=\"\" width=\"500\" height=\"375\" srcset=\"https:\/\/berni.fmode.de\/wordpress\/wp-content\/uploads\/pic0867.jpg 500w, https:\/\/berni.fmode.de\/wordpress\/wp-content\/uploads\/pic0867-300x225.jpg 300w, https:\/\/berni.fmode.de\/wordpress\/wp-content\/uploads\/pic0867-400x300.jpg 400w\" sizes=\"(max-width: 500px) 100vw, 500px\" \/><p id=\"caption-attachment-3696\" class=\"wp-caption-text\">Immer wieder sch\u00f6n ist eine Fahrt durch das Antrifttal, hier zwischen Vockenrod und Ruhlkirchen.<\/p><\/div>\n<div id=\"attachment_3697\" style=\"width: 510px\" class=\"wp-caption alignnone\"><img loading=\"lazy\" decoding=\"async\" aria-describedby=\"caption-attachment-3697\" class=\"size-full wp-image-3697\" title=\"500R\" src=\"https:\/\/berni.fmode.de\/wordpress\/wp-content\/uploads\/pic0951.jpg\" alt=\"\" width=\"500\" height=\"375\" srcset=\"https:\/\/berni.fmode.de\/wordpress\/wp-content\/uploads\/pic0951.jpg 500w, https:\/\/berni.fmode.de\/wordpress\/wp-content\/uploads\/pic0951-300x225.jpg 300w, https:\/\/berni.fmode.de\/wordpress\/wp-content\/uploads\/pic0951-400x300.jpg 400w\" sizes=\"(max-width: 500px) 100vw, 500px\" \/><p id=\"caption-attachment-3697\" class=\"wp-caption-text\">Lamaherde in Deckenbach! Was es nicht alles gibt ikm Vogelsberg! Muss ich anhalten und ein wenig mit den Tieren reden.<\/p><\/div>\n<div id=\"attachment_3698\" style=\"width: 510px\" class=\"wp-caption alignnone\"><img loading=\"lazy\" decoding=\"async\" aria-describedby=\"caption-attachment-3698\" class=\"size-full wp-image-3698\" title=\"500R\" src=\"https:\/\/berni.fmode.de\/wordpress\/wp-content\/uploads\/pic1045.jpg\" alt=\"\" width=\"500\" height=\"375\" srcset=\"https:\/\/berni.fmode.de\/wordpress\/wp-content\/uploads\/pic1045.jpg 500w, https:\/\/berni.fmode.de\/wordpress\/wp-content\/uploads\/pic1045-300x225.jpg 300w, https:\/\/berni.fmode.de\/wordpress\/wp-content\/uploads\/pic1045-400x300.jpg 400w\" sizes=\"(max-width: 500px) 100vw, 500px\" \/><p id=\"caption-attachment-3698\" class=\"wp-caption-text\">Lamas sind wundersch\u00f6ne Tiere, diese hier auch sehr zutraulich. Kann ihre samtweichen Nasen streicheln und das kuschelige Fell. Hoffe, die Lamas (oder sind es Alpakas?) m\u00fcssen nur ihre Wolle abliefern!<\/p><\/div>\n<p>&nbsp;<\/p>\n","protected":false},"excerpt":{"rendered":"<p>Der Wetterbericht hat es bereits angek\u00fcndigt, und um 8:00 scheint es sich zu best\u00e4tigen: Heute soll ein sonniger Tag werden mit einer sehr geringen Regenwahrscheinlichkeit. Da kann ich wohl die f\u00e4llige Probefahrt mit der 500 R machen. Mal sehen, ob &hellip; <a href=\"https:\/\/berni.fmode.de\/wordpress\/?p=3688\">Weiterlesen <span class=\"meta-nav\">&rarr;<\/span><\/a><\/p>\n","protected":false},"author":1,"featured_media":0,"comment_status":"closed","ping_status":"closed","sticky":false,"template":"","format":"standard","meta":{"footnotes":""},"categories":[31],"tags":[],"_links":{"self":[{"href":"https:\/\/berni.fmode.de\/wordpress\/index.php?rest_route=\/wp\/v2\/posts\/3688"}],"collection":[{"href":"https:\/\/berni.fmode.de\/wordpress\/index.php?rest_route=\/wp\/v2\/posts"}],"about":[{"href":"https:\/\/berni.fmode.de\/wordpress\/index.php?rest_route=\/wp\/v2\/types\/post"}],"author":[{"embeddable":true,"href":"https:\/\/berni.fmode.de\/wordpress\/index.php?rest_route=\/wp\/v2\/users\/1"}],"replies":[{"embeddable":true,"href":"https:\/\/berni.fmode.de\/wordpress\/index.php?rest_route=%2Fwp%2Fv2%2Fcomments&post=3688"}],"version-history":[{"count":1,"href":"https:\/\/berni.fmode.de\/wordpress\/index.php?rest_route=\/wp\/v2\/posts\/3688\/revisions"}],"predecessor-version":[{"id":3699,"href":"https:\/\/berni.fmode.de\/wordpress\/index.php?rest_route=\/wp\/v2\/posts\/3688\/revisions\/3699"}],"wp:attachment":[{"href":"https:\/\/berni.fmode.de\/wordpress\/index.php?rest_route=%2Fwp%2Fv2%2Fmedia&parent=3688"}],"wp:term":[{"taxonomy":"category","embeddable":true,"href":"https:\/\/berni.fmode.de\/wordpress\/index.php?rest_route=%2Fwp%2Fv2%2Fcategories&post=3688"},{"taxonomy":"post_tag","embeddable":true,"href":"https:\/\/berni.fmode.de\/wordpress\/index.php?rest_route=%2Fwp%2Fv2%2Ftags&post=3688"}],"curies":[{"name":"wp","href":"https:\/\/api.w.org\/{rel}","templated":true}]}}