{"id":3433,"date":"2007-11-16T18:12:45","date_gmt":"2007-11-16T17:12:45","guid":{"rendered":"http:\/\/berni.fmode.de\/wordpress\/?p=3433"},"modified":"2011-11-16T18:18:52","modified_gmt":"2011-11-16T17:18:52","slug":"die-bultacos-von-gerhard-vesulak","status":"publish","type":"post","link":"https:\/\/berni.fmode.de\/wordpress\/?p=3433","title":{"rendered":"Die Bultacos von Gerhard Vesulak"},"content":{"rendered":"<p>Einleitende Bemerkung: Gerhard Vesulak habe ich \u00fcber das Internet kennen gelernt. Er lebt in Graz in \u00d6sterreich und hat eine beeindruckende Sammlung wunndersch\u00f6ner Motorr\u00e4der &#8211; seltsamerweise alles Maschinen, die genau meine Kragenweite sind. In unserer email Korrerspondenz hat Gerhard derart sch\u00f6n und spannend von seinen Motorr\u00e4dern erz\u00e4hlt, dass ich dem interessierten Leser seine Ausf\u00fchrungen nicht vorenthalten m\u00f6chte. Alles was jetzt kommt, ist Originalton Gerhard Vesulak. Viel Vergn\u00fcgen!<\/p>\n<hr \/>\n<p>Nachdem Du bez\u00fcglich Fotos von den Bultacos gefragt hast, wurden meine Zweitakter nach langen Jahren wieder einmal an die frische Luft gelassen und die Gelegenheit f\u00fcr einige Fotos genutzt. Also bitte nicht genau hinschauen, den der Staub wurde nur oberfl\u00e4chlich entfernt und nachdem sich die Motorr\u00e4der durchwegs im Originalzustand befinden, haben sie meist auch eine entsprechende Patina.<\/p>\n<p>So nun einige Worte zu den Bildern:<br \/>\nDie rote Metralla GT (Bj. 76) war mein erstes Motorrad und erinnert mich etwas an die Maico MD 250, ist aber, was die Fahrleistungen betrifft, eher mit einer MZ zu vergleichen. Da war die schwarze Metralla Mk II schon aus einem anderen Holz. Wurde von 1967 bis 1974 gebaut und hat bei den seriennahen Motorr\u00e4dern die Tourist Trophy auf der Isle of Man gewonnen. Wenig Gewicht und ca. 28 PS bei einer H\u00f6chstgeschwindigkeit von 160 km\/h (laut Werk, und m\u00f6glicherweise ist da bei entsprechendem R\u00fcckenwind gemessen worden), da konnte man schon auch schwerere Motorr\u00e4der \u00e4rgern. Hat doch Bultaco mit einer 360er das 24 Stunden- Rennen von Montjuic in Barcelona gewonnen und das gegen die gro\u00dfen Viertakter.<\/p>\n<p>Die Mk II mit der Verkleidung schaut wohl wie ein Scheunenfund aus, war aber bis kurz vor dem Kauf noch angemeldet. Die Verkleidung ist nach meiner Meinung ein seltenes Bultaco-Zubeh\u00f6r und &#8222;sitzt&#8220; perfekt. Was man von der derzeit montierten Scheibe nicht behaupten kann. Beim Kauf war \u00fcbrigens neben dem originalen Veglia-Tacho die Borduhr einer MIG 21 montiert.<\/p>\n<p><img loading=\"lazy\" decoding=\"async\" class=\"alignnone size-full wp-image-3434\" title=\"bultaco01\" src=\"https:\/\/berni.fmode.de\/wordpress\/wp-content\/uploads\/bultaco01.jpg\" alt=\"\" width=\"400\" height=\"266\" srcset=\"https:\/\/berni.fmode.de\/wordpress\/wp-content\/uploads\/bultaco01.jpg 400w, https:\/\/berni.fmode.de\/wordpress\/wp-content\/uploads\/bultaco01-300x199.jpg 300w\" sizes=\"(max-width: 400px) 100vw, 400px\" \/><a href=\"https:\/\/berni.fmode.de\/wordpress\/wp-content\/uploads\/bultaco02.jpg\"><img loading=\"lazy\" decoding=\"async\" class=\"alignnone size-full wp-image-3435\" title=\"bultaco02\" src=\"https:\/\/berni.fmode.de\/wordpress\/wp-content\/uploads\/bultaco02.jpg\" alt=\"\" width=\"400\" height=\"266\" srcset=\"https:\/\/berni.fmode.de\/wordpress\/wp-content\/uploads\/bultaco02.jpg 400w, https:\/\/berni.fmode.de\/wordpress\/wp-content\/uploads\/bultaco02-300x199.jpg 300w\" sizes=\"(max-width: 400px) 100vw, 400px\" \/><img loading=\"lazy\" decoding=\"async\" class=\"alignnone size-full wp-image-3436\" title=\"bultaco03\" src=\"https:\/\/berni.fmode.de\/wordpress\/wp-content\/uploads\/bultaco03.jpg\" alt=\"\" width=\"178\" height=\"267\" \/><\/a><\/p>\n<p>Nat\u00fcrlich muss man, wenn man mit einer Bultaco fotografiert wird, passend gekleidet sein. Sollte ich auf dem Foto relativ gro\u00df wirken, liegt es nur daran, dass die Metralla Mk II so zierlich ist. Sie ist noch angemeldet und ich werde sie \u00fcber den Winter etwas aufpolieren. Die Werkzeugk\u00e4stchen sind derzeit nicht montiert.<br \/>\nDer Apehanger der zweiten Mk II wurde vom Vorbesitzer in S\u00fcdafrika montiert. In Mitteleuropa w\u00fcrde er jedem T\u00dcV-Pr\u00fcfer einen kalten Schauer \u00fcber den R\u00fccken jagen.<\/p>\n<p>Mit der auf Rennmaschine umgebauten Metralla ist ein guter Bekannter von mir in den 70ern Bergrennen gefahren (Foto folgt demn\u00e4chst ). Noch bessere Resultate hat er \u00fcbrigens mit einer Bultaco Pursang (Moto Cross mit dem16 Zoll Vorderrad einer Puch SV 175 &#8211; praktisch der Erfinder des Super Moto) erreicht. Als ich sie bekam, war sie mit den falschen Teilen neu aufgebaut worden. So ist z. B. die Gabel nicht original, aber immerhin von Betor aus Spanien. Die Renntank, H\u00f6cker und die kleine Verkleidung habe ich beigesteuert und geh\u00f6hrten zum &#8222;Kit America&#8220; (Rennsatz von Bultaco f\u00fcr die Metralla)<br \/>\nDie nicht mehr erh\u00e4ltlichen Teile f\u00fcr das Motorentuning wurden durch Teile der Moto Cross ersetzt (ein Hoch dem Baukastensystem von Bultaco).<br \/>\nDas ergibt etwa 35 Pferdest\u00e4rken. Die Verkleidung wurde an einer starren Strebe montiert um auch die Vollverkleidung (liegt in der Garage dahinter) der reinrassigen Rennmaschine TSS montieren zu k\u00f6nnen. Ein Bekannter in Tirol besitzt neben ebenfalls 5 Metrallas eine sch\u00f6ne, wassergek\u00fchlte TTS. Scheibe und Sitzbezug fehlen auch noch.<\/p>\n<p>Da ich aber auch noch einen Rahmen, einen zweiten &#8222;Kit America&#8220; incl. dem originalen Rennauspuff , einen Ersatzmotor und viele andere Teile besitze, m\u00f6chte ich (sp\u00e4testens in der Pension) eine absolut originale Rennmetralla aufbauen. Du siehst, eine gewisse Vorliebe habe ich schon f\u00fcr dieses Modell.<br \/>\nGel\u00e4ndemaschinen waren nie so mein Fall. Trotzdem habe ich da noch eine Frontera 370 und eine (derzeit ausgelagerte) Pursang 250. In der Garage sieht man \u00fcbrigens das Heck meiner Ducati 900 SD.<\/p>\n<p><img loading=\"lazy\" decoding=\"async\" class=\"alignnone size-full wp-image-3437\" title=\"bultaco04\" src=\"https:\/\/berni.fmode.de\/wordpress\/wp-content\/uploads\/bultaco04.jpg\" alt=\"\" width=\"400\" height=\"266\" srcset=\"https:\/\/berni.fmode.de\/wordpress\/wp-content\/uploads\/bultaco04.jpg 400w, https:\/\/berni.fmode.de\/wordpress\/wp-content\/uploads\/bultaco04-300x199.jpg 300w\" sizes=\"(max-width: 400px) 100vw, 400px\" \/><img loading=\"lazy\" decoding=\"async\" class=\"alignnone size-full wp-image-3438\" title=\"bultaco05\" src=\"https:\/\/berni.fmode.de\/wordpress\/wp-content\/uploads\/bultaco05.jpg\" alt=\"\" width=\"400\" height=\"266\" srcset=\"https:\/\/berni.fmode.de\/wordpress\/wp-content\/uploads\/bultaco05.jpg 400w, https:\/\/berni.fmode.de\/wordpress\/wp-content\/uploads\/bultaco05-300x199.jpg 300w\" sizes=\"(max-width: 400px) 100vw, 400px\" \/><img loading=\"lazy\" decoding=\"async\" class=\"alignnone size-full wp-image-3439\" title=\"bultaco06\" src=\"https:\/\/berni.fmode.de\/wordpress\/wp-content\/uploads\/bultaco06.jpg\" alt=\"\" width=\"400\" height=\"266\" srcset=\"https:\/\/berni.fmode.de\/wordpress\/wp-content\/uploads\/bultaco06.jpg 400w, https:\/\/berni.fmode.de\/wordpress\/wp-content\/uploads\/bultaco06-300x199.jpg 300w\" sizes=\"(max-width: 400px) 100vw, 400px\" \/><img loading=\"lazy\" decoding=\"async\" class=\"alignnone size-full wp-image-3440\" title=\"bultaco07\" src=\"https:\/\/berni.fmode.de\/wordpress\/wp-content\/uploads\/bultaco07.jpg\" alt=\"\" width=\"400\" height=\"266\" srcset=\"https:\/\/berni.fmode.de\/wordpress\/wp-content\/uploads\/bultaco07.jpg 400w, https:\/\/berni.fmode.de\/wordpress\/wp-content\/uploads\/bultaco07-300x199.jpg 300w\" sizes=\"(max-width: 400px) 100vw, 400px\" \/><\/p>\n<p>Die Frontera hat 42 PS (einen leistungsgesteigerten Motor habe ich noch in Reserve) und wenn sie geht, dann geht sie sehr gut. Bin dann beim Rennen am Erzberg bereits beim ersten Lauf mit einem technischen Defekt ausgeschieden. Habe mich damals noch ge\u00e4rgert, aber besser ein &#8222;technisches KO&#8220; als ein &#8222;Abflug&#8220;. War damals ein wildes Gemetzel.<\/p>\n<p>Die Pursang habe ich mit unvollst\u00e4ndigem Motor von einem Freund bekommen. Der hat sie, trotz sonst gutem Zustand, um 20,- Euro gekauft. Es fehlten aber Teile vom Motor und der Auspuff. Die Teileversorgung f\u00fcr Bultaco ist recht gut, aber ein Auspuff kostet etwa zwei &#8211; bis dreimal so viel wie der f\u00fcr die MZ. Wichtiger war aber der Motor. Ein Inserat f\u00fchrte mich dann ins Gebirge (was g\u00e4be es da tolle Stra\u00dfen f\u00fcr Deine Ausfahrten).<br \/>\nAuf einem Bauernhof fand ich dann wirklich einen frisch \u00fcberholten Motor f\u00fcr meine Pursang, mit neuem Kolben samt Rechnung. Als ich das Gef\u00e4hrt in dem er eingebaut war, sah, konnte ich mich nicht mehr halten. Stand doch eine giftgr\u00fcn lackiertes Ding mit Ballonreifen (angeblich eine Yamaha Chappie) vor mir. Das das Bist fast unfahrbar war, wunderte mich nicht, hat der Pursangmotor mit ca. 35 PS wohl die zehnfache Leistung des urspr\u00fcnglichen Motors. Leider hatte ich damals keine Kamera mit. Jedenfalls haben wir den Motor mit einer Flex aus dem &#8222;Mopped-Dragster&#8220; ausgebaut.<\/p>\n<p>R\u00fcckblickend w\u00e4re zu sagen, dass ich zusammen mit jenen 8 Bultacos, die ich bereits verkauft habe, eine sch\u00f6ne Sammlung h\u00e4tte. Von 2 Sherpas, 2 Juniors und je einer Streaker, Mercurio, Frontera, Matador habe ich mich im Laufe der Zeit getrennt, wobei die besonders seltenen St\u00fccke nun bei einem guten Freund in Nieder\u00f6sterreich stehen. Der besitzt derzeit 18 Bultacos. Diese spanische Marke hat \u00fcbrigens eine erstaunliche Anzahl an verschiedenen Modellen produziert.<\/p>\n<p>Abschlie\u00dfend auch noch ein Foto eines weiteren &#8222;Gatschhupfers&#8220; aus meinem Stall. Die Maico MC 250 (zumindest die Kotbleche und ein Motorseitendeckel sind nicht original) wird aber bald einer Puch 250 GS\/SGS\/MCH weichen. Denn seien wir ehrlich, es ist doch eine Schande, wenn ein Steirer nicht zumindest eine Puch besitzt.<\/p>\n<p>Ich k\u00f6nnte nat\u00fcrlich noch seitenweise schreiben, besonders die Umst\u00e4nde wie man zu solchen doch eher ausgefallenen Fahrzeuge gelangt, sind oft recht am\u00fcsant. Aber das w\u00fcrde jetzt den Rahmen sprengen. Vielleicht verschl\u00e4gt es Dich ja doch einmal in die Steiermark.<\/p>\n<p>Mit den besten Gr\u00fc\u00dfen aus Graz<br \/>\nGerhard<\/p>\n<p><img loading=\"lazy\" decoding=\"async\" class=\"alignnone size-full wp-image-3441\" title=\"bultaco08\" src=\"https:\/\/berni.fmode.de\/wordpress\/wp-content\/uploads\/bultaco08.jpg\" alt=\"\" width=\"400\" height=\"266\" srcset=\"https:\/\/berni.fmode.de\/wordpress\/wp-content\/uploads\/bultaco08.jpg 400w, https:\/\/berni.fmode.de\/wordpress\/wp-content\/uploads\/bultaco08-300x199.jpg 300w\" sizes=\"(max-width: 400px) 100vw, 400px\" \/><img loading=\"lazy\" decoding=\"async\" class=\"alignnone size-full wp-image-3442\" title=\"bultaco09\" src=\"https:\/\/berni.fmode.de\/wordpress\/wp-content\/uploads\/bultaco09.jpg\" alt=\"\" width=\"400\" height=\"266\" srcset=\"https:\/\/berni.fmode.de\/wordpress\/wp-content\/uploads\/bultaco09.jpg 400w, https:\/\/berni.fmode.de\/wordpress\/wp-content\/uploads\/bultaco09-300x199.jpg 300w\" sizes=\"(max-width: 400px) 100vw, 400px\" \/><img loading=\"lazy\" decoding=\"async\" class=\"alignnone size-full wp-image-3444\" title=\"maico01\" src=\"https:\/\/berni.fmode.de\/wordpress\/wp-content\/uploads\/maico01.jpg\" alt=\"\" width=\"400\" height=\"266\" srcset=\"https:\/\/berni.fmode.de\/wordpress\/wp-content\/uploads\/maico01.jpg 400w, https:\/\/berni.fmode.de\/wordpress\/wp-content\/uploads\/maico01-300x199.jpg 300w\" sizes=\"(max-width: 400px) 100vw, 400px\" \/><\/p>\n<p>Hier noch ein (bereits angek\u00fcndigtes) historisches Foto.<br \/>\nEs zeigt meine &#8222;Renn-Metralla&#8220; mit selbstgebauten Tank im Jahr 1972 bei einem Bergrennen. Peter, der Fahrer, f\u00e4hrt noch immer Rennen. Allerdings hat er sich auf das Veteranen-Trial verlegt. Nebenbei hat er auch einige &#8222;Sch\u00e4tze&#8220; in der Werkstatt stehen.<\/p>\n<p><img loading=\"lazy\" decoding=\"async\" class=\"alignnone size-full wp-image-3445\" title=\"bultaco10\" src=\"https:\/\/berni.fmode.de\/wordpress\/wp-content\/uploads\/bultaco101.jpg\" alt=\"\" width=\"400\" height=\"290\" srcset=\"https:\/\/berni.fmode.de\/wordpress\/wp-content\/uploads\/bultaco101.jpg 400w, https:\/\/berni.fmode.de\/wordpress\/wp-content\/uploads\/bultaco101-300x217.jpg 300w\" sizes=\"(max-width: 400px) 100vw, 400px\" \/><\/p>\n","protected":false},"excerpt":{"rendered":"<p>Einleitende Bemerkung: Gerhard Vesulak habe ich \u00fcber das Internet kennen gelernt. Er lebt in Graz in \u00d6sterreich und hat eine beeindruckende Sammlung wunndersch\u00f6ner Motorr\u00e4der &#8211; seltsamerweise alles Maschinen, die genau meine Kragenweite sind. In unserer email Korrerspondenz hat Gerhard derart &hellip; <a href=\"https:\/\/berni.fmode.de\/wordpress\/?p=3433\">Weiterlesen <span class=\"meta-nav\">&rarr;<\/span><\/a><\/p>\n","protected":false},"author":1,"featured_media":0,"comment_status":"closed","ping_status":"closed","sticky":false,"template":"","format":"standard","meta":{"footnotes":""},"categories":[28],"tags":[],"_links":{"self":[{"href":"https:\/\/berni.fmode.de\/wordpress\/index.php?rest_route=\/wp\/v2\/posts\/3433"}],"collection":[{"href":"https:\/\/berni.fmode.de\/wordpress\/index.php?rest_route=\/wp\/v2\/posts"}],"about":[{"href":"https:\/\/berni.fmode.de\/wordpress\/index.php?rest_route=\/wp\/v2\/types\/post"}],"author":[{"embeddable":true,"href":"https:\/\/berni.fmode.de\/wordpress\/index.php?rest_route=\/wp\/v2\/users\/1"}],"replies":[{"embeddable":true,"href":"https:\/\/berni.fmode.de\/wordpress\/index.php?rest_route=%2Fwp%2Fv2%2Fcomments&post=3433"}],"version-history":[{"count":2,"href":"https:\/\/berni.fmode.de\/wordpress\/index.php?rest_route=\/wp\/v2\/posts\/3433\/revisions"}],"predecessor-version":[{"id":3450,"href":"https:\/\/berni.fmode.de\/wordpress\/index.php?rest_route=\/wp\/v2\/posts\/3433\/revisions\/3450"}],"wp:attachment":[{"href":"https:\/\/berni.fmode.de\/wordpress\/index.php?rest_route=%2Fwp%2Fv2%2Fmedia&parent=3433"}],"wp:term":[{"taxonomy":"category","embeddable":true,"href":"https:\/\/berni.fmode.de\/wordpress\/index.php?rest_route=%2Fwp%2Fv2%2Fcategories&post=3433"},{"taxonomy":"post_tag","embeddable":true,"href":"https:\/\/berni.fmode.de\/wordpress\/index.php?rest_route=%2Fwp%2Fv2%2Ftags&post=3433"}],"curies":[{"name":"wp","href":"https:\/\/api.w.org\/{rel}","templated":true}]}}