{"id":323,"date":"2006-12-28T20:37:11","date_gmt":"2006-12-28T19:37:11","guid":{"rendered":"http:\/\/berni.fmode.de\/wordpress\/?p=323"},"modified":"2012-01-09T11:41:04","modified_gmt":"2012-01-09T10:41:04","slug":"es-geht-weiter-mit-dem-rotax-gespann","status":"publish","type":"post","link":"https:\/\/berni.fmode.de\/wordpress\/?p=323","title":{"rendered":"Es geht weiter mit dem Rotax-Gespann"},"content":{"rendered":"<p><a name=\"gespann281206\"><\/a>Zwischen den Jahren hab ich frei, die Firma ist geschlossen. Gute Chancen also, mit meinem Gespannprojekt etwas weiter zu kommen. Leider machte eine eklige Grippe mir einen Strich durch die Rechnung &#8211; p\u00fcnktlich zum 23.12 hats mich voll erwischt. Aber am 28.12 gings schon besser, und Nachbar Egon wollte auch mit anfassen. Die Silverstar und der Velorex sollten grob zusammen gesteckt werden.<br \/>\n<span style=\"color: #333300;\">Es geht also weiter mit dem Rotax-Gespann.<\/span><\/p>\n<p>Am Vorabend nochmal im Peikert-Buch \u00fcber Gespanneinstellungen nachgelesen, ausserdem das Handbuch von MZ \u00fcber die Silverstar- und Voyager-Gespanne durchgebl\u00e4ttert. Hab mich dann f\u00fcr eine Spurbreite von 110 cm und einen Vorlauf des Seitenwagenrades von 24 cm entschieden. Haupts\u00e4chlich sollte der heutige Tag zeigen, welche Anschlussteile ich noch von Edmund Peikert brauche. Um 11:00 gehts los, vorher noch schnell ein St\u00fcck Kreide im Eisenladen besorgt.<\/p>\n<div style=\"width: 510px\" class=\"wp-caption alignnone\"><img loading=\"lazy\" decoding=\"async\" class=\" \" title=\"Gespann\" src=\"http:\/\/berni.fmode.de\/www\/mz\/gespann500\/2006\/gespann281206\/pic01.jpg\" alt=\"\" width=\"500\" height=\"375\" \/><p class=\"wp-caption-text\">Das ES-Gespann muss aus der Werkstatt. Es regnet, und der Regen gefriert sofort auf der MZ. Jetzt wirds wohl doch richtig Winter.<\/p><\/div>\n<div style=\"width: 510px\" class=\"wp-caption alignnone\"><img loading=\"lazy\" decoding=\"async\" class=\" \" title=\"Gespann\" src=\"http:\/\/berni.fmode.de\/www\/mz\/gespann500\/2006\/gespann281206\/pic02.jpg\" alt=\"\" width=\"500\" height=\"375\" \/><p class=\"wp-caption-text\">Zwei parallele Linien mit 110 cm Abstand werden auf den Boden gezeichnet, daran Maschine und Boot ausgerichtet. Nach knapp 1 Stunde ist alles grob zusammengebaut und &quot;handwarm&quot; befestigt. Das Gespann ist rollf\u00e4hig!<\/p><\/div>\n<div style=\"width: 510px\" class=\"wp-caption alignnone\"><img loading=\"lazy\" decoding=\"async\" class=\" \" title=\"Gespann\" src=\"http:\/\/berni.fmode.de\/www\/mz\/gespann500\/2006\/gespann281206\/pic03.jpg\" alt=\"\" width=\"500\" height=\"375\" \/><p class=\"wp-caption-text\">Vorlauf und Spurweite stimmen in etwa und das Gespann steht einigermassen gerade.<\/p><\/div>\n<div style=\"width: 510px\" class=\"wp-caption alignnone\"><img loading=\"lazy\" decoding=\"async\" class=\" \" title=\"Gespann\" src=\"http:\/\/berni.fmode.de\/www\/mz\/gespann500\/2006\/gespann281206\/pic04.jpg\" alt=\"\" width=\"500\" height=\"375\" \/><p class=\"wp-caption-text\">Der &quot;zentrale&quot; Anschluss an der Schwingenachse, um den sich alles dreht, passt nicht. Ganz klar mein Fehler, da hab ich mich v\u00f6llig vertan und vermessen - um ca. 5 cm. Das heisst, hier muss ein neues Anschlussteil von Edmund Peikert her.<\/p><\/div>\n<div style=\"width: 510px\" class=\"wp-caption alignnone\"><img loading=\"lazy\" decoding=\"async\" class=\" \" title=\"Gespann\" src=\"http:\/\/berni.fmode.de\/www\/mz\/gespann500\/2006\/gespann281206\/pic05.jpg\" alt=\"\" width=\"500\" height=\"375\" \/><p class=\"wp-caption-text\">Hintere und vordere Gewindestange m\u00fcssen vertauscht werden, damits ungef\u00e4hr passt. Die vordere kann auch so bleiben, aber die hinteren mach ich neu: Bei Peikert eine mit 46 cm L\u00e4nge bestellen. Bei der Gelegenheit kommt auch eine Doppelschelle an den vorderen Velorexanschluss!<\/p><\/div>\n<div style=\"width: 510px\" class=\"wp-caption alignnone\"><img loading=\"lazy\" decoding=\"async\" class=\" \" title=\"Gespann\" src=\"http:\/\/berni.fmode.de\/www\/mz\/gespann500\/2006\/gespann281206\/pic06.jpg\" alt=\"\" width=\"500\" height=\"375\" \/><p class=\"wp-caption-text\">Am vorderen oberen Anschluss gef\u00e4llt mir die kurze Schelle am Rahmenunterzug nicht. Die Schelle sollte l\u00e4nger sein und die Kraft auf das Rahmenrohr mehr verteilen. Andererseits: Wenn ich sehe, dass 2 cm \u00fcber der Schelle der Rahmenunterzug mit einer M10-Schraube am Hauptrahmen befestigt ist, relativieren sich diese Bedenken. Da ist die Schelle sicher nicht das schw\u00e4chste Glied. Werd ich mal mit Edmund Peikert diskutieren.<\/p><\/div>\n<div style=\"width: 510px\" class=\"wp-caption alignnone\"><img loading=\"lazy\" decoding=\"async\" class=\" \" title=\"Gespann\" src=\"http:\/\/berni.fmode.de\/www\/mz\/gespann500\/2006\/gespann281206\/pic07.jpg\" alt=\"\" width=\"500\" height=\"375\" \/><p class=\"wp-caption-text\">Nach 3 Stunden ist die Aktion erledigt, das Ergebnis ist nicht schlecht. Brauche zwar noch 2 Anschlussteile, aber es h\u00e4tte ja auch garnichts passen k\u00f6nnen. Ab 19:00 versuche ich, Edmund Peikert zu erreichen. Hoffentlich ist er zu Hause.<\/p><\/div>\n","protected":false},"excerpt":{"rendered":"<p>Zwischen den Jahren hab ich frei, die Firma ist geschlossen. Gute Chancen also, mit meinem Gespannprojekt etwas weiter zu kommen. Leider machte eine eklige Grippe mir einen Strich durch die Rechnung &#8211; p\u00fcnktlich zum 23.12 hats mich voll erwischt. Aber &hellip; <a href=\"https:\/\/berni.fmode.de\/wordpress\/?p=323\">Weiterlesen <span class=\"meta-nav\">&rarr;<\/span><\/a><\/p>\n","protected":false},"author":1,"featured_media":0,"comment_status":"closed","ping_status":"closed","sticky":false,"template":"","format":"standard","meta":{"footnotes":""},"categories":[11],"tags":[],"_links":{"self":[{"href":"https:\/\/berni.fmode.de\/wordpress\/index.php?rest_route=\/wp\/v2\/posts\/323"}],"collection":[{"href":"https:\/\/berni.fmode.de\/wordpress\/index.php?rest_route=\/wp\/v2\/posts"}],"about":[{"href":"https:\/\/berni.fmode.de\/wordpress\/index.php?rest_route=\/wp\/v2\/types\/post"}],"author":[{"embeddable":true,"href":"https:\/\/berni.fmode.de\/wordpress\/index.php?rest_route=\/wp\/v2\/users\/1"}],"replies":[{"embeddable":true,"href":"https:\/\/berni.fmode.de\/wordpress\/index.php?rest_route=%2Fwp%2Fv2%2Fcomments&post=323"}],"version-history":[{"count":4,"href":"https:\/\/berni.fmode.de\/wordpress\/index.php?rest_route=\/wp\/v2\/posts\/323\/revisions"}],"predecessor-version":[{"id":5832,"href":"https:\/\/berni.fmode.de\/wordpress\/index.php?rest_route=\/wp\/v2\/posts\/323\/revisions\/5832"}],"wp:attachment":[{"href":"https:\/\/berni.fmode.de\/wordpress\/index.php?rest_route=%2Fwp%2Fv2%2Fmedia&parent=323"}],"wp:term":[{"taxonomy":"category","embeddable":true,"href":"https:\/\/berni.fmode.de\/wordpress\/index.php?rest_route=%2Fwp%2Fv2%2Fcategories&post=323"},{"taxonomy":"post_tag","embeddable":true,"href":"https:\/\/berni.fmode.de\/wordpress\/index.php?rest_route=%2Fwp%2Fv2%2Ftags&post=323"}],"curies":[{"name":"wp","href":"https:\/\/api.w.org\/{rel}","templated":true}]}}