{"id":3151,"date":"2011-06-26T18:07:16","date_gmt":"2011-06-26T17:07:16","guid":{"rendered":"http:\/\/berni.fmode.de\/wordpress\/?p=3151"},"modified":"2011-10-28T18:37:24","modified_gmt":"2011-10-28T17:37:24","slug":"eine-touristische-betrachtung-des-hohen-vogelsberges","status":"publish","type":"post","link":"https:\/\/berni.fmode.de\/wordpress\/?p=3151","title":{"rendered":"Eine touristische Betrachtung des Hohen Vogelsberges"},"content":{"rendered":"<p><a name=\"20110626\"><\/a>Nach der verregneten gestrigen Ausfahrt verspricht der Wetterbericht einen mit hoher Wahrscheinlichkeit niederschlagsfreien Tag. Dazu soll es noch nicht so heiss und schw\u00fcl werden wie in der kommenden Woche. Gute Voraussetzungen also f\u00fcr eine kleine Planetareise. Ich beschliesse, einfach in den Naturpark Hoher Vogelsberg, also auf den Hoherodskopf, zu fahren. Und zum ersten mal gibt das f\u00fcr mich eine<span style=\"color: #333333;\"> <span style=\"color: #333333;\">touristische Betrachtung des Hohen Vogelsberges.<\/span><\/span><\/p>\n<p>Nun lebe ich schon seit fast 35 Jahren in der Umgebung des Vogelsberges, aber den Hoherodskopf mit seinen touristischen M\u00f6glichkeiten habe ich bisher erfolgreich ignoriert. Nat\u00fcrlich war ich in all den Jahren unendlich oft dort oben, aber alles, was mit klassischem Tourismus zu tun hat, habe ich bis dato gemieden. Und das soll sich heute \u00e4ndern: Ich werde mir alles anschauen, was der Naturpark zu bieten hat und ich werde mich nicht scheuen, mich ins Touristenget\u00fcmmel zu st\u00fcrzen.<\/p>\n<div id=\"attachment_3152\" style=\"width: 510px\" class=\"wp-caption alignnone\"><img loading=\"lazy\" decoding=\"async\" aria-describedby=\"caption-attachment-3152\" class=\"size-full wp-image-3152\" title=\"iizh\" src=\"https:\/\/berni.fmode.de\/wordpress\/wp-content\/uploads\/pic01103.jpg\" alt=\"\" width=\"500\" height=\"375\" srcset=\"https:\/\/berni.fmode.de\/wordpress\/wp-content\/uploads\/pic01103.jpg 500w, https:\/\/berni.fmode.de\/wordpress\/wp-content\/uploads\/pic01103-300x225.jpg 300w, https:\/\/berni.fmode.de\/wordpress\/wp-content\/uploads\/pic01103-400x300.jpg 400w\" sizes=\"(max-width: 500px) 100vw, 500px\" \/><p id=\"caption-attachment-3152\" class=\"wp-caption-text\">Zun\u00e4chst jedoch fahre ich einen kleinen Umweg zu diesem H\u00e4uschen - nicht ausgeschlossen, dass ich in absehbarer Zeit dort hinziehen werde. Dort gibt es eine kleine Scheune und den dreir\u00e4umigen Stall im Hintergrund. Sicher w\u00fcrde ich all meine Motorr\u00e4der unterbringen k\u00f6nnen - ein verlockender Gedanke.<\/p><\/div>\n<div id=\"attachment_3153\" style=\"width: 510px\" class=\"wp-caption alignnone\"><img loading=\"lazy\" decoding=\"async\" aria-describedby=\"caption-attachment-3153\" class=\"size-full wp-image-3153\" title=\"izh\" src=\"https:\/\/berni.fmode.de\/wordpress\/wp-content\/uploads\/pic02101.jpg\" alt=\"\" width=\"500\" height=\"375\" srcset=\"https:\/\/berni.fmode.de\/wordpress\/wp-content\/uploads\/pic02101.jpg 500w, https:\/\/berni.fmode.de\/wordpress\/wp-content\/uploads\/pic02101-300x225.jpg 300w, https:\/\/berni.fmode.de\/wordpress\/wp-content\/uploads\/pic02101-400x300.jpg 400w\" sizes=\"(max-width: 500px) 100vw, 500px\" \/><p id=\"caption-attachment-3153\" class=\"wp-caption-text\">Dann weiter und immer bergauf in Richtung des Naturparks Hoher Vogelsberg. Habe mir die k\u00fcrzeste Strecke herausgesucht, die auch gleichzeitig die landschaftlich sch\u00f6nste ist. Mittlerweile bin ich auf 600 H\u00f6henmetern und der Vogelsberg zeigt sich in seiner ganzen Sch\u00f6nheit. Noch ist es k\u00fchl, ohne jedoch kalt zu sein, die Strassen sind trocken und ich bin ziemlich alleine hier unterwegs.<\/p><\/div>\n<div id=\"attachment_3154\" style=\"width: 510px\" class=\"wp-caption alignnone\"><img loading=\"lazy\" decoding=\"async\" aria-describedby=\"caption-attachment-3154\" class=\"size-full wp-image-3154\" title=\"izh\" src=\"https:\/\/berni.fmode.de\/wordpress\/wp-content\/uploads\/pic0393.jpg\" alt=\"\" width=\"500\" height=\"375\" srcset=\"https:\/\/berni.fmode.de\/wordpress\/wp-content\/uploads\/pic0393.jpg 500w, https:\/\/berni.fmode.de\/wordpress\/wp-content\/uploads\/pic0393-300x225.jpg 300w, https:\/\/berni.fmode.de\/wordpress\/wp-content\/uploads\/pic0393-400x300.jpg 400w\" sizes=\"(max-width: 500px) 100vw, 500px\" \/><p id=\"caption-attachment-3154\" class=\"wp-caption-text\">Ein kleiner Riegel, ein Schl\u00fcckchen Saft und schon geht der Aufstieg weiter. Irgendwo hier muss der Naturpark beginnen.<\/p><\/div>\n<div id=\"attachment_3155\" style=\"width: 510px\" class=\"wp-caption alignnone\"><img loading=\"lazy\" decoding=\"async\" aria-describedby=\"caption-attachment-3155\" class=\"size-full wp-image-3155\" title=\"izh\" src=\"https:\/\/berni.fmode.de\/wordpress\/wp-content\/uploads\/pic0489.jpg\" alt=\"\" width=\"500\" height=\"375\" srcset=\"https:\/\/berni.fmode.de\/wordpress\/wp-content\/uploads\/pic0489.jpg 500w, https:\/\/berni.fmode.de\/wordpress\/wp-content\/uploads\/pic0489-300x225.jpg 300w, https:\/\/berni.fmode.de\/wordpress\/wp-content\/uploads\/pic0489-400x300.jpg 400w\" sizes=\"(max-width: 500px) 100vw, 500px\" \/><p id=\"caption-attachment-3155\" class=\"wp-caption-text\">Ab dem K\u00f6lzenhainer Kreuz wirds dann steiler, durch den dichten Wald sind die Strassen noch richtig nass und es wird von Meter zu Meter nebeliger - insgesamt eine wunderbare Szenerie.<\/p><\/div>\n<div id=\"attachment_3156\" style=\"width: 510px\" class=\"wp-caption alignnone\"><img loading=\"lazy\" decoding=\"async\" aria-describedby=\"caption-attachment-3156\" class=\"size-full wp-image-3156\" title=\"izh\" src=\"https:\/\/berni.fmode.de\/wordpress\/wp-content\/uploads\/pic0574.jpg\" alt=\"\" width=\"500\" height=\"375\" srcset=\"https:\/\/berni.fmode.de\/wordpress\/wp-content\/uploads\/pic0574.jpg 500w, https:\/\/berni.fmode.de\/wordpress\/wp-content\/uploads\/pic0574-300x225.jpg 300w, https:\/\/berni.fmode.de\/wordpress\/wp-content\/uploads\/pic0574-400x300.jpg 400w\" sizes=\"(max-width: 500px) 100vw, 500px\" \/><p id=\"caption-attachment-3156\" class=\"wp-caption-text\">Jetzt bin ich am Zentrum des Naturparks angekommen und habe 770 H\u00f6henmeter erreicht. Es ist schon einiges los, aber richtig voll sind die Parkpl\u00e4tze noch nicht - zum Gl\u00fcck.<\/p><\/div>\n<div id=\"attachment_3157\" style=\"width: 510px\" class=\"wp-caption alignnone\"><img loading=\"lazy\" decoding=\"async\" aria-describedby=\"caption-attachment-3157\" class=\"size-full wp-image-3157\" title=\"izh\" src=\"https:\/\/berni.fmode.de\/wordpress\/wp-content\/uploads\/pic0670.jpg\" alt=\"\" width=\"500\" height=\"375\" srcset=\"https:\/\/berni.fmode.de\/wordpress\/wp-content\/uploads\/pic0670.jpg 500w, https:\/\/berni.fmode.de\/wordpress\/wp-content\/uploads\/pic0670-300x225.jpg 300w, https:\/\/berni.fmode.de\/wordpress\/wp-content\/uploads\/pic0670-400x300.jpg 400w\" sizes=\"(max-width: 500px) 100vw, 500px\" \/><p id=\"caption-attachment-3157\" class=\"wp-caption-text\">Hier oben ist der Nebel noch richtig dicht und Du siehst kaum die verschiedenen Geb\u00e4ude. Auf dem Motorradparkplatz bin ich fast alleine, lediglich eine dicke BMW 1100 GS ist noch hier. Aber bekanntlich triffst Du diese Schnabeltiere ja \u00fcberall an.<\/p><\/div>\n<div id=\"attachment_3158\" style=\"width: 1034px\" class=\"wp-caption alignnone\"><a href=\"https:\/\/berni.fmode.de\/wordpress\/wp-content\/uploads\/pic0759.jpg\"><img loading=\"lazy\" decoding=\"async\" aria-describedby=\"caption-attachment-3158\" class=\"size-full wp-image-3158\" title=\"izh\" src=\"https:\/\/berni.fmode.de\/wordpress\/wp-content\/uploads\/pic0759.jpg\" alt=\"\" width=\"1024\" height=\"768\" srcset=\"https:\/\/berni.fmode.de\/wordpress\/wp-content\/uploads\/pic0759.jpg 1024w, https:\/\/berni.fmode.de\/wordpress\/wp-content\/uploads\/pic0759-300x225.jpg 300w, https:\/\/berni.fmode.de\/wordpress\/wp-content\/uploads\/pic0759-400x300.jpg 400w\" sizes=\"(max-width: 1024px) 100vw, 1024px\" \/><\/a><p id=\"caption-attachment-3158\" class=\"wp-caption-text\">Zum allerersten mal schaue ich mir den Berggasthof an und studiere die Informationen zum Hoherodskopf. Klickt auf das Bild und werdet ebenfalls kl\u00fcger. Noch interessanter finde ich jedoch den Hinweis auf die Matjeswochen .....<\/p><\/div>\n<div id=\"attachment_3159\" style=\"width: 510px\" class=\"wp-caption alignnone\"><img loading=\"lazy\" decoding=\"async\" aria-describedby=\"caption-attachment-3159\" class=\"size-full wp-image-3159\" title=\"izh\" src=\"https:\/\/berni.fmode.de\/wordpress\/wp-content\/uploads\/pic0856.jpg\" alt=\"\" width=\"500\" height=\"375\" srcset=\"https:\/\/berni.fmode.de\/wordpress\/wp-content\/uploads\/pic0856.jpg 500w, https:\/\/berni.fmode.de\/wordpress\/wp-content\/uploads\/pic0856-300x225.jpg 300w, https:\/\/berni.fmode.de\/wordpress\/wp-content\/uploads\/pic0856-400x300.jpg 400w\" sizes=\"(max-width: 500px) 100vw, 500px\" \/><p id=\"caption-attachment-3159\" class=\"wp-caption-text\">Weiter laufe ich in Richtung Doros B\u00fcdchen, dort parken meist die Motorr\u00e4der - so auch heute. Dabei eine Yamaha Bulldog, eine der wenigen modernen Maschinen, die eine gewisse Faszination auf mich aus\u00fcben. Der Fahrer will gerade abfahren und ich filme das kleine Ereignis - und bin entt\u00e4uscht: Klar, das Ding ist ein Eisenhaufen, aber der Fahrer qu\u00e4lt sich eindeutig mit dem Handling. Und dann der Sound: Eine einzige akustische Entt\u00e4uschung. Statt Bollern ein Zirpen und Zwitschern - also nee. <\/p><\/div>\n<div id=\"attachment_3160\" style=\"width: 510px\" class=\"wp-caption alignnone\"><img loading=\"lazy\" decoding=\"async\" aria-describedby=\"caption-attachment-3160\" class=\"size-full wp-image-3160\" title=\"izh\" src=\"https:\/\/berni.fmode.de\/wordpress\/wp-content\/uploads\/pic0944.jpg\" alt=\"\" width=\"500\" height=\"375\" srcset=\"https:\/\/berni.fmode.de\/wordpress\/wp-content\/uploads\/pic0944.jpg 500w, https:\/\/berni.fmode.de\/wordpress\/wp-content\/uploads\/pic0944-300x225.jpg 300w, https:\/\/berni.fmode.de\/wordpress\/wp-content\/uploads\/pic0944-400x300.jpg 400w\" sizes=\"(max-width: 500px) 100vw, 500px\" \/><p id=\"caption-attachment-3160\" class=\"wp-caption-text\">Das ist Doros B\u00fcdchen, eine unter Motorradfahrern nicht unbekannte Institution. Wieder ein Novum f\u00fcr mich: Dies ist meine erste Mahlzeit hier oben .....<\/p><\/div>\n<div id=\"attachment_3161\" style=\"width: 510px\" class=\"wp-caption alignnone\"><img loading=\"lazy\" decoding=\"async\" aria-describedby=\"caption-attachment-3161\" class=\"size-full wp-image-3161\" title=\"izh\" src=\"https:\/\/berni.fmode.de\/wordpress\/wp-content\/uploads\/pic1038.jpg\" alt=\"\" width=\"500\" height=\"375\" srcset=\"https:\/\/berni.fmode.de\/wordpress\/wp-content\/uploads\/pic1038.jpg 500w, https:\/\/berni.fmode.de\/wordpress\/wp-content\/uploads\/pic1038-300x225.jpg 300w, https:\/\/berni.fmode.de\/wordpress\/wp-content\/uploads\/pic1038-400x300.jpg 400w\" sizes=\"(max-width: 500px) 100vw, 500px\" \/><p id=\"caption-attachment-3161\" class=\"wp-caption-text\">.... und ich geniesse sie auf den Sonnenterassen vor Doros B\u00fcdchen. Sind zwar heute eher Nebelterassen, aber es sitzt sich wunderbar hier und Kaffee und Bratwurst schmecken prima. Danach verlasse ich den Naturpark wieder, den Kletterparcour habe ich mir geschenkt. War eigentlich gar nicht so schlimm und hat \u00fcberhaupt nicht weh getan.<\/p><\/div>\n<div id=\"attachment_3162\" style=\"width: 510px\" class=\"wp-caption alignnone\"><img loading=\"lazy\" decoding=\"async\" aria-describedby=\"caption-attachment-3162\" class=\"size-full wp-image-3162\" title=\"izh\" src=\"https:\/\/berni.fmode.de\/wordpress\/wp-content\/uploads\/pic1134.jpg\" alt=\"\" width=\"500\" height=\"375\" srcset=\"https:\/\/berni.fmode.de\/wordpress\/wp-content\/uploads\/pic1134.jpg 500w, https:\/\/berni.fmode.de\/wordpress\/wp-content\/uploads\/pic1134-300x225.jpg 300w, https:\/\/berni.fmode.de\/wordpress\/wp-content\/uploads\/pic1134-400x300.jpg 400w\" sizes=\"(max-width: 500px) 100vw, 500px\" \/><p id=\"caption-attachment-3162\" class=\"wp-caption-text\">Nun folgt der Abstieg vom Hoherodskopf in Richtung Ulrichstein. Unterwegs wird mir klar, warum ich den Vogelsberg so liebe und wieso er mir zur Heimat geworden ist. Wahrscheinlich war es doch richtig, dass ich 1978 den Ruhrpott verlassen habe.<\/p><\/div>\n<div id=\"attachment_3163\" style=\"width: 510px\" class=\"wp-caption alignnone\"><img loading=\"lazy\" decoding=\"async\" aria-describedby=\"caption-attachment-3163\" class=\"size-full wp-image-3163\" title=\"izh\" src=\"https:\/\/berni.fmode.de\/wordpress\/wp-content\/uploads\/pic1229.jpg\" alt=\"\" width=\"500\" height=\"375\" srcset=\"https:\/\/berni.fmode.de\/wordpress\/wp-content\/uploads\/pic1229.jpg 500w, https:\/\/berni.fmode.de\/wordpress\/wp-content\/uploads\/pic1229-300x225.jpg 300w, https:\/\/berni.fmode.de\/wordpress\/wp-content\/uploads\/pic1229-400x300.jpg 400w\" sizes=\"(max-width: 500px) 100vw, 500px\" \/><p id=\"caption-attachment-3163\" class=\"wp-caption-text\">Hinter Ulrichstein folge ich zum ersten mal den Hinweisschildern ins Gilgatal zu den Langwasserh\u00f6fen. Das ist ein herrliches Tal mit leicht voralpinem Charakter und einer Hand voll sch\u00f6ner Geh\u00f6fte.<\/p><\/div>\n<div id=\"attachment_3164\" style=\"width: 510px\" class=\"wp-caption alignnone\"><img loading=\"lazy\" decoding=\"async\" aria-describedby=\"caption-attachment-3164\" class=\"size-full wp-image-3164\" title=\"izh\" src=\"https:\/\/berni.fmode.de\/wordpress\/wp-content\/uploads\/pic1329.jpg\" alt=\"\" width=\"500\" height=\"375\" srcset=\"https:\/\/berni.fmode.de\/wordpress\/wp-content\/uploads\/pic1329.jpg 500w, https:\/\/berni.fmode.de\/wordpress\/wp-content\/uploads\/pic1329-300x225.jpg 300w, https:\/\/berni.fmode.de\/wordpress\/wp-content\/uploads\/pic1329-400x300.jpg 400w\" sizes=\"(max-width: 500px) 100vw, 500px\" \/><p id=\"caption-attachment-3164\" class=\"wp-caption-text\">Aus Richtung Ulrichstein st\u00fcrmen einige dunkle Wolken heran, aber es bleibt den ganzen Tag trocken. Hier ist auch kein Nebel mehr und die Temperaturen fangen an zu steigen.<\/p><\/div>\n<div id=\"attachment_3165\" style=\"width: 510px\" class=\"wp-caption alignnone\"><img loading=\"lazy\" decoding=\"async\" aria-describedby=\"caption-attachment-3165\" class=\"size-full wp-image-3165\" title=\"izh\" src=\"https:\/\/berni.fmode.de\/wordpress\/wp-content\/uploads\/pic1425.jpg\" alt=\"\" width=\"500\" height=\"375\" srcset=\"https:\/\/berni.fmode.de\/wordpress\/wp-content\/uploads\/pic1425.jpg 500w, https:\/\/berni.fmode.de\/wordpress\/wp-content\/uploads\/pic1425-300x225.jpg 300w, https:\/\/berni.fmode.de\/wordpress\/wp-content\/uploads\/pic1425-400x300.jpg 400w\" sizes=\"(max-width: 500px) 100vw, 500px\" \/><p id=\"caption-attachment-3165\" class=\"wp-caption-text\">Zum Hoherodskopf und zur\u00fcck habe ich lediglich 70 km gefahren - zu wenig f\u00fcr einen Sonntag. Daher gehts weiter Richtung Homberg und Am\u00f6neburg. Mittlerweile ist der Himmel durchweg blau und wo keine Wolken mehr sind, wirds ruckzuck schw\u00fcl - unerfreulich schw\u00fcl.<\/p><\/div>\n<div id=\"attachment_3166\" style=\"width: 510px\" class=\"wp-caption alignnone\"><img loading=\"lazy\" decoding=\"async\" aria-describedby=\"caption-attachment-3166\" class=\"size-full wp-image-3166\" title=\"izh\" src=\"https:\/\/berni.fmode.de\/wordpress\/wp-content\/uploads\/pic1520.jpg\" alt=\"\" width=\"500\" height=\"375\" srcset=\"https:\/\/berni.fmode.de\/wordpress\/wp-content\/uploads\/pic1520.jpg 500w, https:\/\/berni.fmode.de\/wordpress\/wp-content\/uploads\/pic1520-300x225.jpg 300w, https:\/\/berni.fmode.de\/wordpress\/wp-content\/uploads\/pic1520-400x300.jpg 400w\" sizes=\"(max-width: 500px) 100vw, 500px\" \/><p id=\"caption-attachment-3166\" class=\"wp-caption-text\">Die Planeta und ich besteigen nun den Pickel und sind bald am h\u00f6chsten Punkt von Am\u00f6neburg. Eingedenk der maroden Kupplung und des ausgen\u00fcdelten Getriebes durchfahre ich den Ort aber nur kurz und dann gehts gleich wieder runter. Hier im Am\u00f6neburger Becken mit nur sehr wenigen dichten Waldst\u00fccken knallt die Sonne jetzt gewaltig und es ist unertr\u00e4glich schw\u00fcl und dr\u00fcckend - das ist Gift f\u00fcr den alten Kreislauf.<\/p><\/div>\n<div id=\"attachment_3167\" style=\"width: 510px\" class=\"wp-caption alignnone\"><img loading=\"lazy\" decoding=\"async\" aria-describedby=\"caption-attachment-3167\" class=\"size-full wp-image-3167\" title=\"izh\" src=\"https:\/\/berni.fmode.de\/wordpress\/wp-content\/uploads\/pic1619.jpg\" alt=\"\" width=\"500\" height=\"375\" srcset=\"https:\/\/berni.fmode.de\/wordpress\/wp-content\/uploads\/pic1619.jpg 500w, https:\/\/berni.fmode.de\/wordpress\/wp-content\/uploads\/pic1619-300x225.jpg 300w, https:\/\/berni.fmode.de\/wordpress\/wp-content\/uploads\/pic1619-400x300.jpg 400w\" sizes=\"(max-width: 500px) 100vw, 500px\" \/><p id=\"caption-attachment-3167\" class=\"wp-caption-text\">Aus diesem Grunde schwenken wir nun weitr\u00e4umig zur\u00fcck in den M\u00fccker Raum und halten nur noch einmal im Windpark von Atzenhain. Aber jeder Halt bedeutet Schweissausbr\u00fcche, Schwindel und Kreislaufschw\u00e4chen - bin jetzt aber auch eindeutig zu dick angezogen.<\/p><\/div>\n<div id=\"attachment_3168\" style=\"width: 510px\" class=\"wp-caption alignnone\"><img loading=\"lazy\" decoding=\"async\" aria-describedby=\"caption-attachment-3168\" class=\"size-full wp-image-3168\" title=\"izh\" src=\"https:\/\/berni.fmode.de\/wordpress\/wp-content\/uploads\/pic1717.jpg\" alt=\"\" width=\"500\" height=\"375\" srcset=\"https:\/\/berni.fmode.de\/wordpress\/wp-content\/uploads\/pic1717.jpg 500w, https:\/\/berni.fmode.de\/wordpress\/wp-content\/uploads\/pic1717-300x225.jpg 300w, https:\/\/berni.fmode.de\/wordpress\/wp-content\/uploads\/pic1717-400x300.jpg 400w\" sizes=\"(max-width: 500px) 100vw, 500px\" \/><p id=\"caption-attachment-3168\" class=\"wp-caption-text\">OK, erl\u00f6sen wir also den alternden Planetafahrer und schaukeln die paar Kilometer bis M\u00fccke heim. War eine erbauliche, ruhige und entspannende kleine Tour heute. P\u00fcnktlich zum Kaffee und mit 140 km mehr auf dem Tacho erreiche ich dann den heimischen Hafen - let&#39;s call it a day.<\/p><\/div>\n<p>&nbsp;<\/p>\n<p>&nbsp;<\/p>\n","protected":false},"excerpt":{"rendered":"<p>Nach der verregneten gestrigen Ausfahrt verspricht der Wetterbericht einen mit hoher Wahrscheinlichkeit niederschlagsfreien Tag. Dazu soll es noch nicht so heiss und schw\u00fcl werden wie in der kommenden Woche. Gute Voraussetzungen also f\u00fcr eine kleine Planetareise. Ich beschliesse, einfach in &hellip; <a href=\"https:\/\/berni.fmode.de\/wordpress\/?p=3151\">Weiterlesen <span class=\"meta-nav\">&rarr;<\/span><\/a><\/p>\n","protected":false},"author":1,"featured_media":0,"comment_status":"closed","ping_status":"closed","sticky":false,"template":"","format":"standard","meta":{"footnotes":""},"categories":[19],"tags":[],"_links":{"self":[{"href":"https:\/\/berni.fmode.de\/wordpress\/index.php?rest_route=\/wp\/v2\/posts\/3151"}],"collection":[{"href":"https:\/\/berni.fmode.de\/wordpress\/index.php?rest_route=\/wp\/v2\/posts"}],"about":[{"href":"https:\/\/berni.fmode.de\/wordpress\/index.php?rest_route=\/wp\/v2\/types\/post"}],"author":[{"embeddable":true,"href":"https:\/\/berni.fmode.de\/wordpress\/index.php?rest_route=\/wp\/v2\/users\/1"}],"replies":[{"embeddable":true,"href":"https:\/\/berni.fmode.de\/wordpress\/index.php?rest_route=%2Fwp%2Fv2%2Fcomments&post=3151"}],"version-history":[{"count":2,"href":"https:\/\/berni.fmode.de\/wordpress\/index.php?rest_route=\/wp\/v2\/posts\/3151\/revisions"}],"predecessor-version":[{"id":3170,"href":"https:\/\/berni.fmode.de\/wordpress\/index.php?rest_route=\/wp\/v2\/posts\/3151\/revisions\/3170"}],"wp:attachment":[{"href":"https:\/\/berni.fmode.de\/wordpress\/index.php?rest_route=%2Fwp%2Fv2%2Fmedia&parent=3151"}],"wp:term":[{"taxonomy":"category","embeddable":true,"href":"https:\/\/berni.fmode.de\/wordpress\/index.php?rest_route=%2Fwp%2Fv2%2Fcategories&post=3151"},{"taxonomy":"post_tag","embeddable":true,"href":"https:\/\/berni.fmode.de\/wordpress\/index.php?rest_route=%2Fwp%2Fv2%2Ftags&post=3151"}],"curies":[{"name":"wp","href":"https:\/\/api.w.org\/{rel}","templated":true}]}}