{"id":22433,"date":"2017-05-25T17:52:10","date_gmt":"2017-05-25T16:52:10","guid":{"rendered":"http:\/\/berni.fmode.de\/wordpress\/?p=22433"},"modified":"2017-05-25T17:52:10","modified_gmt":"2017-05-25T16:52:10","slug":"warum-oberaula","status":"publish","type":"post","link":"https:\/\/berni.fmode.de\/wordpress\/?p=22433","title":{"rendered":"Warum Oberaula?"},"content":{"rendered":"<p>Berechtigte Frage: Was zieht mich nach Oberaula? Denn das habe ich mir heute angesichts des perfekten Sommerwetters als Ziel f\u00fcr meine Sportster und mich gesetzt.<\/p>\n<p>Von einem besonderen Ereignis in Oberaula ist mir nichts bekannt, was also soll dieses Ziel? Eigentlich ist die Antwort einfach: Oberaula liegt im Schnittpunkt von Schwalm, Hessischem Bergland und Kn\u00fcllgebirge. Das Pendeln zwischen diesen unterschiedlichen Landschaften ist wunderbar und \u00e4u\u00dferst abwechsungsreich. Das ist der Grund f\u00fcr Oberaula.<\/p>\n<p>Kurz vor Alsfeld beschliesse ich, in Alsfeld-West f\u00fcr 5 Kilometer auf die A5 zu fahren &#8211; wirklich nur bis Alsfeld-Ost, um die Innenstadt zu umgehen. Keine gute Idee, denn nach 30 Sekunden stecke ich in einem Stop-and-go-Stau. Nach kurzem Z\u00f6gern schl\u00e4ngele ich mich in der Mitte durch und hab die Baustelle in 5 Minuten durchfahren. Zum Stehen auf der A5 ist es n\u00e4mlich schon viel zu warm.<\/p>\n<div id=\"attachment_22434\" style=\"width: 1210px\" class=\"wp-caption aligncenter\"><a href=\"https:\/\/berni.fmode.de\/wordpress\/wp-content\/uploads\/pic01-109.jpg\"><img loading=\"lazy\" decoding=\"async\" aria-describedby=\"caption-attachment-22434\" class=\"wp-image-22434 size-full\" src=\"https:\/\/berni.fmode.de\/wordpress\/wp-content\/uploads\/pic01-109.jpg\" alt=\"1988er Sportster 883\" width=\"1200\" height=\"900\" srcset=\"https:\/\/berni.fmode.de\/wordpress\/wp-content\/uploads\/pic01-109.jpg 1200w, https:\/\/berni.fmode.de\/wordpress\/wp-content\/uploads\/pic01-109-300x225.jpg 300w, https:\/\/berni.fmode.de\/wordpress\/wp-content\/uploads\/pic01-109-768x576.jpg 768w, https:\/\/berni.fmode.de\/wordpress\/wp-content\/uploads\/pic01-109-1024x768.jpg 1024w, https:\/\/berni.fmode.de\/wordpress\/wp-content\/uploads\/pic01-109-400x300.jpg 400w\" sizes=\"(max-width: 1200px) 100vw, 1200px\" \/><\/a><p id=\"caption-attachment-22434\" class=\"wp-caption-text\">Zwischen Wei\u00dfenborn und Oberaula liegt an einer extrem wenig befahrenen Nebenstrecke dieser sch\u00f6ne und gro\u00dfe Rastplatz. Alles deutet darauf hin, dass hier schon jahrelang niemand mehr eine Rast eingelegt hat, und so mache ich das. Irgendeinen Sinn soll der sch\u00f6ne Platz doch haben.<\/p><\/div>\n<div id=\"attachment_22435\" style=\"width: 1210px\" class=\"wp-caption aligncenter\"><a href=\"https:\/\/berni.fmode.de\/wordpress\/wp-content\/uploads\/pic02-109.jpg\"><img loading=\"lazy\" decoding=\"async\" aria-describedby=\"caption-attachment-22435\" class=\"wp-image-22435 size-full\" src=\"https:\/\/berni.fmode.de\/wordpress\/wp-content\/uploads\/pic02-109.jpg\" alt=\"1988er Sportster 883\" width=\"1200\" height=\"900\" srcset=\"https:\/\/berni.fmode.de\/wordpress\/wp-content\/uploads\/pic02-109.jpg 1200w, https:\/\/berni.fmode.de\/wordpress\/wp-content\/uploads\/pic02-109-300x225.jpg 300w, https:\/\/berni.fmode.de\/wordpress\/wp-content\/uploads\/pic02-109-768x576.jpg 768w, https:\/\/berni.fmode.de\/wordpress\/wp-content\/uploads\/pic02-109-1024x768.jpg 1024w, https:\/\/berni.fmode.de\/wordpress\/wp-content\/uploads\/pic02-109-400x300.jpg 400w\" sizes=\"(max-width: 1200px) 100vw, 1200px\" \/><\/a><p id=\"caption-attachment-22435\" class=\"wp-caption-text\">Dann geht es durch eine lange und supersch\u00f6ne Allee mit Eichen und Buchen &#8211; auch fast verkehrsfrei.<\/p><\/div>\n<div id=\"attachment_22436\" style=\"width: 1210px\" class=\"wp-caption aligncenter\"><a href=\"https:\/\/berni.fmode.de\/wordpress\/wp-content\/uploads\/pic03-107.jpg\"><img loading=\"lazy\" decoding=\"async\" aria-describedby=\"caption-attachment-22436\" class=\"wp-image-22436 size-full\" src=\"https:\/\/berni.fmode.de\/wordpress\/wp-content\/uploads\/pic03-107.jpg\" alt=\"1988er Sportster 883\" width=\"1200\" height=\"900\" srcset=\"https:\/\/berni.fmode.de\/wordpress\/wp-content\/uploads\/pic03-107.jpg 1200w, https:\/\/berni.fmode.de\/wordpress\/wp-content\/uploads\/pic03-107-300x225.jpg 300w, https:\/\/berni.fmode.de\/wordpress\/wp-content\/uploads\/pic03-107-768x576.jpg 768w, https:\/\/berni.fmode.de\/wordpress\/wp-content\/uploads\/pic03-107-1024x768.jpg 1024w, https:\/\/berni.fmode.de\/wordpress\/wp-content\/uploads\/pic03-107-400x300.jpg 400w\" sizes=\"(max-width: 1200px) 100vw, 1200px\" \/><\/a><p id=\"caption-attachment-22436\" class=\"wp-caption-text\">Und schon bin ich durch Oberaula und auf dem Weg ins Kn\u00fcllgebirge.<\/p><\/div>\n<div id=\"attachment_22437\" style=\"width: 1210px\" class=\"wp-caption aligncenter\"><a href=\"https:\/\/berni.fmode.de\/wordpress\/wp-content\/uploads\/pic04-97.jpg\"><img loading=\"lazy\" decoding=\"async\" aria-describedby=\"caption-attachment-22437\" class=\"wp-image-22437 size-full\" src=\"https:\/\/berni.fmode.de\/wordpress\/wp-content\/uploads\/pic04-97.jpg\" alt=\"1988er Sportster 883\" width=\"1200\" height=\"900\" srcset=\"https:\/\/berni.fmode.de\/wordpress\/wp-content\/uploads\/pic04-97.jpg 1200w, https:\/\/berni.fmode.de\/wordpress\/wp-content\/uploads\/pic04-97-300x225.jpg 300w, https:\/\/berni.fmode.de\/wordpress\/wp-content\/uploads\/pic04-97-768x576.jpg 768w, https:\/\/berni.fmode.de\/wordpress\/wp-content\/uploads\/pic04-97-1024x768.jpg 1024w, https:\/\/berni.fmode.de\/wordpress\/wp-content\/uploads\/pic04-97-400x300.jpg 400w\" sizes=\"(max-width: 1200px) 100vw, 1200px\" \/><\/a><p id=\"caption-attachment-22437\" class=\"wp-caption-text\">Schnell einen Kaffee in der Kn\u00fclljause getrunken &#8230;..<\/p><\/div>\n<div id=\"attachment_22438\" style=\"width: 1210px\" class=\"wp-caption aligncenter\"><a href=\"https:\/\/berni.fmode.de\/wordpress\/wp-content\/uploads\/pic05-84.jpg\"><img loading=\"lazy\" decoding=\"async\" aria-describedby=\"caption-attachment-22438\" class=\"wp-image-22438 size-full\" src=\"https:\/\/berni.fmode.de\/wordpress\/wp-content\/uploads\/pic05-84.jpg\" alt=\"1988er Sportster 883\" width=\"1200\" height=\"900\" srcset=\"https:\/\/berni.fmode.de\/wordpress\/wp-content\/uploads\/pic05-84.jpg 1200w, https:\/\/berni.fmode.de\/wordpress\/wp-content\/uploads\/pic05-84-300x225.jpg 300w, https:\/\/berni.fmode.de\/wordpress\/wp-content\/uploads\/pic05-84-768x576.jpg 768w, https:\/\/berni.fmode.de\/wordpress\/wp-content\/uploads\/pic05-84-1024x768.jpg 1024w, https:\/\/berni.fmode.de\/wordpress\/wp-content\/uploads\/pic05-84-400x300.jpg 400w\" sizes=\"(max-width: 1200px) 100vw, 1200px\" \/><\/a><p id=\"caption-attachment-22438\" class=\"wp-caption-text\">&#8230;.. noch einen Blick auf den Eisenberg geworfen, an dem ich aber heute nicht halte: Die Gastronomie ist rappelvoll.<\/p><\/div>\n<div id=\"attachment_22439\" style=\"width: 1210px\" class=\"wp-caption aligncenter\"><a href=\"https:\/\/berni.fmode.de\/wordpress\/wp-content\/uploads\/pic06-70.jpg\"><img loading=\"lazy\" decoding=\"async\" aria-describedby=\"caption-attachment-22439\" class=\"wp-image-22439 size-full\" src=\"https:\/\/berni.fmode.de\/wordpress\/wp-content\/uploads\/pic06-70.jpg\" alt=\"1988er Sportster 883\" width=\"1200\" height=\"900\" srcset=\"https:\/\/berni.fmode.de\/wordpress\/wp-content\/uploads\/pic06-70.jpg 1200w, https:\/\/berni.fmode.de\/wordpress\/wp-content\/uploads\/pic06-70-300x225.jpg 300w, https:\/\/berni.fmode.de\/wordpress\/wp-content\/uploads\/pic06-70-768x576.jpg 768w, https:\/\/berni.fmode.de\/wordpress\/wp-content\/uploads\/pic06-70-1024x768.jpg 1024w, https:\/\/berni.fmode.de\/wordpress\/wp-content\/uploads\/pic06-70-400x300.jpg 400w\" sizes=\"(max-width: 1200px) 100vw, 1200px\" \/><\/a><p id=\"caption-attachment-22439\" class=\"wp-caption-text\">Statt dessen mache ich einen Schlenker ins Hessische Waldland um dann sp\u00e4ter in die Schwalm abzubiegen. Hier jedoch bin ich bereits nahe Himmelsberg, also schon im Marburger Land.<\/p><\/div>\n<div id=\"attachment_22440\" style=\"width: 1210px\" class=\"wp-caption aligncenter\"><a href=\"https:\/\/berni.fmode.de\/wordpress\/wp-content\/uploads\/pic07-61.jpg\"><img loading=\"lazy\" decoding=\"async\" aria-describedby=\"caption-attachment-22440\" class=\"wp-image-22440 size-full\" src=\"https:\/\/berni.fmode.de\/wordpress\/wp-content\/uploads\/pic07-61.jpg\" alt=\"1988er Sportster 883\" width=\"1200\" height=\"900\" srcset=\"https:\/\/berni.fmode.de\/wordpress\/wp-content\/uploads\/pic07-61.jpg 1200w, https:\/\/berni.fmode.de\/wordpress\/wp-content\/uploads\/pic07-61-300x225.jpg 300w, https:\/\/berni.fmode.de\/wordpress\/wp-content\/uploads\/pic07-61-768x576.jpg 768w, https:\/\/berni.fmode.de\/wordpress\/wp-content\/uploads\/pic07-61-1024x768.jpg 1024w, https:\/\/berni.fmode.de\/wordpress\/wp-content\/uploads\/pic07-61-400x300.jpg 400w\" sizes=\"(max-width: 1200px) 100vw, 1200px\" \/><\/a><p id=\"caption-attachment-22440\" class=\"wp-caption-text\">Nach 150 Meilen beende ich die heutige Vatertagsfahrt. Vorher schaue ich mir aber noch kurz einen neuen Laden in Laubach an: Hier gibts Zubeh\u00f6r, Bekleidung und Accessoires f\u00fcr &#8230;.. Motorradfahrer. Sind ein paar richtig h\u00fcbsche Sachen dabei.<\/p><\/div>\n","protected":false},"excerpt":{"rendered":"<p>Berechtigte Frage: Was zieht mich nach Oberaula? Denn das habe ich mir heute angesichts des perfekten Sommerwetters als Ziel f\u00fcr meine Sportster und mich gesetzt. Von einem besonderen Ereignis in Oberaula ist mir nichts bekannt, was also soll dieses Ziel? &hellip; <a href=\"https:\/\/berni.fmode.de\/wordpress\/?p=22433\">Weiterlesen <span class=\"meta-nav\">&rarr;<\/span><\/a><\/p>\n","protected":false},"author":1,"featured_media":21359,"comment_status":"closed","ping_status":"closed","sticky":false,"template":"","format":"standard","meta":{"footnotes":""},"categories":[39],"tags":[],"_links":{"self":[{"href":"https:\/\/berni.fmode.de\/wordpress\/index.php?rest_route=\/wp\/v2\/posts\/22433"}],"collection":[{"href":"https:\/\/berni.fmode.de\/wordpress\/index.php?rest_route=\/wp\/v2\/posts"}],"about":[{"href":"https:\/\/berni.fmode.de\/wordpress\/index.php?rest_route=\/wp\/v2\/types\/post"}],"author":[{"embeddable":true,"href":"https:\/\/berni.fmode.de\/wordpress\/index.php?rest_route=\/wp\/v2\/users\/1"}],"replies":[{"embeddable":true,"href":"https:\/\/berni.fmode.de\/wordpress\/index.php?rest_route=%2Fwp%2Fv2%2Fcomments&post=22433"}],"version-history":[{"count":1,"href":"https:\/\/berni.fmode.de\/wordpress\/index.php?rest_route=\/wp\/v2\/posts\/22433\/revisions"}],"predecessor-version":[{"id":22441,"href":"https:\/\/berni.fmode.de\/wordpress\/index.php?rest_route=\/wp\/v2\/posts\/22433\/revisions\/22441"}],"wp:featuredmedia":[{"embeddable":true,"href":"https:\/\/berni.fmode.de\/wordpress\/index.php?rest_route=\/wp\/v2\/media\/21359"}],"wp:attachment":[{"href":"https:\/\/berni.fmode.de\/wordpress\/index.php?rest_route=%2Fwp%2Fv2%2Fmedia&parent=22433"}],"wp:term":[{"taxonomy":"category","embeddable":true,"href":"https:\/\/berni.fmode.de\/wordpress\/index.php?rest_route=%2Fwp%2Fv2%2Fcategories&post=22433"},{"taxonomy":"post_tag","embeddable":true,"href":"https:\/\/berni.fmode.de\/wordpress\/index.php?rest_route=%2Fwp%2Fv2%2Ftags&post=22433"}],"curies":[{"name":"wp","href":"https:\/\/api.w.org\/{rel}","templated":true}]}}