{"id":22178,"date":"2017-04-23T15:05:18","date_gmt":"2017-04-23T14:05:18","guid":{"rendered":"http:\/\/berni.fmode.de\/wordpress\/?p=22178"},"modified":"2017-04-23T15:09:05","modified_gmt":"2017-04-23T14:09:05","slug":"sieht-ja-ganz-gut-aus","status":"publish","type":"post","link":"https:\/\/berni.fmode.de\/wordpress\/?p=22178","title":{"rendered":"Sieht ja ganz gut aus"},"content":{"rendered":"<p>&#8230;&#8230;. das Wetter heute. So gut, dass ich mich um 13:00 umkleide und in die Garage begebe. Eigentlich will ich ja mit der grauen Enfield eine 150 km Testfahrt machen, aber wie ich so vor meinen Sch\u00e4tzchen stehe wird mir klar, dass die Sportster in diesem &#8222;Fr\u00fchling&#8220; noch keine Meile bewegt wurde. Also kurzerhand umdisponiert und die Harley gestartet, die auch sofort und problemlos anspringt.<\/p>\n<p>Der Plan ist, zun\u00e4chst an den Antrifttal Stausee zu fahren, dort einen gro\u00dfen Cappuccino zu schl\u00fcrfen und anschliessend die restlichen 100 km im Altkreis Alsfeld zu absolvieren.<\/p>\n<p>Aber bereits nach 20 Kilometern in Richtung Antrifttal sp\u00fcre ich sie &#8211; die K\u00e4lte. So sch\u00f6n das Wetter auch aussieht &#8211; es ist erb\u00e4rmlich kalt und Schuld daran ist der starke, eisige und schneidende Ostwind. Also wird erneut umdisponiert und ich drehe ab in Richtung Westen in der Hoffnung, dass es dort nicht mehr ganz so kalt ist. Ein Irrtum, wie sich bald zeigt.<\/p>\n<div id=\"attachment_22179\" style=\"width: 1210px\" class=\"wp-caption aligncenter\"><a href=\"https:\/\/berni.fmode.de\/wordpress\/wp-content\/uploads\/pic1-18.jpg\"><img loading=\"lazy\" decoding=\"async\" aria-describedby=\"caption-attachment-22179\" class=\"wp-image-22179 size-full\" src=\"https:\/\/berni.fmode.de\/wordpress\/wp-content\/uploads\/pic1-18.jpg\" alt=\"HD Sportster\" width=\"1200\" height=\"900\" srcset=\"https:\/\/berni.fmode.de\/wordpress\/wp-content\/uploads\/pic1-18.jpg 1200w, https:\/\/berni.fmode.de\/wordpress\/wp-content\/uploads\/pic1-18-300x225.jpg 300w, https:\/\/berni.fmode.de\/wordpress\/wp-content\/uploads\/pic1-18-768x576.jpg 768w, https:\/\/berni.fmode.de\/wordpress\/wp-content\/uploads\/pic1-18-1024x768.jpg 1024w, https:\/\/berni.fmode.de\/wordpress\/wp-content\/uploads\/pic1-18-400x300.jpg 400w\" sizes=\"(max-width: 1200px) 100vw, 1200px\" \/><\/a><p id=\"caption-attachment-22179\" class=\"wp-caption-text\">So kann man sich t\u00e4uschen: Frisches Gr\u00fcn an den B\u00e4umen, beginnende Bl\u00fcte, blauer Himmel &#8211; aber elendig kalt. Bereits hier in Lehrbach habe ich eiskalte Pfoten &#8211; und das nach gerade mal 30 Kilometern.<\/p><\/div>\n<div id=\"attachment_22180\" style=\"width: 1210px\" class=\"wp-caption aligncenter\"><a href=\"https:\/\/berni.fmode.de\/wordpress\/wp-content\/uploads\/pic2-18.jpg\"><img loading=\"lazy\" decoding=\"async\" aria-describedby=\"caption-attachment-22180\" class=\"wp-image-22180 size-full\" src=\"https:\/\/berni.fmode.de\/wordpress\/wp-content\/uploads\/pic2-18.jpg\" alt=\"HD Sportster\" width=\"1200\" height=\"900\" srcset=\"https:\/\/berni.fmode.de\/wordpress\/wp-content\/uploads\/pic2-18.jpg 1200w, https:\/\/berni.fmode.de\/wordpress\/wp-content\/uploads\/pic2-18-300x225.jpg 300w, https:\/\/berni.fmode.de\/wordpress\/wp-content\/uploads\/pic2-18-768x576.jpg 768w, https:\/\/berni.fmode.de\/wordpress\/wp-content\/uploads\/pic2-18-1024x768.jpg 1024w, https:\/\/berni.fmode.de\/wordpress\/wp-content\/uploads\/pic2-18-400x300.jpg 400w\" sizes=\"(max-width: 1200px) 100vw, 1200px\" \/><\/a><p id=\"caption-attachment-22180\" class=\"wp-caption-text\">Etwas weiter westlich am Gleenbach nahe Niederklein ist es noch genau so kalt.<\/p><\/div>\n<div id=\"attachment_22181\" style=\"width: 1210px\" class=\"wp-caption aligncenter\"><a href=\"https:\/\/berni.fmode.de\/wordpress\/wp-content\/uploads\/pic3-15.jpg\"><img loading=\"lazy\" decoding=\"async\" aria-describedby=\"caption-attachment-22181\" class=\"wp-image-22181 size-full\" src=\"https:\/\/berni.fmode.de\/wordpress\/wp-content\/uploads\/pic3-15.jpg\" alt=\"Gleenbach\" width=\"1200\" height=\"900\" srcset=\"https:\/\/berni.fmode.de\/wordpress\/wp-content\/uploads\/pic3-15.jpg 1200w, https:\/\/berni.fmode.de\/wordpress\/wp-content\/uploads\/pic3-15-300x225.jpg 300w, https:\/\/berni.fmode.de\/wordpress\/wp-content\/uploads\/pic3-15-768x576.jpg 768w, https:\/\/berni.fmode.de\/wordpress\/wp-content\/uploads\/pic3-15-1024x768.jpg 1024w, https:\/\/berni.fmode.de\/wordpress\/wp-content\/uploads\/pic3-15-400x300.jpg 400w\" sizes=\"(max-width: 1200px) 100vw, 1200px\" \/><\/a><p id=\"caption-attachment-22181\" class=\"wp-caption-text\">Die alte und fast verfallene Br\u00fccke \u00fcber den Gleenbach werde ich wohl mit der Sportster nicht befahren k\u00f6nnen. Daf\u00fcr w\u00e4re eine Enfield mit leichtem Trial-Umbau das Richtige. Hab ich aber nicht, noch nicht.<\/p><\/div>\n<div id=\"attachment_22182\" style=\"width: 1210px\" class=\"wp-caption aligncenter\"><a href=\"https:\/\/berni.fmode.de\/wordpress\/wp-content\/uploads\/pic4-11.jpg\"><img loading=\"lazy\" decoding=\"async\" aria-describedby=\"caption-attachment-22182\" class=\"wp-image-22182 size-full\" src=\"https:\/\/berni.fmode.de\/wordpress\/wp-content\/uploads\/pic4-11.jpg\" alt=\"HD Sportster\" width=\"1200\" height=\"900\" srcset=\"https:\/\/berni.fmode.de\/wordpress\/wp-content\/uploads\/pic4-11.jpg 1200w, https:\/\/berni.fmode.de\/wordpress\/wp-content\/uploads\/pic4-11-300x225.jpg 300w, https:\/\/berni.fmode.de\/wordpress\/wp-content\/uploads\/pic4-11-768x576.jpg 768w, https:\/\/berni.fmode.de\/wordpress\/wp-content\/uploads\/pic4-11-1024x768.jpg 1024w, https:\/\/berni.fmode.de\/wordpress\/wp-content\/uploads\/pic4-11-400x300.jpg 400w\" sizes=\"(max-width: 1200px) 100vw, 1200px\" \/><\/a><p id=\"caption-attachment-22182\" class=\"wp-caption-text\">Auch noch weiter westlich im Am\u00f6neburger Becken wird es kein Grad w\u00e4rmer. Gesicht und H\u00e4nde sind mittlerweile am Gefrierpunkt angelangt, dar\u00fcber kann auch der bl\u00fchende Mais nicht hinweg t\u00e4uschen. H\u00e4tte besser den Integralhelm und die Winterhandschuhe gew\u00e4hlt. Aber trotz allem mache ich heute noch die 60 Meilen voll.<\/p><\/div>\n<p>Nach den Fahrten der letzten Wochen mit den beiden Enfields muss ich mich doch tats\u00e4chlich wieder an die Sporty gew\u00f6hnen, besonders an die 60 zus\u00e4tzlichen Kilo. Aber ruckzuck ist &#8211; trotz der K\u00e4lte &#8211; der Spa\u00df am V2-Langhuber wieder da. Und so soll das sein.<\/p>\n<p>Vor der n\u00e4chsten Fahrt mit der Sporty werde ich aber den kleinen Wartungsstau aufl\u00f6sen und den linken Gabelsimmerring erneuern.<\/p>\n","protected":false},"excerpt":{"rendered":"<p>&#8230;&#8230;. das Wetter heute. So gut, dass ich mich um 13:00 umkleide und in die Garage begebe. Eigentlich will ich ja mit der grauen Enfield eine 150 km Testfahrt machen, aber wie ich so vor meinen Sch\u00e4tzchen stehe wird mir &hellip; <a href=\"https:\/\/berni.fmode.de\/wordpress\/?p=22178\">Weiterlesen <span class=\"meta-nav\">&rarr;<\/span><\/a><\/p>\n","protected":false},"author":1,"featured_media":21361,"comment_status":"closed","ping_status":"closed","sticky":false,"template":"","format":"standard","meta":{"footnotes":""},"categories":[39],"tags":[],"_links":{"self":[{"href":"https:\/\/berni.fmode.de\/wordpress\/index.php?rest_route=\/wp\/v2\/posts\/22178"}],"collection":[{"href":"https:\/\/berni.fmode.de\/wordpress\/index.php?rest_route=\/wp\/v2\/posts"}],"about":[{"href":"https:\/\/berni.fmode.de\/wordpress\/index.php?rest_route=\/wp\/v2\/types\/post"}],"author":[{"embeddable":true,"href":"https:\/\/berni.fmode.de\/wordpress\/index.php?rest_route=\/wp\/v2\/users\/1"}],"replies":[{"embeddable":true,"href":"https:\/\/berni.fmode.de\/wordpress\/index.php?rest_route=%2Fwp%2Fv2%2Fcomments&post=22178"}],"version-history":[{"count":4,"href":"https:\/\/berni.fmode.de\/wordpress\/index.php?rest_route=\/wp\/v2\/posts\/22178\/revisions"}],"predecessor-version":[{"id":22186,"href":"https:\/\/berni.fmode.de\/wordpress\/index.php?rest_route=\/wp\/v2\/posts\/22178\/revisions\/22186"}],"wp:featuredmedia":[{"embeddable":true,"href":"https:\/\/berni.fmode.de\/wordpress\/index.php?rest_route=\/wp\/v2\/media\/21361"}],"wp:attachment":[{"href":"https:\/\/berni.fmode.de\/wordpress\/index.php?rest_route=%2Fwp%2Fv2%2Fmedia&parent=22178"}],"wp:term":[{"taxonomy":"category","embeddable":true,"href":"https:\/\/berni.fmode.de\/wordpress\/index.php?rest_route=%2Fwp%2Fv2%2Fcategories&post=22178"},{"taxonomy":"post_tag","embeddable":true,"href":"https:\/\/berni.fmode.de\/wordpress\/index.php?rest_route=%2Fwp%2Fv2%2Ftags&post=22178"}],"curies":[{"name":"wp","href":"https:\/\/api.w.org\/{rel}","templated":true}]}}