{"id":21380,"date":"2016-09-03T18:24:01","date_gmt":"2016-09-03T17:24:01","guid":{"rendered":"http:\/\/berni.fmode.de\/wordpress\/?p=21380"},"modified":"2016-09-03T18:24:01","modified_gmt":"2016-09-03T17:24:01","slug":"jumbo-mit-zweien","status":"publish","type":"post","link":"https:\/\/berni.fmode.de\/wordpress\/?p=21380","title":{"rendered":"Jumbo mit Zweien"},"content":{"rendered":"<p>Das Erstaunlichste an der diesj\u00e4hrigen Jumbofahrt der Schottener Reha in Homberg ist, dass mich Elo, die Organisatorin, trotz meines Umzugs ausfindig gemacht hat. Da kommt eines sch\u00f6nen Nachmittags unsere Nachbarin Doris und sagt, ich solle Elo mal anrufen. So kommt es also, dass ich die 2016er Jumbo-Fahrt nicht verpasse.<\/p>\n<p>Allerdings hab ich gar kein Gespann mehr, aber auch das macht nichts und Elo ist sicher, einen Solo-geeigneten Mitfahrer f\u00fcr mich zu finden.<\/p>\n<div id=\"attachment_21381\" style=\"width: 1210px\" class=\"wp-caption aligncenter\"><a href=\"https:\/\/berni.fmode.de\/wordpress\/wp-content\/uploads\/pic01-59.jpg\"><img loading=\"lazy\" decoding=\"async\" aria-describedby=\"caption-attachment-21381\" class=\"wp-image-21381 size-full\" src=\"https:\/\/berni.fmode.de\/wordpress\/wp-content\/uploads\/pic01-59.jpg\" alt=\"Jumbo-Fahrt 2016\" width=\"1200\" height=\"900\" srcset=\"https:\/\/berni.fmode.de\/wordpress\/wp-content\/uploads\/pic01-59.jpg 1200w, https:\/\/berni.fmode.de\/wordpress\/wp-content\/uploads\/pic01-59-300x225.jpg 300w, https:\/\/berni.fmode.de\/wordpress\/wp-content\/uploads\/pic01-59-768x576.jpg 768w, https:\/\/berni.fmode.de\/wordpress\/wp-content\/uploads\/pic01-59-1024x768.jpg 1024w, https:\/\/berni.fmode.de\/wordpress\/wp-content\/uploads\/pic01-59-400x300.jpg 400w\" sizes=\"(max-width: 1200px) 100vw, 1200px\" \/><\/a><p id=\"caption-attachment-21381\" class=\"wp-caption-text\">Also laufe ich am Mittag mit der Sportster in Homberg ein. Wenn das mit dem Beifahrer klappt, w\u00e4re nicht nur meine erste Jumbo-Fahrt solo, sondern auch meine erste Sportster-Fahrt mit Sozius.<\/p><\/div>\n<div id=\"attachment_21382\" style=\"width: 1210px\" class=\"wp-caption aligncenter\"><a href=\"https:\/\/berni.fmode.de\/wordpress\/wp-content\/uploads\/pic02-59.jpg\"><img loading=\"lazy\" decoding=\"async\" aria-describedby=\"caption-attachment-21382\" class=\"wp-image-21382 size-full\" src=\"https:\/\/berni.fmode.de\/wordpress\/wp-content\/uploads\/pic02-59.jpg\" alt=\"Jumbo-Fahrt 2016\" width=\"1200\" height=\"900\" srcset=\"https:\/\/berni.fmode.de\/wordpress\/wp-content\/uploads\/pic02-59.jpg 1200w, https:\/\/berni.fmode.de\/wordpress\/wp-content\/uploads\/pic02-59-300x225.jpg 300w, https:\/\/berni.fmode.de\/wordpress\/wp-content\/uploads\/pic02-59-768x576.jpg 768w, https:\/\/berni.fmode.de\/wordpress\/wp-content\/uploads\/pic02-59-1024x768.jpg 1024w, https:\/\/berni.fmode.de\/wordpress\/wp-content\/uploads\/pic02-59-400x300.jpg 400w\" sizes=\"(max-width: 1200px) 100vw, 1200px\" \/><\/a><p id=\"caption-attachment-21382\" class=\"wp-caption-text\">Nach l\u00e4ngerer Zeit treffe ich auch Klaus mit seinem sch\u00f6nen R50-Gespann wieder.<\/p><\/div>\n<div id=\"attachment_21383\" style=\"width: 1210px\" class=\"wp-caption aligncenter\"><a href=\"https:\/\/berni.fmode.de\/wordpress\/wp-content\/uploads\/pic03-59.jpg\"><img loading=\"lazy\" decoding=\"async\" aria-describedby=\"caption-attachment-21383\" class=\"wp-image-21383 size-full\" src=\"https:\/\/berni.fmode.de\/wordpress\/wp-content\/uploads\/pic03-59.jpg\" alt=\"Jumbo-Fahrt 2016\" width=\"1200\" height=\"900\" srcset=\"https:\/\/berni.fmode.de\/wordpress\/wp-content\/uploads\/pic03-59.jpg 1200w, https:\/\/berni.fmode.de\/wordpress\/wp-content\/uploads\/pic03-59-300x225.jpg 300w, https:\/\/berni.fmode.de\/wordpress\/wp-content\/uploads\/pic03-59-768x576.jpg 768w, https:\/\/berni.fmode.de\/wordpress\/wp-content\/uploads\/pic03-59-1024x768.jpg 1024w, https:\/\/berni.fmode.de\/wordpress\/wp-content\/uploads\/pic03-59-400x300.jpg 400w\" sizes=\"(max-width: 1200px) 100vw, 1200px\" \/><\/a><p id=\"caption-attachment-21383\" class=\"wp-caption-text\">Das ist Stefan, mein Beifahrer f\u00fcr heute. Mal sehen, wie das mit uns beiden klappt.<\/p><\/div>\n<div id=\"attachment_21384\" style=\"width: 1210px\" class=\"wp-caption aligncenter\"><a href=\"https:\/\/berni.fmode.de\/wordpress\/wp-content\/uploads\/pic04-53.jpg\"><img loading=\"lazy\" decoding=\"async\" aria-describedby=\"caption-attachment-21384\" class=\"wp-image-21384 size-full\" src=\"https:\/\/berni.fmode.de\/wordpress\/wp-content\/uploads\/pic04-53.jpg\" alt=\"Jumbo-Fahrt 2016\" width=\"1200\" height=\"900\" srcset=\"https:\/\/berni.fmode.de\/wordpress\/wp-content\/uploads\/pic04-53.jpg 1200w, https:\/\/berni.fmode.de\/wordpress\/wp-content\/uploads\/pic04-53-300x225.jpg 300w, https:\/\/berni.fmode.de\/wordpress\/wp-content\/uploads\/pic04-53-768x576.jpg 768w, https:\/\/berni.fmode.de\/wordpress\/wp-content\/uploads\/pic04-53-1024x768.jpg 1024w, https:\/\/berni.fmode.de\/wordpress\/wp-content\/uploads\/pic04-53-400x300.jpg 400w\" sizes=\"(max-width: 1200px) 100vw, 1200px\" \/><\/a><p id=\"caption-attachment-21384\" class=\"wp-caption-text\">Und auch der Gr\u00fcnberger AMC ist vertreten, hier im Bild K-O mit seinem Boxer-Gespann. Wie ich erfahre, wird aber \u00fcber ein Flying Brick Gespann nachgedacht.<\/p><\/div>\n<div id=\"attachment_21385\" style=\"width: 1210px\" class=\"wp-caption aligncenter\"><a href=\"https:\/\/berni.fmode.de\/wordpress\/wp-content\/uploads\/pic05-47.jpg\"><img loading=\"lazy\" decoding=\"async\" aria-describedby=\"caption-attachment-21385\" class=\"wp-image-21385 size-full\" src=\"https:\/\/berni.fmode.de\/wordpress\/wp-content\/uploads\/pic05-47.jpg\" alt=\"Jumbo-Fahrt 2016\" width=\"1200\" height=\"900\" srcset=\"https:\/\/berni.fmode.de\/wordpress\/wp-content\/uploads\/pic05-47.jpg 1200w, https:\/\/berni.fmode.de\/wordpress\/wp-content\/uploads\/pic05-47-300x225.jpg 300w, https:\/\/berni.fmode.de\/wordpress\/wp-content\/uploads\/pic05-47-768x576.jpg 768w, https:\/\/berni.fmode.de\/wordpress\/wp-content\/uploads\/pic05-47-1024x768.jpg 1024w, https:\/\/berni.fmode.de\/wordpress\/wp-content\/uploads\/pic05-47-400x300.jpg 400w\" sizes=\"(max-width: 1200px) 100vw, 1200px\" \/><\/a><p id=\"caption-attachment-21385\" class=\"wp-caption-text\">Tats\u00e4chlich ist noch eine weitere Solo-Harley verteten, die aber ohne Beifahrer auskommen muss.<\/p><\/div>\n<div id=\"attachment_21386\" style=\"width: 1210px\" class=\"wp-caption aligncenter\"><a href=\"https:\/\/berni.fmode.de\/wordpress\/wp-content\/uploads\/pic06-41.jpg\"><img loading=\"lazy\" decoding=\"async\" aria-describedby=\"caption-attachment-21386\" class=\"wp-image-21386 size-full\" src=\"https:\/\/berni.fmode.de\/wordpress\/wp-content\/uploads\/pic06-41.jpg\" alt=\"Jumbo-Fahrt 2016\" width=\"1200\" height=\"900\" srcset=\"https:\/\/berni.fmode.de\/wordpress\/wp-content\/uploads\/pic06-41.jpg 1200w, https:\/\/berni.fmode.de\/wordpress\/wp-content\/uploads\/pic06-41-300x225.jpg 300w, https:\/\/berni.fmode.de\/wordpress\/wp-content\/uploads\/pic06-41-768x576.jpg 768w, https:\/\/berni.fmode.de\/wordpress\/wp-content\/uploads\/pic06-41-1024x768.jpg 1024w, https:\/\/berni.fmode.de\/wordpress\/wp-content\/uploads\/pic06-41-400x300.jpg 400w\" sizes=\"(max-width: 1200px) 100vw, 1200px\" \/><\/a><p id=\"caption-attachment-21386\" class=\"wp-caption-text\">Noch ein paar Worte der Organisatoren und dann geht es p\u00fcnktlich los in Richtung Lauterbach. Die Streckenplanung h\u00e4tte von mir sein k\u00f6nnen: Nur allerkleinste Strassen. Und es macht mal wieder richtig Spa\u00df, in einem gr\u00f6\u00dferen Konvoi zu fahren.<\/p><\/div>\n<div id=\"attachment_21387\" style=\"width: 1210px\" class=\"wp-caption aligncenter\"><a href=\"https:\/\/berni.fmode.de\/wordpress\/wp-content\/uploads\/pic07-35.jpg\"><img loading=\"lazy\" decoding=\"async\" aria-describedby=\"caption-attachment-21387\" class=\"wp-image-21387 size-full\" src=\"https:\/\/berni.fmode.de\/wordpress\/wp-content\/uploads\/pic07-35.jpg\" alt=\"Jumbo-Fahrt 2016\" width=\"1200\" height=\"900\" srcset=\"https:\/\/berni.fmode.de\/wordpress\/wp-content\/uploads\/pic07-35.jpg 1200w, https:\/\/berni.fmode.de\/wordpress\/wp-content\/uploads\/pic07-35-300x225.jpg 300w, https:\/\/berni.fmode.de\/wordpress\/wp-content\/uploads\/pic07-35-768x576.jpg 768w, https:\/\/berni.fmode.de\/wordpress\/wp-content\/uploads\/pic07-35-1024x768.jpg 1024w, https:\/\/berni.fmode.de\/wordpress\/wp-content\/uploads\/pic07-35-400x300.jpg 400w\" sizes=\"(max-width: 1200px) 100vw, 1200px\" \/><\/a><p id=\"caption-attachment-21387\" class=\"wp-caption-text\">Das ist unser Ziel: Schlo\u00df Eisenbach bei Lauterbach. Im Restaurant Burg Post werden wir bereits erwartet.<\/p><\/div>\n<div id=\"attachment_21388\" style=\"width: 1210px\" class=\"wp-caption aligncenter\"><a href=\"https:\/\/berni.fmode.de\/wordpress\/wp-content\/uploads\/pic08-31.jpg\"><img loading=\"lazy\" decoding=\"async\" aria-describedby=\"caption-attachment-21388\" class=\"wp-image-21388 size-full\" src=\"https:\/\/berni.fmode.de\/wordpress\/wp-content\/uploads\/pic08-31.jpg\" alt=\"Jumbo-Fahrt 2016\" width=\"1200\" height=\"900\" srcset=\"https:\/\/berni.fmode.de\/wordpress\/wp-content\/uploads\/pic08-31.jpg 1200w, https:\/\/berni.fmode.de\/wordpress\/wp-content\/uploads\/pic08-31-300x225.jpg 300w, https:\/\/berni.fmode.de\/wordpress\/wp-content\/uploads\/pic08-31-768x576.jpg 768w, https:\/\/berni.fmode.de\/wordpress\/wp-content\/uploads\/pic08-31-1024x768.jpg 1024w, https:\/\/berni.fmode.de\/wordpress\/wp-content\/uploads\/pic08-31-400x300.jpg 400w\" sizes=\"(max-width: 1200px) 100vw, 1200px\" \/><\/a><p id=\"caption-attachment-21388\" class=\"wp-caption-text\">Die Fahrt nach Lauterbach hat ca. eine Stunde gedauert, und mein Beifahrer Stefan war einfach perfekt: Hab ihn \u00fcberhaupt nicht bemerkt, und das ist das h\u00f6chste Lob f\u00fcr einen Sozius. Ist schon eine coole Socke, dieser Stefan.<\/p><\/div>\n<div id=\"attachment_21389\" style=\"width: 1210px\" class=\"wp-caption aligncenter\"><a href=\"https:\/\/berni.fmode.de\/wordpress\/wp-content\/uploads\/pic09-27.jpg\"><img loading=\"lazy\" decoding=\"async\" aria-describedby=\"caption-attachment-21389\" class=\"wp-image-21389 size-full\" src=\"https:\/\/berni.fmode.de\/wordpress\/wp-content\/uploads\/pic09-27.jpg\" alt=\"Jumbo-Fahrt 2016\" width=\"1200\" height=\"900\" srcset=\"https:\/\/berni.fmode.de\/wordpress\/wp-content\/uploads\/pic09-27.jpg 1200w, https:\/\/berni.fmode.de\/wordpress\/wp-content\/uploads\/pic09-27-300x225.jpg 300w, https:\/\/berni.fmode.de\/wordpress\/wp-content\/uploads\/pic09-27-768x576.jpg 768w, https:\/\/berni.fmode.de\/wordpress\/wp-content\/uploads\/pic09-27-1024x768.jpg 1024w, https:\/\/berni.fmode.de\/wordpress\/wp-content\/uploads\/pic09-27-400x300.jpg 400w\" sizes=\"(max-width: 1200px) 100vw, 1200px\" \/><\/a><p id=\"caption-attachment-21389\" class=\"wp-caption-text\">Jetzt gibt es Kaffee, Kuchen, Eis &#8211; alles, was so ein Restaurant zu bieten hat.<\/p><\/div>\n<div id=\"attachment_21390\" style=\"width: 1210px\" class=\"wp-caption aligncenter\"><a href=\"https:\/\/berni.fmode.de\/wordpress\/wp-content\/uploads\/pic10-24.jpg\"><img loading=\"lazy\" decoding=\"async\" aria-describedby=\"caption-attachment-21390\" class=\"wp-image-21390 size-full\" src=\"https:\/\/berni.fmode.de\/wordpress\/wp-content\/uploads\/pic10-24.jpg\" alt=\"Jumbo-Fahrt 2016\" width=\"1200\" height=\"900\" srcset=\"https:\/\/berni.fmode.de\/wordpress\/wp-content\/uploads\/pic10-24.jpg 1200w, https:\/\/berni.fmode.de\/wordpress\/wp-content\/uploads\/pic10-24-300x225.jpg 300w, https:\/\/berni.fmode.de\/wordpress\/wp-content\/uploads\/pic10-24-768x576.jpg 768w, https:\/\/berni.fmode.de\/wordpress\/wp-content\/uploads\/pic10-24-1024x768.jpg 1024w, https:\/\/berni.fmode.de\/wordpress\/wp-content\/uploads\/pic10-24-400x300.jpg 400w\" sizes=\"(max-width: 1200px) 100vw, 1200px\" \/><\/a><p id=\"caption-attachment-21390\" class=\"wp-caption-text\">Ebenso sch\u00f6n und unproblematisch wie die Hinfahrt verl\u00e4uft auch die R\u00fcckfahrt. In Homberg gl\u00fcht bereits der Grill und hier lassen wir die Aktion langsam ausklingen. Was soll ich sagen: Es war eigentlich wie immer: Ausgesprochen nett und kurzweilig. Dann bis 2017, hoffentlich wieder auf drei R\u00e4dern.<\/p><\/div>\n","protected":false},"excerpt":{"rendered":"<p>Das Erstaunlichste an der diesj\u00e4hrigen Jumbofahrt der Schottener Reha in Homberg ist, dass mich Elo, die Organisatorin, trotz meines Umzugs ausfindig gemacht hat. Da kommt eines sch\u00f6nen Nachmittags unsere Nachbarin Doris und sagt, ich solle Elo mal anrufen. So kommt &hellip; <a href=\"https:\/\/berni.fmode.de\/wordpress\/?p=21380\">Weiterlesen <span class=\"meta-nav\">&rarr;<\/span><\/a><\/p>\n","protected":false},"author":1,"featured_media":21359,"comment_status":"closed","ping_status":"closed","sticky":false,"template":"","format":"standard","meta":{"footnotes":""},"categories":[39,18],"tags":[],"_links":{"self":[{"href":"https:\/\/berni.fmode.de\/wordpress\/index.php?rest_route=\/wp\/v2\/posts\/21380"}],"collection":[{"href":"https:\/\/berni.fmode.de\/wordpress\/index.php?rest_route=\/wp\/v2\/posts"}],"about":[{"href":"https:\/\/berni.fmode.de\/wordpress\/index.php?rest_route=\/wp\/v2\/types\/post"}],"author":[{"embeddable":true,"href":"https:\/\/berni.fmode.de\/wordpress\/index.php?rest_route=\/wp\/v2\/users\/1"}],"replies":[{"embeddable":true,"href":"https:\/\/berni.fmode.de\/wordpress\/index.php?rest_route=%2Fwp%2Fv2%2Fcomments&post=21380"}],"version-history":[{"count":1,"href":"https:\/\/berni.fmode.de\/wordpress\/index.php?rest_route=\/wp\/v2\/posts\/21380\/revisions"}],"predecessor-version":[{"id":21391,"href":"https:\/\/berni.fmode.de\/wordpress\/index.php?rest_route=\/wp\/v2\/posts\/21380\/revisions\/21391"}],"wp:featuredmedia":[{"embeddable":true,"href":"https:\/\/berni.fmode.de\/wordpress\/index.php?rest_route=\/wp\/v2\/media\/21359"}],"wp:attachment":[{"href":"https:\/\/berni.fmode.de\/wordpress\/index.php?rest_route=%2Fwp%2Fv2%2Fmedia&parent=21380"}],"wp:term":[{"taxonomy":"category","embeddable":true,"href":"https:\/\/berni.fmode.de\/wordpress\/index.php?rest_route=%2Fwp%2Fv2%2Fcategories&post=21380"},{"taxonomy":"post_tag","embeddable":true,"href":"https:\/\/berni.fmode.de\/wordpress\/index.php?rest_route=%2Fwp%2Fv2%2Ftags&post=21380"}],"curies":[{"name":"wp","href":"https:\/\/api.w.org\/{rel}","templated":true}]}}