{"id":17982,"date":"2015-04-05T17:33:12","date_gmt":"2015-04-05T16:33:12","guid":{"rendered":"http:\/\/berni.fmode.de\/wordpress\/?p=17982"},"modified":"2015-04-05T17:33:12","modified_gmt":"2015-04-05T16:33:12","slug":"heisser-cappuccino","status":"publish","type":"post","link":"https:\/\/berni.fmode.de\/wordpress\/?p=17982","title":{"rendered":"Heisser Cappuccino"},"content":{"rendered":"<p>in der warmen Sonne sitzend auf einem belebten Marktplatz &#8211; so stell ich mir das heute vor. Das mit der Sonne passt schon um 8:00 morgens, aber es h\u00e4tte mir zu denken geben m\u00fcssen, dass ich die Frontscheibe des FIAT von Eis befreien muss. Aber ich will ja nicht jetzt los, sondern fr\u00fchestens gegen 11:00.<\/p>\n<p>Bevor ich um 11:30 die Thunderbird gesattelt habe und los komme, habe ich mir mehrere M\u00f6glichkeiten f\u00fcr den Cappuccino-Plan heraus gesucht: Da w\u00e4re der Hauptplatz in Usingen &#8211; vielleicht nicht die w\u00e4rmste Variante, aber daf\u00fcr sehr h\u00fcbsch und mit prima Anfahrt. W\u00e4rmer als im Taunus soll es allerdings in der Wetterau werden, und so picke ich mir Altenstadt und alternativ Nidda als m\u00f6gliche Ziele heraus.<\/p>\n<div id=\"attachment_17983\" style=\"width: 1034px\" class=\"wp-caption aligncenter\"><a href=\"https:\/\/berni.fmode.de\/wordpress\/wp-content\/uploads\/pic01792.jpg\"><img loading=\"lazy\" decoding=\"async\" aria-describedby=\"caption-attachment-17983\" class=\"wp-image-17983 size-full\" src=\"https:\/\/berni.fmode.de\/wordpress\/wp-content\/uploads\/pic01792.jpg\" alt=\"Thunderbird 900\" width=\"1024\" height=\"768\" srcset=\"https:\/\/berni.fmode.de\/wordpress\/wp-content\/uploads\/pic01792.jpg 1024w, https:\/\/berni.fmode.de\/wordpress\/wp-content\/uploads\/pic01792-300x225.jpg 300w, https:\/\/berni.fmode.de\/wordpress\/wp-content\/uploads\/pic01792-400x300.jpg 400w\" sizes=\"(max-width: 1024px) 100vw, 1024px\" \/><\/a><p id=\"caption-attachment-17983\" class=\"wp-caption-text\">Klar, im Vogelsberg und im Horlofftal ist noch noch kalt, da t\u00e4uscht der blaue Himmel. Gerade bei den kurzen Stops wie hier nahe Ulfa ist es richtig unangenehm.<\/p><\/div>\n<div id=\"attachment_17984\" style=\"width: 1034px\" class=\"wp-caption aligncenter\"><a href=\"https:\/\/berni.fmode.de\/wordpress\/wp-content\/uploads\/pic02774.jpg\"><img loading=\"lazy\" decoding=\"async\" aria-describedby=\"caption-attachment-17984\" class=\"wp-image-17984 size-full\" src=\"https:\/\/berni.fmode.de\/wordpress\/wp-content\/uploads\/pic02774.jpg\" alt=\"Thunderbird 900\" width=\"1024\" height=\"768\" srcset=\"https:\/\/berni.fmode.de\/wordpress\/wp-content\/uploads\/pic02774.jpg 1024w, https:\/\/berni.fmode.de\/wordpress\/wp-content\/uploads\/pic02774-300x225.jpg 300w, https:\/\/berni.fmode.de\/wordpress\/wp-content\/uploads\/pic02774-400x300.jpg 400w\" sizes=\"(max-width: 1024px) 100vw, 1024px\" \/><\/a><p id=\"caption-attachment-17984\" class=\"wp-caption-text\">Dennoch verweile ich hier ein wenig, denn w\u00e4hrend der kleinen Pause ziehe etliche Zweir\u00e4der vorbei. Sehr sch\u00f6n die alte \/5er BMW in rabenschwarz und mit gutem Sound.<\/p><\/div>\n<p>\u00dcber Berstadt und Bad Nauheim halte ich nun auf den Taunus zu. Anfangs f\u00e4hrt es sich an den H\u00e4ngen des Gebirges sehr sch\u00f6n, aber als dann die Sonne verschwindet, wird es empfindlich kalt.<\/p>\n<div id=\"attachment_17985\" style=\"width: 1034px\" class=\"wp-caption aligncenter\"><a href=\"https:\/\/berni.fmode.de\/wordpress\/wp-content\/uploads\/pic03732.jpg\"><img loading=\"lazy\" decoding=\"async\" aria-describedby=\"caption-attachment-17985\" class=\"wp-image-17985 size-full\" src=\"https:\/\/berni.fmode.de\/wordpress\/wp-content\/uploads\/pic03732.jpg\" alt=\"Thunderbird 900\" width=\"1024\" height=\"768\" srcset=\"https:\/\/berni.fmode.de\/wordpress\/wp-content\/uploads\/pic03732.jpg 1024w, https:\/\/berni.fmode.de\/wordpress\/wp-content\/uploads\/pic03732-300x225.jpg 300w, https:\/\/berni.fmode.de\/wordpress\/wp-content\/uploads\/pic03732-400x300.jpg 400w\" sizes=\"(max-width: 1024px) 100vw, 1024px\" \/><\/a><p id=\"caption-attachment-17985\" class=\"wp-caption-text\">Angekommen auf dem Usinger Hauptplatz und am Cafe meiner Wahl. St\u00fchle und Tische stehen zwar drau\u00dfen, aber kein Mensch sitzt hier: Alles hockt hinter den Scheiben und glotzt heraus. Als ich den Helm abziehe, wei\u00df ich auch den Grund: Hier weht ein eiskalter Wind und dadurch ist die gef\u00fchlte Temperatur nahe dem Gefrierpunkt. Hier bleibe ich nicht lange.<\/p><\/div>\n<div id=\"attachment_17986\" style=\"width: 1034px\" class=\"wp-caption aligncenter\"><a href=\"https:\/\/berni.fmode.de\/wordpress\/wp-content\/uploads\/pic04665.jpg\"><img loading=\"lazy\" decoding=\"async\" aria-describedby=\"caption-attachment-17986\" class=\"wp-image-17986 size-full\" src=\"https:\/\/berni.fmode.de\/wordpress\/wp-content\/uploads\/pic04665.jpg\" alt=\"Thunderbird 900\" width=\"1024\" height=\"768\" srcset=\"https:\/\/berni.fmode.de\/wordpress\/wp-content\/uploads\/pic04665.jpg 1024w, https:\/\/berni.fmode.de\/wordpress\/wp-content\/uploads\/pic04665-300x225.jpg 300w, https:\/\/berni.fmode.de\/wordpress\/wp-content\/uploads\/pic04665-400x300.jpg 400w\" sizes=\"(max-width: 1024px) 100vw, 1024px\" \/><\/a><p id=\"caption-attachment-17986\" class=\"wp-caption-text\">Lieber fahre ich tiefer in den Taunus hinein und an dieser Stelle, irgendwo zwischen Pfaffenwiesbach und Gr\u00e4fenwiesbach, finde ich meinen einzigen warmen Punkt des gesamten Tages. Kein Wunder, dass die Rast deshalb etwas ausgedehnt wird.<\/p><\/div>\n<p>OK, im Taunus war&#8217;s also nix mit dem Cappuccino im Stra\u00dfencafe. Deshalb ziehe ich nun \u00fcber Butzbach in die Wetterau und versuche mein Gl\u00fcck in Florstadt, Ranstadt und Nidda. Leider finde ich die prognostizierten zweistelligen Temperaturen nirgendwo und einzig auf dem Marktplatz von Nidda sitzen ein paar fr\u00f6stelnde Gestalten drau\u00dfen. Alles nichts f\u00fcr mich und deshalb ziehe ich weiter &#8211; zur\u00fcck in den Vogelsberg. Denn wenn es schon \u00fcberall kalt ist, kann ich auch in den traditionell k\u00fchlen Vogelsberg zur\u00fcck.<\/p>\n<div id=\"attachment_17987\" style=\"width: 1034px\" class=\"wp-caption aligncenter\"><a href=\"https:\/\/berni.fmode.de\/wordpress\/wp-content\/uploads\/pic05572.jpg\"><img loading=\"lazy\" decoding=\"async\" aria-describedby=\"caption-attachment-17987\" class=\"wp-image-17987 size-full\" src=\"https:\/\/berni.fmode.de\/wordpress\/wp-content\/uploads\/pic05572.jpg\" alt=\"Thunderbird 900\" width=\"1024\" height=\"768\" srcset=\"https:\/\/berni.fmode.de\/wordpress\/wp-content\/uploads\/pic05572.jpg 1024w, https:\/\/berni.fmode.de\/wordpress\/wp-content\/uploads\/pic05572-300x225.jpg 300w, https:\/\/berni.fmode.de\/wordpress\/wp-content\/uploads\/pic05572-400x300.jpg 400w\" sizes=\"(max-width: 1024px) 100vw, 1024px\" \/><\/a><p id=\"caption-attachment-17987\" class=\"wp-caption-text\">In Schotten suche ich schon gar kein Cafe mehr, sondern schaue nur kurz beim Dirk vorbei. Eine sehr h\u00fcbsche W800 steht im Schaufenster, und \u00fcberhaupt finde ich die Farbgestaltung der 800er wesentlich gelungener als die der fr\u00fcheren 650er. K\u00f6nnte glatt r\u00fcckf\u00e4llig werden mit dem sch\u00f6nen K\u00f6nigswellen-Twin.<\/p><\/div>\n<div id=\"attachment_17988\" style=\"width: 1034px\" class=\"wp-caption aligncenter\"><a href=\"https:\/\/berni.fmode.de\/wordpress\/wp-content\/uploads\/pic06496.jpg\"><img loading=\"lazy\" decoding=\"async\" aria-describedby=\"caption-attachment-17988\" class=\"wp-image-17988 size-full\" src=\"https:\/\/berni.fmode.de\/wordpress\/wp-content\/uploads\/pic06496.jpg\" alt=\"Thunderbird 900\" width=\"1024\" height=\"768\" srcset=\"https:\/\/berni.fmode.de\/wordpress\/wp-content\/uploads\/pic06496.jpg 1024w, https:\/\/berni.fmode.de\/wordpress\/wp-content\/uploads\/pic06496-300x225.jpg 300w, https:\/\/berni.fmode.de\/wordpress\/wp-content\/uploads\/pic06496-400x300.jpg 400w\" sizes=\"(max-width: 1024px) 100vw, 1024px\" \/><\/a><p id=\"caption-attachment-17988\" class=\"wp-caption-text\">W800 in weinrot &#8211; wesentlich h\u00fcbscher als das Blut-und-Eiter der 650er. Finde ich jedenfalls.<\/p><\/div>\n<div id=\"attachment_17989\" style=\"width: 1034px\" class=\"wp-caption aligncenter\"><a href=\"https:\/\/berni.fmode.de\/wordpress\/wp-content\/uploads\/pic07439.jpg\"><img loading=\"lazy\" decoding=\"async\" aria-describedby=\"caption-attachment-17989\" class=\"wp-image-17989 size-full\" src=\"https:\/\/berni.fmode.de\/wordpress\/wp-content\/uploads\/pic07439.jpg\" alt=\"Thunderbird 900\" width=\"1024\" height=\"768\" srcset=\"https:\/\/berni.fmode.de\/wordpress\/wp-content\/uploads\/pic07439.jpg 1024w, https:\/\/berni.fmode.de\/wordpress\/wp-content\/uploads\/pic07439-300x225.jpg 300w, https:\/\/berni.fmode.de\/wordpress\/wp-content\/uploads\/pic07439-400x300.jpg 400w\" sizes=\"(max-width: 1024px) 100vw, 1024px\" \/><\/a><p id=\"caption-attachment-17989\" class=\"wp-caption-text\">Weils am Weg liegt, fahre ich das Falltorhaus an. Aufgrund der K\u00e4lte h\u00e4lt sich der Besuch in Grenzen, aber hier trinke ich auf jeden Fall meinen Cappuccino im Freien &#8211; aber kalt, richtig kalt, ist es auch hier.<\/p><\/div>\n<div id=\"attachment_17990\" style=\"width: 1034px\" class=\"wp-caption aligncenter\"><a href=\"https:\/\/berni.fmode.de\/wordpress\/wp-content\/uploads\/pic08374.jpg\"><img loading=\"lazy\" decoding=\"async\" aria-describedby=\"caption-attachment-17990\" class=\"wp-image-17990 size-full\" src=\"https:\/\/berni.fmode.de\/wordpress\/wp-content\/uploads\/pic08374.jpg\" alt=\"Thunderbird 900\" width=\"1024\" height=\"768\" srcset=\"https:\/\/berni.fmode.de\/wordpress\/wp-content\/uploads\/pic08374.jpg 1024w, https:\/\/berni.fmode.de\/wordpress\/wp-content\/uploads\/pic08374-300x225.jpg 300w, https:\/\/berni.fmode.de\/wordpress\/wp-content\/uploads\/pic08374-400x300.jpg 400w\" sizes=\"(max-width: 1024px) 100vw, 1024px\" \/><\/a><p id=\"caption-attachment-17990\" class=\"wp-caption-text\">Noch eine kleine Runde \u00fcber den Platz gedreht, eine schicke TwinCam abgelichtet und dann gehts \u00fcber Altenhain nach Hause. Eigentlich hab ich \u00fcberall (bis auf den warmen Platz im Taunus) st\u00e4ndig vor mich hin gefr\u00f6stelt, und darunter haben sowohl Konzentration und Fahrstil etwas gelitten. Wundert mich direkt ein wenig, dass trotzdem \u00fcber 200 Kilometer dabei heraus gekommen sind.<\/p><\/div>\n<p>&nbsp;<\/p>\n","protected":false},"excerpt":{"rendered":"<p>in der warmen Sonne sitzend auf einem belebten Marktplatz &#8211; so stell ich mir das heute vor. Das mit der Sonne passt schon um 8:00 morgens, aber es h\u00e4tte mir zu denken geben m\u00fcssen, dass ich die Frontscheibe des FIAT &hellip; <a href=\"https:\/\/berni.fmode.de\/wordpress\/?p=17982\">Weiterlesen <span class=\"meta-nav\">&rarr;<\/span><\/a><\/p>\n","protected":false},"author":1,"featured_media":0,"comment_status":"closed","ping_status":"closed","sticky":false,"template":"","format":"standard","meta":{"footnotes":""},"categories":[24],"tags":[],"_links":{"self":[{"href":"https:\/\/berni.fmode.de\/wordpress\/index.php?rest_route=\/wp\/v2\/posts\/17982"}],"collection":[{"href":"https:\/\/berni.fmode.de\/wordpress\/index.php?rest_route=\/wp\/v2\/posts"}],"about":[{"href":"https:\/\/berni.fmode.de\/wordpress\/index.php?rest_route=\/wp\/v2\/types\/post"}],"author":[{"embeddable":true,"href":"https:\/\/berni.fmode.de\/wordpress\/index.php?rest_route=\/wp\/v2\/users\/1"}],"replies":[{"embeddable":true,"href":"https:\/\/berni.fmode.de\/wordpress\/index.php?rest_route=%2Fwp%2Fv2%2Fcomments&post=17982"}],"version-history":[{"count":1,"href":"https:\/\/berni.fmode.de\/wordpress\/index.php?rest_route=\/wp\/v2\/posts\/17982\/revisions"}],"predecessor-version":[{"id":17991,"href":"https:\/\/berni.fmode.de\/wordpress\/index.php?rest_route=\/wp\/v2\/posts\/17982\/revisions\/17991"}],"wp:attachment":[{"href":"https:\/\/berni.fmode.de\/wordpress\/index.php?rest_route=%2Fwp%2Fv2%2Fmedia&parent=17982"}],"wp:term":[{"taxonomy":"category","embeddable":true,"href":"https:\/\/berni.fmode.de\/wordpress\/index.php?rest_route=%2Fwp%2Fv2%2Fcategories&post=17982"},{"taxonomy":"post_tag","embeddable":true,"href":"https:\/\/berni.fmode.de\/wordpress\/index.php?rest_route=%2Fwp%2Fv2%2Ftags&post=17982"}],"curies":[{"name":"wp","href":"https:\/\/api.w.org\/{rel}","templated":true}]}}