{"id":17949,"date":"2015-04-02T13:44:28","date_gmt":"2015-04-02T12:44:28","guid":{"rendered":"http:\/\/berni.fmode.de\/wordpress\/?p=17949"},"modified":"2015-04-03T11:13:30","modified_gmt":"2015-04-03T10:13:30","slug":"die-gruene-cosa-vorderradbremse","status":"publish","type":"post","link":"https:\/\/berni.fmode.de\/wordpress\/?p=17949","title":{"rendered":"Die gr\u00fcne Cosa: Vorderradbremse"},"content":{"rendered":"<p>Es geht weiter mit der gr\u00fcnen Cosa, auch unterst\u00fctzt durch das erb\u00e4rmliche Wetter, dass wir seit zwei Wochen hier haben.<\/p>\n<p>Weil die vordere Bremstrommel ja schon entfernt ist, nehme ich mir heute die Bremsanlage des Vorderrades vor. Aus der Fachliteratur ist mir ja schon bekannt, dass hier einige Fallstricke auf mich warten k\u00f6nnen &#8211; was sie nat\u00fcrlich auch tun.<\/p>\n<div id=\"attachment_17950\" style=\"width: 1034px\" class=\"wp-caption aligncenter\"><a href=\"https:\/\/berni.fmode.de\/wordpress\/wp-content\/uploads\/pic01789.jpg\"><img loading=\"lazy\" decoding=\"async\" aria-describedby=\"caption-attachment-17950\" class=\"wp-image-17950 size-full\" src=\"https:\/\/berni.fmode.de\/wordpress\/wp-content\/uploads\/pic01789.jpg\" alt=\"Die gr\u00fcne Cosa\" width=\"1024\" height=\"768\" srcset=\"https:\/\/berni.fmode.de\/wordpress\/wp-content\/uploads\/pic01789.jpg 1024w, https:\/\/berni.fmode.de\/wordpress\/wp-content\/uploads\/pic01789-300x225.jpg 300w, https:\/\/berni.fmode.de\/wordpress\/wp-content\/uploads\/pic01789-400x300.jpg 400w\" sizes=\"(max-width: 1024px) 100vw, 1024px\" \/><\/a><p id=\"caption-attachment-17950\" class=\"wp-caption-text\">Anfangs versuche ich, die Bremse in eingebautem Zustand zu warten, aber das wird nix halbes und nix ganzes. Also baue ich jetzt kurz entschlossen alles auseinander.<\/p><\/div>\n<div id=\"attachment_17951\" style=\"width: 1034px\" class=\"wp-caption aligncenter\"><a href=\"https:\/\/berni.fmode.de\/wordpress\/wp-content\/uploads\/pic02771.jpg\"><img loading=\"lazy\" decoding=\"async\" aria-describedby=\"caption-attachment-17951\" class=\"wp-image-17951 size-full\" src=\"https:\/\/berni.fmode.de\/wordpress\/wp-content\/uploads\/pic02771.jpg\" alt=\"Die gr\u00fcne Cosa\" width=\"1024\" height=\"768\" srcset=\"https:\/\/berni.fmode.de\/wordpress\/wp-content\/uploads\/pic02771.jpg 1024w, https:\/\/berni.fmode.de\/wordpress\/wp-content\/uploads\/pic02771-300x225.jpg 300w, https:\/\/berni.fmode.de\/wordpress\/wp-content\/uploads\/pic02771-400x300.jpg 400w\" sizes=\"(max-width: 1024px) 100vw, 1024px\" \/><\/a><p id=\"caption-attachment-17951\" class=\"wp-caption-text\">Der Radbremszylinder ist jetzt schon wieder montiert &#8211; er ging wirklich nur sehr schwer herunter, weil alles fest korrodiert ist. Messingdrahtb\u00fcrsten und Druckluft sind danach meine Verb\u00fcndeten. Und nat\u00fcrlich Kupferpaste, die \u00fcberall dahin kommt, wo sich etwas bewegt: Bremsschl\u00fcsselwelle, Bremsnocken, Haltebolzen. Aber sparsam, sehr sparsam.<\/p><\/div>\n<div id=\"attachment_17952\" style=\"width: 1034px\" class=\"wp-caption aligncenter\"><a href=\"https:\/\/berni.fmode.de\/wordpress\/wp-content\/uploads\/pic03729.jpg\"><img loading=\"lazy\" decoding=\"async\" aria-describedby=\"caption-attachment-17952\" class=\"wp-image-17952 size-full\" src=\"https:\/\/berni.fmode.de\/wordpress\/wp-content\/uploads\/pic03729.jpg\" alt=\"Die gr\u00fcne Cosa\" width=\"1024\" height=\"768\" srcset=\"https:\/\/berni.fmode.de\/wordpress\/wp-content\/uploads\/pic03729.jpg 1024w, https:\/\/berni.fmode.de\/wordpress\/wp-content\/uploads\/pic03729-300x225.jpg 300w, https:\/\/berni.fmode.de\/wordpress\/wp-content\/uploads\/pic03729-400x300.jpg 400w\" sizes=\"(max-width: 1024px) 100vw, 1024px\" \/><\/a><p id=\"caption-attachment-17952\" class=\"wp-caption-text\">Die beiden kleinen Federn oben und unter, die die Bremsbacken an ihrem Platz halten, sind beim Wiedereinbau eine echte Herausforderung. Letztendlich klappt es nur mit dem Trick aus dem GSF-Forum: Kabelbinder doppelt um die Feder, dann durch die Bremsbacke hindurch, kr\u00e4ftig gezogen und eingeh\u00e4ngt. Mit dem \u00fcblichen Werkzeug wie Spitzzangen oder Federnziehern komme ich hier nicht weiter. Aber so geht es ganz gut. Die kleinen Federn sind aber auch sowas von stramm!<\/p><\/div>\n<div id=\"attachment_17953\" style=\"width: 1034px\" class=\"wp-caption aligncenter\"><a href=\"https:\/\/berni.fmode.de\/wordpress\/wp-content\/uploads\/pic04662.jpg\"><img loading=\"lazy\" decoding=\"async\" aria-describedby=\"caption-attachment-17953\" class=\"wp-image-17953 size-full\" src=\"https:\/\/berni.fmode.de\/wordpress\/wp-content\/uploads\/pic04662.jpg\" alt=\"Die gr\u00fcne Cosa\" width=\"1024\" height=\"768\" srcset=\"https:\/\/berni.fmode.de\/wordpress\/wp-content\/uploads\/pic04662.jpg 1024w, https:\/\/berni.fmode.de\/wordpress\/wp-content\/uploads\/pic04662-300x225.jpg 300w, https:\/\/berni.fmode.de\/wordpress\/wp-content\/uploads\/pic04662-400x300.jpg 400w\" sizes=\"(max-width: 1024px) 100vw, 1024px\" \/><\/a><p id=\"caption-attachment-17953\" class=\"wp-caption-text\">Nun ist wieder alles zusammen, gut gereinigt und an den exponierten Stellen mit Kupferpaste geschmiert. Was auf den Bildern nicht so gut her\u00fcber kommt ist der jetzt fehlende Dreck in der Bremse.<\/p><\/div>\n<div id=\"attachment_17954\" style=\"width: 1034px\" class=\"wp-caption aligncenter\"><a href=\"https:\/\/berni.fmode.de\/wordpress\/wp-content\/uploads\/pic05569.jpg\"><img loading=\"lazy\" decoding=\"async\" aria-describedby=\"caption-attachment-17954\" class=\"wp-image-17954 size-full\" src=\"https:\/\/berni.fmode.de\/wordpress\/wp-content\/uploads\/pic05569.jpg\" alt=\"April 2015\" width=\"1024\" height=\"768\" srcset=\"https:\/\/berni.fmode.de\/wordpress\/wp-content\/uploads\/pic05569.jpg 1024w, https:\/\/berni.fmode.de\/wordpress\/wp-content\/uploads\/pic05569-300x225.jpg 300w, https:\/\/berni.fmode.de\/wordpress\/wp-content\/uploads\/pic05569-400x300.jpg 400w\" sizes=\"(max-width: 1024px) 100vw, 1024px\" \/><\/a><p id=\"caption-attachment-17954\" class=\"wp-caption-text\">Vor ein paar Minuten schien die Sonne so sch\u00f6n durchs Fenster, dass ich direkt an eine Ausfahrt mit der Vespa GTS 125 denke. Aber nur wenige Minuten sp\u00e4ter knallt hier ein Hagelschauer herunter. Na bravo, wenn das mit diesem Wetter so weiter geht, wird die Cosa doch eher fertig als gedacht: Statt Fahren gibt es dann n\u00e4mlich verst\u00e4rktes Schrauben. Da k\u00f6nnte dann vielleicht doch etwas aus der Reise mit dem Schaltroller in die Toskana werden.<\/p><\/div>\n<div id=\"attachment_17955\" style=\"width: 1034px\" class=\"wp-caption aligncenter\"><a href=\"https:\/\/berni.fmode.de\/wordpress\/wp-content\/uploads\/pic06494.jpg\"><img loading=\"lazy\" decoding=\"async\" aria-describedby=\"caption-attachment-17955\" class=\"wp-image-17955 size-full\" src=\"https:\/\/berni.fmode.de\/wordpress\/wp-content\/uploads\/pic06494.jpg\" alt=\"Die gr\u00fcne Cosa\" width=\"1024\" height=\"768\" srcset=\"https:\/\/berni.fmode.de\/wordpress\/wp-content\/uploads\/pic06494.jpg 1024w, https:\/\/berni.fmode.de\/wordpress\/wp-content\/uploads\/pic06494-300x225.jpg 300w, https:\/\/berni.fmode.de\/wordpress\/wp-content\/uploads\/pic06494-400x300.jpg 400w\" sizes=\"(max-width: 1024px) 100vw, 1024px\" \/><\/a><p id=\"caption-attachment-17955\" class=\"wp-caption-text\">Jetzt wird die Lenks\u00e4ule noch entrostet und gestrichen und dann war&#8217;s das an der Vorderradbremse. Vielleicht und nur, falls der Radbremszylinder auch wirklich dicht bleibt. Die n\u00e4chste Aktion wird dann an der hinteren Bremse stattfinden.<\/p><\/div>\n<p>Nicht ganz unerwartet entdecke ich bei der Schrauberaktion weitere Baustellen: Der Bremszug sieht nicht mehr gut aus, ebenso wenig der Gaszug. Aber das macht dann den Kohl auch nicht mehr fett. Die Cosa ist ja eigentlich ein wirtschaftlicher Totalschaden, aber mittlerweile ist der Punkt \u00fcberschritten, wo ich noch h\u00e4tte aufh\u00f6ren k\u00f6nnen. Und das gute bei der ganzen Aktion ist ja, dass Piaggio-Ersatzteile doch recht g\u00fcnstig sind.<\/p>\n","protected":false},"excerpt":{"rendered":"<p>Es geht weiter mit der gr\u00fcnen Cosa, auch unterst\u00fctzt durch das erb\u00e4rmliche Wetter, dass wir seit zwei Wochen hier haben. Weil die vordere Bremstrommel ja schon entfernt ist, nehme ich mir heute die Bremsanlage des Vorderrades vor. Aus der Fachliteratur &hellip; <a href=\"https:\/\/berni.fmode.de\/wordpress\/?p=17949\">Weiterlesen <span class=\"meta-nav\">&rarr;<\/span><\/a><\/p>\n","protected":false},"author":1,"featured_media":0,"comment_status":"closed","ping_status":"closed","sticky":false,"template":"","format":"standard","meta":{"footnotes":""},"categories":[36],"tags":[],"_links":{"self":[{"href":"https:\/\/berni.fmode.de\/wordpress\/index.php?rest_route=\/wp\/v2\/posts\/17949"}],"collection":[{"href":"https:\/\/berni.fmode.de\/wordpress\/index.php?rest_route=\/wp\/v2\/posts"}],"about":[{"href":"https:\/\/berni.fmode.de\/wordpress\/index.php?rest_route=\/wp\/v2\/types\/post"}],"author":[{"embeddable":true,"href":"https:\/\/berni.fmode.de\/wordpress\/index.php?rest_route=\/wp\/v2\/users\/1"}],"replies":[{"embeddable":true,"href":"https:\/\/berni.fmode.de\/wordpress\/index.php?rest_route=%2Fwp%2Fv2%2Fcomments&post=17949"}],"version-history":[{"count":2,"href":"https:\/\/berni.fmode.de\/wordpress\/index.php?rest_route=\/wp\/v2\/posts\/17949\/revisions"}],"predecessor-version":[{"id":17957,"href":"https:\/\/berni.fmode.de\/wordpress\/index.php?rest_route=\/wp\/v2\/posts\/17949\/revisions\/17957"}],"wp:attachment":[{"href":"https:\/\/berni.fmode.de\/wordpress\/index.php?rest_route=%2Fwp%2Fv2%2Fmedia&parent=17949"}],"wp:term":[{"taxonomy":"category","embeddable":true,"href":"https:\/\/berni.fmode.de\/wordpress\/index.php?rest_route=%2Fwp%2Fv2%2Fcategories&post=17949"},{"taxonomy":"post_tag","embeddable":true,"href":"https:\/\/berni.fmode.de\/wordpress\/index.php?rest_route=%2Fwp%2Fv2%2Ftags&post=17949"}],"curies":[{"name":"wp","href":"https:\/\/api.w.org\/{rel}","templated":true}]}}