{"id":17802,"date":"2015-03-07T19:07:19","date_gmt":"2015-03-07T18:07:19","guid":{"rendered":"http:\/\/berni.fmode.de\/wordpress\/?p=17802"},"modified":"2015-03-07T19:08:59","modified_gmt":"2015-03-07T18:08:59","slug":"rollout-und-anrollern","status":"publish","type":"post","link":"https:\/\/berni.fmode.de\/wordpress\/?p=17802","title":{"rendered":"Rollout und Anrollern"},"content":{"rendered":"<p>F\u00fcr heute ist ein fr\u00fchlingshafter Tag angek\u00fcndigt und tats\u00e4chlich ist es bereits beim morgendlichen Spaziergang mit Yello richtig nett \u2013 endlich kein Frieren mehr. Nat\u00fcrlich denke ich bei so einem Wetter sofort an Motorrad- oder Rollerfahren, aber ein bisschen Schrauben hab ich mir dennoch vorgenommen.<\/p>\n<div id=\"attachment_17803\" style=\"width: 1034px\" class=\"wp-caption aligncenter\"><a href=\"https:\/\/berni.fmode.de\/wordpress\/wp-content\/uploads\/pic01784.jpg\"><img loading=\"lazy\" decoding=\"async\" aria-describedby=\"caption-attachment-17803\" class=\"wp-image-17803 size-full\" src=\"https:\/\/berni.fmode.de\/wordpress\/wp-content\/uploads\/pic01784.jpg\" alt=\"Die gr\u00fcne Cosa\" width=\"1024\" height=\"768\" srcset=\"https:\/\/berni.fmode.de\/wordpress\/wp-content\/uploads\/pic01784.jpg 1024w, https:\/\/berni.fmode.de\/wordpress\/wp-content\/uploads\/pic01784-300x225.jpg 300w, https:\/\/berni.fmode.de\/wordpress\/wp-content\/uploads\/pic01784-400x300.jpg 400w\" sizes=\"(max-width: 1024px) 100vw, 1024px\" \/><\/a><p id=\"caption-attachment-17803\" class=\"wp-caption-text\">Die Verlegung der Benzinleitung scheint jetzt in Ordnung zu sein, denn die Cosa springt auch mit nur wenig Sprit im Tank prima an. Jetzt mach ich weiter mit der Bremsanlage, die ziemlich marode ist. Das ist die Cosa ganz pingelig und Wartungsstaus bei der Bremse r\u00e4chen sich schnell. Nat\u00fcrlich ist auch bei der Bremse alles ziemlich verbaut und unzug\u00e4nglich, aber immerhin bekomme ich das meiste ganz gut demontiert. Im Bild gut zu sehen ist der elektrische Benzinhahn, der eigentlich nur ein einfacher Magnetschalter ist und f\u00fcr Notf\u00e4lle auch noch einen mechanischen Bypass hat.<\/p><\/div>\n<div id=\"attachment_17804\" style=\"width: 1034px\" class=\"wp-caption aligncenter\"><a href=\"https:\/\/berni.fmode.de\/wordpress\/wp-content\/uploads\/pic02766.jpg\"><img loading=\"lazy\" decoding=\"async\" aria-describedby=\"caption-attachment-17804\" class=\"wp-image-17804 size-full\" src=\"https:\/\/berni.fmode.de\/wordpress\/wp-content\/uploads\/pic02766.jpg\" alt=\"Die gr\u00fcne Cosa\" width=\"1024\" height=\"768\" srcset=\"https:\/\/berni.fmode.de\/wordpress\/wp-content\/uploads\/pic02766.jpg 1024w, https:\/\/berni.fmode.de\/wordpress\/wp-content\/uploads\/pic02766-300x225.jpg 300w, https:\/\/berni.fmode.de\/wordpress\/wp-content\/uploads\/pic02766-400x300.jpg 400w\" sizes=\"(max-width: 1024px) 100vw, 1024px\" \/><\/a><p id=\"caption-attachment-17804\" class=\"wp-caption-text\">Dann ein Test der umgebauten Lichtmaschine: Bei laufendem Motor liefert der Generator gute 13,8 V, die komplett zum Laden der Batterie genutzt werden. Das sieht nicht \u00fcbel aus.<\/p><\/div>\n<p><iframe loading=\"lazy\" src=\"https:\/\/www.youtube.com\/embed\/ut2gUmxI48A\" width=\"560\" height=\"315\" frameborder=\"0\" allowfullscreen=\"allowfullscreen\"><\/iframe><\/p>\n<div id=\"attachment_17805\" style=\"width: 1034px\" class=\"wp-caption aligncenter\"><a href=\"https:\/\/berni.fmode.de\/wordpress\/wp-content\/uploads\/pic03724.jpg\"><img loading=\"lazy\" decoding=\"async\" aria-describedby=\"caption-attachment-17805\" class=\"wp-image-17805 size-full\" src=\"https:\/\/berni.fmode.de\/wordpress\/wp-content\/uploads\/pic03724.jpg\" alt=\"Rollout 2015\" width=\"1024\" height=\"768\" srcset=\"https:\/\/berni.fmode.de\/wordpress\/wp-content\/uploads\/pic03724.jpg 1024w, https:\/\/berni.fmode.de\/wordpress\/wp-content\/uploads\/pic03724-300x225.jpg 300w, https:\/\/berni.fmode.de\/wordpress\/wp-content\/uploads\/pic03724-400x300.jpg 400w\" sizes=\"(max-width: 1024px) 100vw, 1024px\" \/><\/a><p id=\"caption-attachment-17805\" class=\"wp-caption-text\">Jetzt wende ich mich der GTS und der kleinen PK zu und die beiden Roller bekommen ihr Rollout, frische Luft auf die Reifen und die PK noch ein schickes blaues Kennzeichen.<\/p><\/div>\n<p><iframe loading=\"lazy\" src=\"https:\/\/www.youtube.com\/embed\/ETC6XesIFu0\" width=\"560\" height=\"315\" frameborder=\"0\" allowfullscreen=\"allowfullscreen\"><\/iframe><\/p>\n<div id=\"attachment_17806\" style=\"width: 1034px\" class=\"wp-caption aligncenter\"><a href=\"https:\/\/berni.fmode.de\/wordpress\/wp-content\/uploads\/pic04657.jpg\"><img loading=\"lazy\" decoding=\"async\" aria-describedby=\"caption-attachment-17806\" class=\"wp-image-17806 size-full\" src=\"https:\/\/berni.fmode.de\/wordpress\/wp-content\/uploads\/pic04657.jpg\" alt=\"Vespa GTS 125\" width=\"1024\" height=\"768\" srcset=\"https:\/\/berni.fmode.de\/wordpress\/wp-content\/uploads\/pic04657.jpg 1024w, https:\/\/berni.fmode.de\/wordpress\/wp-content\/uploads\/pic04657-300x225.jpg 300w, https:\/\/berni.fmode.de\/wordpress\/wp-content\/uploads\/pic04657-400x300.jpg 400w\" sizes=\"(max-width: 1024px) 100vw, 1024px\" \/><\/a><p id=\"caption-attachment-17806\" class=\"wp-caption-text\">Aber dann gehts los und auf den Asphalt der Strassen. Habe mich heute gegen die Motorr\u00e4der und f\u00fcr ein Anrollern mit der GTS entschieden. Schon die ersten Meter zeigen, wie mir die Fahrerei gefehlt hat! Die Temperaturen liegen um die 13 \u00b0C und ich halte mich in Richtung Wetterau, wo es meist noch ein bisschen w\u00e4rmer ist als am Rande des Vogelsberges. Hier habe ich bereits das Horlofftal hinter mir gelassen und ziehe gerade an Stornfels vorbei.<\/p><\/div>\n<div id=\"attachment_17807\" style=\"width: 1034px\" class=\"wp-caption aligncenter\"><a href=\"https:\/\/berni.fmode.de\/wordpress\/wp-content\/uploads\/pic05564.jpg\"><img loading=\"lazy\" decoding=\"async\" aria-describedby=\"caption-attachment-17807\" class=\"wp-image-17807 size-full\" src=\"https:\/\/berni.fmode.de\/wordpress\/wp-content\/uploads\/pic05564.jpg\" alt=\"Vogelsberg\" width=\"1024\" height=\"768\" srcset=\"https:\/\/berni.fmode.de\/wordpress\/wp-content\/uploads\/pic05564.jpg 1024w, https:\/\/berni.fmode.de\/wordpress\/wp-content\/uploads\/pic05564-300x225.jpg 300w, https:\/\/berni.fmode.de\/wordpress\/wp-content\/uploads\/pic05564-400x300.jpg 400w\" sizes=\"(max-width: 1024px) 100vw, 1024px\" \/><\/a><p id=\"caption-attachment-17807\" class=\"wp-caption-text\">Wie der Zoom meiner Kamera beweist, liegt gar nicht weit entfernt auf den H\u00f6hen des Vogelsberges noch ordentlich Schnee.<\/p><\/div>\n<div id=\"attachment_17808\" style=\"width: 1034px\" class=\"wp-caption aligncenter\"><a href=\"https:\/\/berni.fmode.de\/wordpress\/wp-content\/uploads\/pic06490.jpg\"><img loading=\"lazy\" decoding=\"async\" aria-describedby=\"caption-attachment-17808\" class=\"wp-image-17808 size-full\" src=\"https:\/\/berni.fmode.de\/wordpress\/wp-content\/uploads\/pic06490.jpg\" alt=\"Vespa GTS 125\" width=\"1024\" height=\"768\" srcset=\"https:\/\/berni.fmode.de\/wordpress\/wp-content\/uploads\/pic06490.jpg 1024w, https:\/\/berni.fmode.de\/wordpress\/wp-content\/uploads\/pic06490-300x225.jpg 300w, https:\/\/berni.fmode.de\/wordpress\/wp-content\/uploads\/pic06490-400x300.jpg 400w\" sizes=\"(max-width: 1024px) 100vw, 1024px\" \/><\/a><p id=\"caption-attachment-17808\" class=\"wp-caption-text\">Aber hier unter ist es herrlich warm, selbst in den W\u00e4ldern des Horlofftals sind alle Strassen sch\u00f6n trocken und ich bin mit meiner Freizeit-Rollerjacke ausreichend warm gekleidet. Meine Laune steigt mit jedem Kilometer.<\/p><\/div>\n<div id=\"attachment_17809\" style=\"width: 1034px\" class=\"wp-caption aligncenter\"><a href=\"https:\/\/berni.fmode.de\/wordpress\/wp-content\/uploads\/pic07434.jpg\"><img loading=\"lazy\" decoding=\"async\" aria-describedby=\"caption-attachment-17809\" class=\"wp-image-17809 size-full\" src=\"https:\/\/berni.fmode.de\/wordpress\/wp-content\/uploads\/pic07434.jpg\" alt=\"Vespa GTS 125\" width=\"1024\" height=\"768\" srcset=\"https:\/\/berni.fmode.de\/wordpress\/wp-content\/uploads\/pic07434.jpg 1024w, https:\/\/berni.fmode.de\/wordpress\/wp-content\/uploads\/pic07434-300x225.jpg 300w, https:\/\/berni.fmode.de\/wordpress\/wp-content\/uploads\/pic07434-400x300.jpg 400w\" sizes=\"(max-width: 1024px) 100vw, 1024px\" \/><\/a><p id=\"caption-attachment-17809\" class=\"wp-caption-text\">Vorbei an Bad Salzhausen geht es \u00fcber Nidda, Ranstadt und Florstadt tief in die Wetterau hinein, wo es tats\u00e4chlich noch etwas w\u00e4rmer wird. In Florstadt biege ich ab in Richtung Reichelsheim und bin jetzt im sch\u00f6nen Staden am Schlosshotel Asenburg.<\/p><\/div>\n<div id=\"attachment_17810\" style=\"width: 1034px\" class=\"wp-caption aligncenter\"><a href=\"https:\/\/berni.fmode.de\/wordpress\/wp-content\/uploads\/pic08369.jpg\"><img loading=\"lazy\" decoding=\"async\" aria-describedby=\"caption-attachment-17810\" class=\"wp-image-17810 size-full\" src=\"https:\/\/berni.fmode.de\/wordpress\/wp-content\/uploads\/pic08369.jpg\" alt=\"Vespa GTS 125\" width=\"1024\" height=\"768\" srcset=\"https:\/\/berni.fmode.de\/wordpress\/wp-content\/uploads\/pic08369.jpg 1024w, https:\/\/berni.fmode.de\/wordpress\/wp-content\/uploads\/pic08369-300x225.jpg 300w, https:\/\/berni.fmode.de\/wordpress\/wp-content\/uploads\/pic08369-400x300.jpg 400w\" sizes=\"(max-width: 1024px) 100vw, 1024px\" \/><\/a><p id=\"caption-attachment-17810\" class=\"wp-caption-text\">Kurzer Halt in Echzell, einem h\u00fcbschen Ort mit den typischen Torh\u00e4usern der Wetterau.<\/p><\/div>\n<div id=\"attachment_17811\" style=\"width: 1034px\" class=\"wp-caption aligncenter\"><a href=\"https:\/\/berni.fmode.de\/wordpress\/wp-content\/uploads\/pic09314.jpg\"><img loading=\"lazy\" decoding=\"async\" aria-describedby=\"caption-attachment-17811\" class=\"wp-image-17811 size-full\" src=\"https:\/\/berni.fmode.de\/wordpress\/wp-content\/uploads\/pic09314.jpg\" alt=\"Vespa GTS 125\" width=\"1024\" height=\"768\" srcset=\"https:\/\/berni.fmode.de\/wordpress\/wp-content\/uploads\/pic09314.jpg 1024w, https:\/\/berni.fmode.de\/wordpress\/wp-content\/uploads\/pic09314-300x225.jpg 300w, https:\/\/berni.fmode.de\/wordpress\/wp-content\/uploads\/pic09314-400x300.jpg 400w\" sizes=\"(max-width: 1024px) 100vw, 1024px\" \/><\/a><p id=\"caption-attachment-17811\" class=\"wp-caption-text\">Langsam schliesse ich den Kreis wieder und komme \u00fcber Ober- und Unterwiddersheim nach Hungen und von dort aus zur\u00fcck ins Horlofftal, wo ich ein P\u00e4uschen an Hermanns Br\u00fcnnchen einlege.<\/p><\/div>\n<div id=\"attachment_17812\" style=\"width: 1034px\" class=\"wp-caption aligncenter\"><a href=\"https:\/\/berni.fmode.de\/wordpress\/wp-content\/uploads\/pic10274.jpg\"><img loading=\"lazy\" decoding=\"async\" aria-describedby=\"caption-attachment-17812\" class=\"wp-image-17812 size-full\" src=\"https:\/\/berni.fmode.de\/wordpress\/wp-content\/uploads\/pic10274.jpg\" alt=\"Vespa GTS 125\" width=\"1024\" height=\"768\" srcset=\"https:\/\/berni.fmode.de\/wordpress\/wp-content\/uploads\/pic10274.jpg 1024w, https:\/\/berni.fmode.de\/wordpress\/wp-content\/uploads\/pic10274-300x225.jpg 300w, https:\/\/berni.fmode.de\/wordpress\/wp-content\/uploads\/pic10274-400x300.jpg 400w\" sizes=\"(max-width: 1024px) 100vw, 1024px\" \/><\/a><p id=\"caption-attachment-17812\" class=\"wp-caption-text\">Die Sonne brennt durch das lichte Geh\u00f6lz.<\/p><\/div>\n<div id=\"attachment_17813\" style=\"width: 1034px\" class=\"wp-caption aligncenter\"><a href=\"https:\/\/berni.fmode.de\/wordpress\/wp-content\/uploads\/pic11237.jpg\"><img loading=\"lazy\" decoding=\"async\" aria-describedby=\"caption-attachment-17813\" class=\"wp-image-17813 size-full\" src=\"https:\/\/berni.fmode.de\/wordpress\/wp-content\/uploads\/pic11237.jpg\" alt=\"Vespa GTS 125\" width=\"1024\" height=\"768\" srcset=\"https:\/\/berni.fmode.de\/wordpress\/wp-content\/uploads\/pic11237.jpg 1024w, https:\/\/berni.fmode.de\/wordpress\/wp-content\/uploads\/pic11237-300x225.jpg 300w, https:\/\/berni.fmode.de\/wordpress\/wp-content\/uploads\/pic11237-400x300.jpg 400w\" sizes=\"(max-width: 1024px) 100vw, 1024px\" \/><\/a><p id=\"caption-attachment-17813\" class=\"wp-caption-text\">Kurz vor Laubach kommt die Sonne noch einmal mit aller Kraft durch und scheint nicht einfach vor sich hin, sondern w\u00e4rmt schon. Hoffentlich bleibt das Wetter so \u2013 oder wird vielleicht sogar noch besser.<\/p><\/div>\n<div id=\"attachment_17814\" style=\"width: 1034px\" class=\"wp-caption aligncenter\"><a href=\"https:\/\/berni.fmode.de\/wordpress\/wp-content\/uploads\/pic12214.jpg\"><img loading=\"lazy\" decoding=\"async\" aria-describedby=\"caption-attachment-17814\" class=\"wp-image-17814 size-full\" src=\"https:\/\/berni.fmode.de\/wordpress\/wp-content\/uploads\/pic12214.jpg\" alt=\"Hochlandrinder\" width=\"1024\" height=\"768\" srcset=\"https:\/\/berni.fmode.de\/wordpress\/wp-content\/uploads\/pic12214.jpg 1024w, https:\/\/berni.fmode.de\/wordpress\/wp-content\/uploads\/pic12214-300x225.jpg 300w, https:\/\/berni.fmode.de\/wordpress\/wp-content\/uploads\/pic12214-400x300.jpg 400w\" sizes=\"(max-width: 1024px) 100vw, 1024px\" \/><\/a><p id=\"caption-attachment-17814\" class=\"wp-caption-text\">Noch ein Blick auf die Hochlandrinder, die ebenso die Sonne geniessen wie, und dann \u2026\u2026<\/p><\/div>\n<div id=\"attachment_17815\" style=\"width: 1034px\" class=\"wp-caption aligncenter\"><a href=\"https:\/\/berni.fmode.de\/wordpress\/wp-content\/uploads\/pic13185.jpg\"><img loading=\"lazy\" decoding=\"async\" aria-describedby=\"caption-attachment-17815\" class=\"wp-image-17815 size-full\" src=\"https:\/\/berni.fmode.de\/wordpress\/wp-content\/uploads\/pic13185.jpg\" alt=\"Vespa GTS 125\" width=\"1024\" height=\"768\" srcset=\"https:\/\/berni.fmode.de\/wordpress\/wp-content\/uploads\/pic13185.jpg 1024w, https:\/\/berni.fmode.de\/wordpress\/wp-content\/uploads\/pic13185-300x225.jpg 300w, https:\/\/berni.fmode.de\/wordpress\/wp-content\/uploads\/pic13185-400x300.jpg 400w\" sizes=\"(max-width: 1024px) 100vw, 1024px\" \/><\/a><p id=\"caption-attachment-17815\" class=\"wp-caption-text\">\u2026.. mache ich mich auf den Heimweg. Diese 100 Kilometer hab ich wirklich gebraucht, der Winter war einfach irgendwie \u2026 mistig. Und morgen soll es ja noch w\u00e4rmer werden, da werde ich wohl meine \u00fcbergewichtige Engl\u00e4nderin ausf\u00fchren.<\/p><\/div>\n<p>&nbsp;<\/p>\n","protected":false},"excerpt":{"rendered":"<p>F\u00fcr heute ist ein fr\u00fchlingshafter Tag angek\u00fcndigt und tats\u00e4chlich ist es bereits beim morgendlichen Spaziergang mit Yello richtig nett \u2013 endlich kein Frieren mehr. Nat\u00fcrlich denke ich bei so einem Wetter sofort an Motorrad- oder Rollerfahren, aber ein bisschen Schrauben &hellip; <a href=\"https:\/\/berni.fmode.de\/wordpress\/?p=17802\">Weiterlesen <span class=\"meta-nav\">&rarr;<\/span><\/a><\/p>\n","protected":false},"author":1,"featured_media":0,"comment_status":"closed","ping_status":"closed","sticky":false,"template":"","format":"standard","meta":{"footnotes":""},"categories":[36],"tags":[],"_links":{"self":[{"href":"https:\/\/berni.fmode.de\/wordpress\/index.php?rest_route=\/wp\/v2\/posts\/17802"}],"collection":[{"href":"https:\/\/berni.fmode.de\/wordpress\/index.php?rest_route=\/wp\/v2\/posts"}],"about":[{"href":"https:\/\/berni.fmode.de\/wordpress\/index.php?rest_route=\/wp\/v2\/types\/post"}],"author":[{"embeddable":true,"href":"https:\/\/berni.fmode.de\/wordpress\/index.php?rest_route=\/wp\/v2\/users\/1"}],"replies":[{"embeddable":true,"href":"https:\/\/berni.fmode.de\/wordpress\/index.php?rest_route=%2Fwp%2Fv2%2Fcomments&post=17802"}],"version-history":[{"count":3,"href":"https:\/\/berni.fmode.de\/wordpress\/index.php?rest_route=\/wp\/v2\/posts\/17802\/revisions"}],"predecessor-version":[{"id":17818,"href":"https:\/\/berni.fmode.de\/wordpress\/index.php?rest_route=\/wp\/v2\/posts\/17802\/revisions\/17818"}],"wp:attachment":[{"href":"https:\/\/berni.fmode.de\/wordpress\/index.php?rest_route=%2Fwp%2Fv2%2Fmedia&parent=17802"}],"wp:term":[{"taxonomy":"category","embeddable":true,"href":"https:\/\/berni.fmode.de\/wordpress\/index.php?rest_route=%2Fwp%2Fv2%2Fcategories&post=17802"},{"taxonomy":"post_tag","embeddable":true,"href":"https:\/\/berni.fmode.de\/wordpress\/index.php?rest_route=%2Fwp%2Fv2%2Ftags&post=17802"}],"curies":[{"name":"wp","href":"https:\/\/api.w.org\/{rel}","templated":true}]}}