{"id":17729,"date":"2015-02-11T17:35:10","date_gmt":"2015-02-11T16:35:10","guid":{"rendered":"http:\/\/berni.fmode.de\/wordpress\/?p=17729"},"modified":"2015-02-13T17:53:10","modified_gmt":"2015-02-13T16:53:10","slug":"italienische-elektrik","status":"publish","type":"post","link":"https:\/\/berni.fmode.de\/wordpress\/?p=17729","title":{"rendered":"Die gr\u00fcne Cosa: Italienische Elektrik &#8230;.."},"content":{"rendered":"<p>&#8230;.. ist die reine Katastrophe! Das ist nun leider nicht neu, aber so furchtbar wie bei der Vespa, also nee, das hab ich auch noch nicht erlebt. Kabel verschwinden und bekommen irgendwo unterwegs eine Verbindung mit Masse verpasst, Kabelfarben stimmen generell nicht, d\u00fcnne Dr\u00e4htchen, ungesch\u00fctzte Verlegung &#8211; um nur einige der Katastrophen zu nennen. Ich will doch nur meine Vespa Cosa auf reine Gleichspannung umstellen, aber das ist leider nicht ganz so einfach, wie es klingt.<\/p>\n<div id=\"attachment_17730\" style=\"width: 1034px\" class=\"wp-caption aligncenter\"><a href=\"https:\/\/berni.fmode.de\/wordpress\/wp-content\/uploads\/cosae1.jpg\"><img loading=\"lazy\" decoding=\"async\" aria-describedby=\"caption-attachment-17730\" class=\"wp-image-17730 size-full\" src=\"https:\/\/berni.fmode.de\/wordpress\/wp-content\/uploads\/cosae1.jpg\" alt=\"Die gr\u00fcne Cosa\" width=\"1024\" height=\"768\" srcset=\"https:\/\/berni.fmode.de\/wordpress\/wp-content\/uploads\/cosae1.jpg 1024w, https:\/\/berni.fmode.de\/wordpress\/wp-content\/uploads\/cosae1-300x225.jpg 300w, https:\/\/berni.fmode.de\/wordpress\/wp-content\/uploads\/cosae1-400x300.jpg 400w\" sizes=\"(max-width: 1024px) 100vw, 1024px\" \/><\/a><p id=\"caption-attachment-17730\" class=\"wp-caption-text\">Im Bereich unter der linken Backe wird sich das heutige Drama abspielen.<\/p><\/div>\n<div id=\"attachment_17731\" style=\"width: 1034px\" class=\"wp-caption aligncenter\"><a href=\"https:\/\/berni.fmode.de\/wordpress\/wp-content\/uploads\/cosae2.jpg\"><img loading=\"lazy\" decoding=\"async\" aria-describedby=\"caption-attachment-17731\" class=\"wp-image-17731 size-full\" src=\"https:\/\/berni.fmode.de\/wordpress\/wp-content\/uploads\/cosae2.jpg\" alt=\"Die gr\u00fcne Cosa\" width=\"1024\" height=\"768\" srcset=\"https:\/\/berni.fmode.de\/wordpress\/wp-content\/uploads\/cosae2.jpg 1024w, https:\/\/berni.fmode.de\/wordpress\/wp-content\/uploads\/cosae2-300x225.jpg 300w, https:\/\/berni.fmode.de\/wordpress\/wp-content\/uploads\/cosae2-400x300.jpg 400w\" sizes=\"(max-width: 1024px) 100vw, 1024px\" \/><\/a><p id=\"caption-attachment-17731\" class=\"wp-caption-text\">Vorher gehe ich aber noch mal an die Grundplatte und stelle den Z\u00fcndzeitpunkt auf die Stellung A, die f\u00fcr die 200er Motoren gilt. Das ist noch flott gemacht: L\u00fcfterrad abziehen, und schon hab ich alles vor Augen.<\/p><\/div>\n<div id=\"attachment_17732\" style=\"width: 1034px\" class=\"wp-caption aligncenter\"><a href=\"https:\/\/berni.fmode.de\/wordpress\/wp-content\/uploads\/cosae3.jpg\"><img loading=\"lazy\" decoding=\"async\" aria-describedby=\"caption-attachment-17732\" class=\"wp-image-17732 size-full\" src=\"https:\/\/berni.fmode.de\/wordpress\/wp-content\/uploads\/cosae3.jpg\" alt=\"Die gr\u00fcne Cosa\" width=\"1024\" height=\"768\" srcset=\"https:\/\/berni.fmode.de\/wordpress\/wp-content\/uploads\/cosae3.jpg 1024w, https:\/\/berni.fmode.de\/wordpress\/wp-content\/uploads\/cosae3-300x225.jpg 300w, https:\/\/berni.fmode.de\/wordpress\/wp-content\/uploads\/cosae3-400x300.jpg 400w\" sizes=\"(max-width: 1024px) 100vw, 1024px\" \/><\/a><p id=\"caption-attachment-17732\" class=\"wp-caption-text\">So soll&#8217;s mal werden: Die geerdete Seite der Ladespulen wurde isoliert heraus gef\u00fchrt &#8211; dumm nur, dass das entsprechende Kabel zum Regler unterwegs noch mal an Masse angeschlossen ist. Und das in einem v\u00f6llig unzug\u00e4nglichen Bereich. Da werde ich wohl noch ein Kabel auf anderem Weg ziehen m\u00fcssen.<\/p><\/div>\n<div id=\"attachment_17733\" style=\"width: 1034px\" class=\"wp-caption aligncenter\"><a href=\"https:\/\/berni.fmode.de\/wordpress\/wp-content\/uploads\/cosae4.jpg\"><img loading=\"lazy\" decoding=\"async\" aria-describedby=\"caption-attachment-17733\" class=\"wp-image-17733 size-full\" src=\"https:\/\/berni.fmode.de\/wordpress\/wp-content\/uploads\/cosae4.jpg\" alt=\"Die gr\u00fcne Cosa\" width=\"1024\" height=\"768\" srcset=\"https:\/\/berni.fmode.de\/wordpress\/wp-content\/uploads\/cosae4.jpg 1024w, https:\/\/berni.fmode.de\/wordpress\/wp-content\/uploads\/cosae4-300x225.jpg 300w, https:\/\/berni.fmode.de\/wordpress\/wp-content\/uploads\/cosae4-400x300.jpg 400w\" sizes=\"(max-width: 1024px) 100vw, 1024px\" \/><\/a><p id=\"caption-attachment-17733\" class=\"wp-caption-text\">Hier wird viel ge\u00e4ndert: Ein neuer Vollwellenregler f\u00fcr die jetzt isolierten Ladespulen und ein Relais, das die geregelte Spannung auf die Verbraucher gibt. Aber vorher muss ich erst m\u00fchselig heraus finden, welche Leitung wohin geht. Bisher funktionieren nur der Anlasser, die Z\u00fcndung und die Leerlaufkontrolle. Diese Sache ist noch nicht abgeschlossen!<\/p><\/div>\n<p>&nbsp;<\/p>\n","protected":false},"excerpt":{"rendered":"<p>&#8230;.. ist die reine Katastrophe! Das ist nun leider nicht neu, aber so furchtbar wie bei der Vespa, also nee, das hab ich auch noch nicht erlebt. Kabel verschwinden und bekommen irgendwo unterwegs eine Verbindung mit Masse verpasst, Kabelfarben stimmen &hellip; <a href=\"https:\/\/berni.fmode.de\/wordpress\/?p=17729\">Weiterlesen <span class=\"meta-nav\">&rarr;<\/span><\/a><\/p>\n","protected":false},"author":1,"featured_media":0,"comment_status":"closed","ping_status":"closed","sticky":false,"template":"","format":"standard","meta":{"footnotes":""},"categories":[36],"tags":[],"_links":{"self":[{"href":"https:\/\/berni.fmode.de\/wordpress\/index.php?rest_route=\/wp\/v2\/posts\/17729"}],"collection":[{"href":"https:\/\/berni.fmode.de\/wordpress\/index.php?rest_route=\/wp\/v2\/posts"}],"about":[{"href":"https:\/\/berni.fmode.de\/wordpress\/index.php?rest_route=\/wp\/v2\/types\/post"}],"author":[{"embeddable":true,"href":"https:\/\/berni.fmode.de\/wordpress\/index.php?rest_route=\/wp\/v2\/users\/1"}],"replies":[{"embeddable":true,"href":"https:\/\/berni.fmode.de\/wordpress\/index.php?rest_route=%2Fwp%2Fv2%2Fcomments&post=17729"}],"version-history":[{"count":2,"href":"https:\/\/berni.fmode.de\/wordpress\/index.php?rest_route=\/wp\/v2\/posts\/17729\/revisions"}],"predecessor-version":[{"id":17736,"href":"https:\/\/berni.fmode.de\/wordpress\/index.php?rest_route=\/wp\/v2\/posts\/17729\/revisions\/17736"}],"wp:attachment":[{"href":"https:\/\/berni.fmode.de\/wordpress\/index.php?rest_route=%2Fwp%2Fv2%2Fmedia&parent=17729"}],"wp:term":[{"taxonomy":"category","embeddable":true,"href":"https:\/\/berni.fmode.de\/wordpress\/index.php?rest_route=%2Fwp%2Fv2%2Fcategories&post=17729"},{"taxonomy":"post_tag","embeddable":true,"href":"https:\/\/berni.fmode.de\/wordpress\/index.php?rest_route=%2Fwp%2Fv2%2Ftags&post=17729"}],"curies":[{"name":"wp","href":"https:\/\/api.w.org\/{rel}","templated":true}]}}