{"id":1671,"date":"2009-08-18T07:45:37","date_gmt":"2009-08-18T06:45:37","guid":{"rendered":"http:\/\/berni.fmode.de\/wordpress\/?p=1671"},"modified":"2012-02-02T11:05:44","modified_gmt":"2012-02-02T10:05:44","slug":"ins-stadtkrankenhaus-nach-korbach","status":"publish","type":"post","link":"https:\/\/berni.fmode.de\/wordpress\/?p=1671","title":{"rendered":"Ins Stadtkrankenhaus nach Korbach"},"content":{"rendered":"<p>Seit ein paar Jahren fahre ich an diesem Tag, meinem Geburtstag, einfach irgendwohin &#8211; nur, um dem Geburtstagsrummel zu entgehen. In diesem Jahr ist es leider ein wenig anders, ein Krankenbesuch steht an aber ich verbinde den mit einer Motorradfahrt\u00a0<span style=\"color: #333333;\"> <span style=\"color: #333333;\">ins Stadtkrankenhaus nach Korbach.<\/span><\/span><\/p>\n<p>An Geburtstagen gibt die Firma immer einen halben Tag frei, und das nutze ich heute gerne aus. Da kann ich den geplanten Krankenbesuch ja durchziehen. Also gehts Mittags los &#8211; in der schlimmsten Hitze nat\u00fcrlich. Entsprechend ist auch die Fahrt, viel zu heiss, leichte Kreislaufprobleme &#8211; aber es hilft ja alles nix. In V\u00f6hl treffe ich mit mit Br\u00fcderchen J\u00fcrgen und ab da gehts zu zweit \u00fcber wunderbare und f\u00fcr mich fremde Nebenstrassen nach Korbach.<\/p>\n<div style=\"width: 510px\" class=\"wp-caption alignnone\"><img loading=\"lazy\" decoding=\"async\" class=\" \" title=\"Silvie\" src=\"http:\/\/berni.fmode.de\/www\/mz\/silverstar\/2009\/0818\/pic01.jpg\" alt=\"\" width=\"500\" height=\"375\" \/><p class=\"wp-caption-text\">Bis Gem\u00fcnden bleibe ich auf Bundesstrassen, auf denen ekelhaft viel Verkehr fliesst. Dazu LKW und jede Menge Erntefahrzeuge. Dann aber drehe ich ab in Richtung Kellerwald und schon wirds etwas ertr\u00e4glicher: K\u00fchlere Waldpassagen und viel weniger Schwerverkehr.<\/p><\/div>\n<div style=\"width: 510px\" class=\"wp-caption alignnone\"><img loading=\"lazy\" decoding=\"async\" class=\" \" title=\"Silvie\" src=\"http:\/\/berni.fmode.de\/www\/mz\/silverstar\/2009\/0818\/pic02.jpg\" alt=\"\" width=\"500\" height=\"375\" \/><p class=\"wp-caption-text\">In Korbach noch schnell ein paar Dinge f\u00fcr den Krankenbesuch beschafft und dann gehts ab ins Stadtkrankenhaus.<\/p><\/div>\n<div style=\"width: 510px\" class=\"wp-caption alignnone\"><img loading=\"lazy\" decoding=\"async\" class=\" \" title=\"Silvie\" src=\"http:\/\/berni.fmode.de\/www\/mz\/silverstar\/2009\/0818\/pic03.jpg\" alt=\"\" width=\"500\" height=\"375\" \/><p class=\"wp-caption-text\">Gegen 17:00 m\u00fcssen wir wieder aufbrechen, fahren bis V\u00f6hl gemeinsam und dann nehme ich die restlichen 70 km unter die Heidenaureifen. Es ist \u00fcbrigens immer noch schrecklich heiss - nur nicht anhalten, und wenn, dann nur im Wald.<\/p><\/div>\n<div style=\"width: 510px\" class=\"wp-caption alignnone\"><img loading=\"lazy\" decoding=\"async\" class=\" \" title=\"Silvie\" src=\"http:\/\/berni.fmode.de\/www\/mz\/silverstar\/2009\/0818\/pic04.jpg\" alt=\"\" width=\"500\" height=\"375\" \/><p class=\"wp-caption-text\">Am Gest\u00fct W\u00e4ldershausen k\u00fcndigt sich langsam der Abend an - aber K\u00fchle bringt der noch nicht wirklich. Und morgen und \u00fcbermorgen solls noch heisser werden - und da will ich ins Frankenland fahren. Oh je!<\/p><\/div>\n<div style=\"width: 510px\" class=\"wp-caption alignnone\"><img loading=\"lazy\" decoding=\"async\" class=\" \" title=\"Silvie\" src=\"http:\/\/berni.fmode.de\/www\/mz\/silverstar\/2009\/0818\/pic05.jpg\" alt=\"\" width=\"500\" height=\"375\" \/><p class=\"wp-caption-text\">In der heimatlichen Garage finde ich zu meiner \u00dcberraschung ein P\u00e4ckchen vor - vom MZ-Forum. Und da drin etliche Tuben meiner Lieblingstinktur: Elsterglanz. Aber dann stellt sich heraus, dass das P\u00e4ckchen fingiert ist - von Nachbar Egon.<\/p><\/div>\n<p>&nbsp;<\/p>\n","protected":false},"excerpt":{"rendered":"<p>Seit ein paar Jahren fahre ich an diesem Tag, meinem Geburtstag, einfach irgendwohin &#8211; nur, um dem Geburtstagsrummel zu entgehen. In diesem Jahr ist es leider ein wenig anders, ein Krankenbesuch steht an aber ich verbinde den mit einer Motorradfahrt\u00a0 &hellip; <a href=\"https:\/\/berni.fmode.de\/wordpress\/?p=1671\">Weiterlesen <span class=\"meta-nav\">&rarr;<\/span><\/a><\/p>\n","protected":false},"author":1,"featured_media":0,"comment_status":"closed","ping_status":"closed","sticky":false,"template":"","format":"standard","meta":{"footnotes":""},"categories":[20],"tags":[],"_links":{"self":[{"href":"https:\/\/berni.fmode.de\/wordpress\/index.php?rest_route=\/wp\/v2\/posts\/1671"}],"collection":[{"href":"https:\/\/berni.fmode.de\/wordpress\/index.php?rest_route=\/wp\/v2\/posts"}],"about":[{"href":"https:\/\/berni.fmode.de\/wordpress\/index.php?rest_route=\/wp\/v2\/types\/post"}],"author":[{"embeddable":true,"href":"https:\/\/berni.fmode.de\/wordpress\/index.php?rest_route=\/wp\/v2\/users\/1"}],"replies":[{"embeddable":true,"href":"https:\/\/berni.fmode.de\/wordpress\/index.php?rest_route=%2Fwp%2Fv2%2Fcomments&post=1671"}],"version-history":[{"count":2,"href":"https:\/\/berni.fmode.de\/wordpress\/index.php?rest_route=\/wp\/v2\/posts\/1671\/revisions"}],"predecessor-version":[{"id":6252,"href":"https:\/\/berni.fmode.de\/wordpress\/index.php?rest_route=\/wp\/v2\/posts\/1671\/revisions\/6252"}],"wp:attachment":[{"href":"https:\/\/berni.fmode.de\/wordpress\/index.php?rest_route=%2Fwp%2Fv2%2Fmedia&parent=1671"}],"wp:term":[{"taxonomy":"category","embeddable":true,"href":"https:\/\/berni.fmode.de\/wordpress\/index.php?rest_route=%2Fwp%2Fv2%2Fcategories&post=1671"},{"taxonomy":"post_tag","embeddable":true,"href":"https:\/\/berni.fmode.de\/wordpress\/index.php?rest_route=%2Fwp%2Fv2%2Ftags&post=1671"}],"curies":[{"name":"wp","href":"https:\/\/api.w.org\/{rel}","templated":true}]}}