{"id":16328,"date":"2014-07-20T18:11:17","date_gmt":"2014-07-20T17:11:17","guid":{"rendered":"http:\/\/berni.fmode.de\/wordpress\/?p=16328"},"modified":"2014-07-22T19:15:27","modified_gmt":"2014-07-22T18:15:27","slug":"oldtimer-in-gross-eichen","status":"publish","type":"post","link":"https:\/\/berni.fmode.de\/wordpress\/?p=16328","title":{"rendered":"Oldtimer in Gro\u00df-Eichen"},"content":{"rendered":"<p>Klasse gemacht! Aus dem Start der Oldtimer-Rallye beim Bus-Unternehmer Philippi in Gro\u00df-Eichen wurde ein richtig sch\u00f6nes Event gemacht &#8211; ganz im Gegensatz zur Oldtimer-Rallye vor einiger Zeit in Gr\u00fcnberg. Durch kleine Ausstellungen, Musik, Parkpl\u00e4tze, Imbissst\u00e4nde und Getr\u00e4nkepilze wurde der simple Start gewaltig aufgepeppt. Hat wirklich Spa\u00df gemacht, dort ein paar Stunden zu verbringen und der gro\u00dfe Publikumsandrang zeigt ja wohl, dass so etwas ankommt.<\/p>\n<p>Ich nehme meinen Leihhund Yellow mit nach Gro\u00df-Eichen, damit die Landpomeranze mal wieder unter Leute kommt. Logisch also, dass ich mit dem MG fahre, zum Beiwagen-Hund taugt Yellow noch nicht.<\/p>\n<p>Dummerweise &#8211; oder vielleicht auch gl\u00fccklicherweise &#8211; ist der Akku meiner Kamera total leer, sogar tiefentladen. Aber ich treffe (nat\u00fcrlich) Peter, den Hayabusa-Fahrer und bitte ihn, ein paar Fotos f\u00fcr mich zu machen. Alle Bilder, die ihr hier seht, sind also von Peter und ich muss sagen, er hat einen Super Job gemacht. Besten Dank f\u00fcr die tollen Fotos, Peter.<\/p>\n<div id=\"attachment_16329\" style=\"width: 810px\" class=\"wp-caption aligncenter\"><a href=\"https:\/\/berni.fmode.de\/wordpress\/wp-content\/uploads\/ge14-01.jpg\"><img loading=\"lazy\" decoding=\"async\" aria-describedby=\"caption-attachment-16329\" class=\"wp-image-16329 size-full\" src=\"https:\/\/berni.fmode.de\/wordpress\/wp-content\/uploads\/ge14-01.jpg\" alt=\"Oldtimer 2014 in Gro\u00df-Eichen\" width=\"800\" height=\"536\" srcset=\"https:\/\/berni.fmode.de\/wordpress\/wp-content\/uploads\/ge14-01.jpg 800w, https:\/\/berni.fmode.de\/wordpress\/wp-content\/uploads\/ge14-01-300x201.jpg 300w, https:\/\/berni.fmode.de\/wordpress\/wp-content\/uploads\/ge14-01-447x300.jpg 447w\" sizes=\"(max-width: 800px) 100vw, 800px\" \/><\/a><p id=\"caption-attachment-16329\" class=\"wp-caption-text\">Und ich treffe Reinhard in Gro\u00df-Eichen, was auch keine \u00dcberraschung ist. Wir bummeln gemeinsam \u00fcber den Platz und auf diese Weise komme ich zu Informationen \u00fcber englische Roadster und Sportwagen, die ich sonst nicht parat h\u00e4tte.<\/p><\/div>\n<div id=\"attachment_16330\" style=\"width: 810px\" class=\"wp-caption aligncenter\"><a href=\"https:\/\/berni.fmode.de\/wordpress\/wp-content\/uploads\/ge14-02.jpg\"><img loading=\"lazy\" decoding=\"async\" aria-describedby=\"caption-attachment-16330\" class=\"wp-image-16330 size-full\" src=\"https:\/\/berni.fmode.de\/wordpress\/wp-content\/uploads\/ge14-02.jpg\" alt=\"Oldtimer 2014 in Gro\u00df-Eichen\" width=\"800\" height=\"536\" srcset=\"https:\/\/berni.fmode.de\/wordpress\/wp-content\/uploads\/ge14-02.jpg 800w, https:\/\/berni.fmode.de\/wordpress\/wp-content\/uploads\/ge14-02-300x201.jpg 300w, https:\/\/berni.fmode.de\/wordpress\/wp-content\/uploads\/ge14-02-447x300.jpg 447w\" sizes=\"(max-width: 800px) 100vw, 800px\" \/><\/a><p id=\"caption-attachment-16330\" class=\"wp-caption-text\">Guido aus Sellnrod hat eine komplette Vicky-Sammlung geerbt, die er zum Teil hier ausstellt. Sind sch\u00f6ne Mopeds dabei und die meisten kenne ich aus meiner Jugendzeit.<\/p><\/div>\n<div id=\"attachment_16331\" style=\"width: 810px\" class=\"wp-caption aligncenter\"><a href=\"https:\/\/berni.fmode.de\/wordpress\/wp-content\/uploads\/ge14-03.jpg\"><img loading=\"lazy\" decoding=\"async\" aria-describedby=\"caption-attachment-16331\" class=\"wp-image-16331 size-full\" src=\"https:\/\/berni.fmode.de\/wordpress\/wp-content\/uploads\/ge14-03.jpg\" alt=\"Oldtimer 2014 in Gro\u00df-Eichen\" width=\"800\" height=\"536\" srcset=\"https:\/\/berni.fmode.de\/wordpress\/wp-content\/uploads\/ge14-03.jpg 800w, https:\/\/berni.fmode.de\/wordpress\/wp-content\/uploads\/ge14-03-300x201.jpg 300w, https:\/\/berni.fmode.de\/wordpress\/wp-content\/uploads\/ge14-03-447x300.jpg 447w\" sizes=\"(max-width: 800px) 100vw, 800px\" \/><\/a><p id=\"caption-attachment-16331\" class=\"wp-caption-text\">Mit dieser Vicky-Sammlung ist man garantiert auf jeder Oldtimer-Veranstaltung gern gesehen.<\/p><\/div>\n<div id=\"attachment_16332\" style=\"width: 810px\" class=\"wp-caption aligncenter\"><a href=\"https:\/\/berni.fmode.de\/wordpress\/wp-content\/uploads\/ge14-04.jpg\"><img loading=\"lazy\" decoding=\"async\" aria-describedby=\"caption-attachment-16332\" class=\"wp-image-16332 size-full\" src=\"https:\/\/berni.fmode.de\/wordpress\/wp-content\/uploads\/ge14-04.jpg\" alt=\"Oldtimer 2014 in Gro\u00df-Eichen\" width=\"800\" height=\"536\" srcset=\"https:\/\/berni.fmode.de\/wordpress\/wp-content\/uploads\/ge14-04.jpg 800w, https:\/\/berni.fmode.de\/wordpress\/wp-content\/uploads\/ge14-04-300x201.jpg 300w, https:\/\/berni.fmode.de\/wordpress\/wp-content\/uploads\/ge14-04-447x300.jpg 447w\" sizes=\"(max-width: 800px) 100vw, 800px\" \/><\/a><p id=\"caption-attachment-16332\" class=\"wp-caption-text\">Traum der 50er Jahre: Victoria Avanti als &#8222;Rennerle&#8220; mit zwei hochgezogenen Auspuffrohren.<\/p><\/div>\n<div id=\"attachment_16333\" style=\"width: 810px\" class=\"wp-caption aligncenter\"><a href=\"https:\/\/berni.fmode.de\/wordpress\/wp-content\/uploads\/ge14-05.jpg\"><img loading=\"lazy\" decoding=\"async\" aria-describedby=\"caption-attachment-16333\" class=\"wp-image-16333 size-full\" src=\"https:\/\/berni.fmode.de\/wordpress\/wp-content\/uploads\/ge14-05.jpg\" alt=\"Oldtimer 2014 in Gro\u00df-Eichen\" width=\"800\" height=\"536\" srcset=\"https:\/\/berni.fmode.de\/wordpress\/wp-content\/uploads\/ge14-05.jpg 800w, https:\/\/berni.fmode.de\/wordpress\/wp-content\/uploads\/ge14-05-300x201.jpg 300w, https:\/\/berni.fmode.de\/wordpress\/wp-content\/uploads\/ge14-05-447x300.jpg 447w\" sizes=\"(max-width: 800px) 100vw, 800px\" \/><\/a><p id=\"caption-attachment-16333\" class=\"wp-caption-text\">Oder die &#8222;Blechbanane&#8220;: Ein echtes Kind ihrer Zeit im Gelsenkirchener Barock. F\u00fcr mich besonders interessant: Das R\u00fccklicht ist das gleiche, dass bei den ersten Capri-Rollern verbaut wurde. Vielleicht ist es erfolgversprechender, nach Victoria-R\u00fccklichtern zu suchen, als nach Capri-Teilen.<\/p><\/div>\n<p>Weitere Bilder gibt es im folgenden als selbstablaufende Slide-Show:<br \/>\n[slideshow_deploy id=&#8217;16335&#8242;]<\/p>\n<p>Reinhard und ich k\u00f6nnten eigentlich im n\u00e4chsten Jahr aktiv an der Veranstaltung teilnehmen: Alte Zweir\u00e4der im entsprechenden Alter sind vorhanden &#8211; sogar mehrfach. Ja, das sollten wir wirklich tun.<\/p>\n<p>&nbsp;<\/p>\n","protected":false},"excerpt":{"rendered":"<p>Klasse gemacht! Aus dem Start der Oldtimer-Rallye beim Bus-Unternehmer Philippi in Gro\u00df-Eichen wurde ein richtig sch\u00f6nes Event gemacht &#8211; ganz im Gegensatz zur Oldtimer-Rallye vor einiger Zeit in Gr\u00fcnberg. Durch kleine Ausstellungen, Musik, Parkpl\u00e4tze, Imbissst\u00e4nde und Getr\u00e4nkepilze wurde der simple &hellip; <a href=\"https:\/\/berni.fmode.de\/wordpress\/?p=16328\">Weiterlesen <span class=\"meta-nav\">&rarr;<\/span><\/a><\/p>\n","protected":false},"author":1,"featured_media":0,"comment_status":"closed","ping_status":"closed","sticky":false,"template":"","format":"standard","meta":{"footnotes":""},"categories":[1,21,37,18],"tags":[],"_links":{"self":[{"href":"https:\/\/berni.fmode.de\/wordpress\/index.php?rest_route=\/wp\/v2\/posts\/16328"}],"collection":[{"href":"https:\/\/berni.fmode.de\/wordpress\/index.php?rest_route=\/wp\/v2\/posts"}],"about":[{"href":"https:\/\/berni.fmode.de\/wordpress\/index.php?rest_route=\/wp\/v2\/types\/post"}],"author":[{"embeddable":true,"href":"https:\/\/berni.fmode.de\/wordpress\/index.php?rest_route=\/wp\/v2\/users\/1"}],"replies":[{"embeddable":true,"href":"https:\/\/berni.fmode.de\/wordpress\/index.php?rest_route=%2Fwp%2Fv2%2Fcomments&post=16328"}],"version-history":[{"count":6,"href":"https:\/\/berni.fmode.de\/wordpress\/index.php?rest_route=\/wp\/v2\/posts\/16328\/revisions"}],"predecessor-version":[{"id":16381,"href":"https:\/\/berni.fmode.de\/wordpress\/index.php?rest_route=\/wp\/v2\/posts\/16328\/revisions\/16381"}],"wp:attachment":[{"href":"https:\/\/berni.fmode.de\/wordpress\/index.php?rest_route=%2Fwp%2Fv2%2Fmedia&parent=16328"}],"wp:term":[{"taxonomy":"category","embeddable":true,"href":"https:\/\/berni.fmode.de\/wordpress\/index.php?rest_route=%2Fwp%2Fv2%2Fcategories&post=16328"},{"taxonomy":"post_tag","embeddable":true,"href":"https:\/\/berni.fmode.de\/wordpress\/index.php?rest_route=%2Fwp%2Fv2%2Ftags&post=16328"}],"curies":[{"name":"wp","href":"https:\/\/api.w.org\/{rel}","templated":true}]}}