{"id":15809,"date":"2014-06-09T21:32:53","date_gmt":"2014-06-09T20:32:53","guid":{"rendered":"http:\/\/berni.fmode.de\/wordpress\/?p=15809"},"modified":"2014-06-22T19:37:44","modified_gmt":"2014-06-22T18:37:44","slug":"niederoesterreich","status":"publish","type":"post","link":"https:\/\/berni.fmode.de\/wordpress\/?p=15809","title":{"rendered":"Nieder\u00f6sterreich"},"content":{"rendered":"<p>Seitdem J\u00fcrgen und ich 2010 mit unseren beiden Rotax-MZ einen wunderbaren Motorrad-Urlaub in der Steiermark verbracht haben, existiert der Plan in unseren K\u00f6pfen, Nieder\u00f6sterreich zu besuchen. Dieses fl\u00e4chenm\u00e4\u00dfig gr\u00f6sste Land \u00d6sterreichs hat so viel zu bieten, das m\u00fcssen wir einfach auf zwei R\u00e4dern erkunden.<\/p>\n<p>Aber erst jetzt, im Juni 2014, k\u00f6nnen wir unser Vorhaben umsetzen &#8211; endlich. Unsere Rotax-MZ haben wir beide schon lange nicht mehr, aber erneut sind J\u00fcrgen und ich mit der gleichen Maschine unterwegs: Wir fahren beide eine Triumph Thunderbird 900.<\/p>\n<p>Wie bei unserem Steiermark-Urlaub werden wir die Motorr\u00e4der auf dem H\u00e4nger transportieren. Im Quartier in Prinzersdorf nahe St. P\u00f6lten werden wir den Opel samt H\u00e4nger dann abstellen und ab dort sind wir auf zwei R\u00e4dern unterwegs. Beginnen wird unsere kleine Reise in der Nacht vom 10. auf den 11. Juni.<\/p>\n<p>Wenn alles klappt und nach Plan verl\u00e4uft, werden wir auch Gerhard aus Graz wieder sehen. Gerhard hat uns bei der ersten \u00d6sterreich-Reise unglaublich unterst\u00fctzt, mit Unterlagen versorgt und durch seine Aktivit\u00e4t unseren Urlaub zu einem unvergesslichen Erlebnis gemacht. Wir freuen uns sehr auf ein Wiedersehen.<\/p>\n<p><a href=\"https:\/\/berni.fmode.de\/wordpress\/?page_id=15879\">9.6.2014: Vorbereitung und Verladung<\/a><\/p>\n<p><a href=\"https:\/\/berni.fmode.de\/wordpress\/?page_id=15887\">10.6.2014: Die Anreise<\/a><\/p>\n<p><a href=\"https:\/\/berni.fmode.de\/wordpress\/?page_id=15898\">11.6.2014: Tag 1 &#8211; In die Wachau<\/a><\/p>\n<p><a href=\"https:\/\/berni.fmode.de\/wordpress\/?page_id=15924%20\">12.6.2014: Tag 2 &#8211; Das Waldviertel<\/a><\/p>\n<p><a href=\"https:\/\/berni.fmode.de\/wordpress\/?page_id=15957\">13.6.2014: Tag 3 &#8211; Das Mostviertel<\/a><\/p>\n<p><a href=\"https:\/\/berni.fmode.de\/wordpress\/?page_id=15974\">14.6.2014: Tag 4 &#8211; Durchs Kamptal ins Weinviertel<\/a><\/p>\n<p><a href=\"https:\/\/berni.fmode.de\/wordpress\/?page_id=16002\">15.6.2014: Tag 5 &#8211; Gu\u00dfwerk und Wildalpen<\/a><\/p>\n<p><a href=\"https:\/\/berni.fmode.de\/wordpress\/?page_id=16032\">16.6.2014: Tag 6 &#8211; Kultur im s\u00fcdlichen Waldviertel<\/a><\/p>\n<p><a href=\"https:\/\/berni.fmode.de\/wordpress\/?page_id=16061\">17.6.2014: Tag 7 &#8211; Im tiefsten Weinviertel und im befreundeten Ausland<\/a><\/p>\n<p><a href=\"https:\/\/berni.fmode.de\/wordpress\/?page_id=16083\">18.6.2014: Tag 8 &#8211; Puchberg am Schneeberg<\/a><\/p>\n<p><a href=\"https:\/\/berni.fmode.de\/wordpress\/?page_id=16099%20\">19.6.2014: Tag 9 &#8211; Allein im Dunkelsteiner Wald<\/a><\/p>\n<p><a href=\"https:\/\/berni.fmode.de\/wordpress\/?page_id=16116\">20.6.2014: Tag 10 &#8211; Der gro\u00dfe Regen<\/a><\/p>\n<div id=\"attachment_15811\" style=\"width: 460px\" class=\"wp-caption alignleft\"><img loading=\"lazy\" decoding=\"async\" aria-describedby=\"caption-attachment-15811\" class=\"wp-image-15811 size-full\" src=\"https:\/\/berni.fmode.de\/wordpress\/wp-content\/uploads\/niederoesterreich.png\" alt=\"Niederoesterreich\" width=\"450\" height=\"405\" srcset=\"https:\/\/berni.fmode.de\/wordpress\/wp-content\/uploads\/niederoesterreich.png 450w, https:\/\/berni.fmode.de\/wordpress\/wp-content\/uploads\/niederoesterreich-300x270.png 300w, https:\/\/berni.fmode.de\/wordpress\/wp-content\/uploads\/niederoesterreich-333x300.png 333w\" sizes=\"(max-width: 450px) 100vw, 450px\" \/><p id=\"caption-attachment-15811\" class=\"wp-caption-text\">Die Karte aus Wikipedia zeigt die Viertel Nieder\u00f6sterreichs: Gr\u00fcn das Waldviertel, orange das Weinviertel, gelb das Mostviertel und blau das Industrieviertel. Insbesondere die ersten drei Viertel wollen wir kulturell, landschaftlich und fahrerisch kennen lernen.<\/p><\/div>\n","protected":false},"excerpt":{"rendered":"<p>Seitdem J\u00fcrgen und ich 2010 mit unseren beiden Rotax-MZ einen wunderbaren Motorrad-Urlaub in der Steiermark verbracht haben, existiert der Plan in unseren K\u00f6pfen, Nieder\u00f6sterreich zu besuchen. Dieses fl\u00e4chenm\u00e4\u00dfig gr\u00f6sste Land \u00d6sterreichs hat so viel zu bieten, das m\u00fcssen wir einfach &hellip; <a href=\"https:\/\/berni.fmode.de\/wordpress\/?p=15809\">Weiterlesen <span class=\"meta-nav\">&rarr;<\/span><\/a><\/p>\n","protected":false},"author":1,"featured_media":0,"comment_status":"closed","ping_status":"closed","sticky":false,"template":"","format":"standard","meta":{"footnotes":""},"categories":[24,18],"tags":[],"_links":{"self":[{"href":"https:\/\/berni.fmode.de\/wordpress\/index.php?rest_route=\/wp\/v2\/posts\/15809"}],"collection":[{"href":"https:\/\/berni.fmode.de\/wordpress\/index.php?rest_route=\/wp\/v2\/posts"}],"about":[{"href":"https:\/\/berni.fmode.de\/wordpress\/index.php?rest_route=\/wp\/v2\/types\/post"}],"author":[{"embeddable":true,"href":"https:\/\/berni.fmode.de\/wordpress\/index.php?rest_route=\/wp\/v2\/users\/1"}],"replies":[{"embeddable":true,"href":"https:\/\/berni.fmode.de\/wordpress\/index.php?rest_route=%2Fwp%2Fv2%2Fcomments&post=15809"}],"version-history":[{"count":16,"href":"https:\/\/berni.fmode.de\/wordpress\/index.php?rest_route=\/wp\/v2\/posts\/15809\/revisions"}],"predecessor-version":[{"id":16125,"href":"https:\/\/berni.fmode.de\/wordpress\/index.php?rest_route=\/wp\/v2\/posts\/15809\/revisions\/16125"}],"wp:attachment":[{"href":"https:\/\/berni.fmode.de\/wordpress\/index.php?rest_route=%2Fwp%2Fv2%2Fmedia&parent=15809"}],"wp:term":[{"taxonomy":"category","embeddable":true,"href":"https:\/\/berni.fmode.de\/wordpress\/index.php?rest_route=%2Fwp%2Fv2%2Fcategories&post=15809"},{"taxonomy":"post_tag","embeddable":true,"href":"https:\/\/berni.fmode.de\/wordpress\/index.php?rest_route=%2Fwp%2Fv2%2Ftags&post=15809"}],"curies":[{"name":"wp","href":"https:\/\/api.w.org\/{rel}","templated":true}]}}