{"id":15669,"date":"2014-05-30T23:09:57","date_gmt":"2014-05-30T22:09:57","guid":{"rendered":"http:\/\/berni.fmode.de\/wordpress\/?p=15669"},"modified":"2014-06-01T22:39:47","modified_gmt":"2014-06-01T21:39:47","slug":"bella-bei-den-schoenen","status":"publish","type":"post","link":"https:\/\/berni.fmode.de\/wordpress\/?p=15669","title":{"rendered":"Bella &#8211; bei den Sch\u00f6nen"},"content":{"rendered":"<p>&#8230;&#8230; und Reichen. Was die Reichen betrifft, bin ich mir allerdings nicht ganz sicher, aber sch\u00f6n waren sie alle &#8211; die Z\u00fcndapp Bella Roller, zu deren Treffen ich heute standesgem\u00e4\u00df mit einem Roller gereist bin.<\/p>\n<p>Das Bella-Treffen habe ich schon seit Monaten in meinem Terminkalender vermerkt und das will ich auf keinen Fall verpassen. Urspr\u00fcnglich sollte die kleine Fahrt nach Ludwigsau in Walldhessen mit der NSU Lambretta stattfinden, aber aufgrund deren Klemmneigung verzichte ich darauf und nehme die Vespa GTS125. Hab mir eine wirklich sch\u00f6ne Route ausget\u00fcftelt, um die rund 100 km bis in den Besengrund auch richtig zu geniessen.<\/p>\n<p>Die Wettervorhersage ist mittelm\u00e4\u00dfig und tats\u00e4chlich regnet es sogar, als ich gegen 12:00 starte. Aber von Kilometer zu Kilometer wird es besser und am Ende ist es gar richtig sch\u00f6n.<\/p>\n<div id=\"attachment_15670\" style=\"width: 1310px\" class=\"wp-caption aligncenter\"><a href=\"https:\/\/berni.fmode.de\/wordpress\/wp-content\/uploads\/Bildschirmfoto-vom-2014-05-30-174611.png\"><img loading=\"lazy\" decoding=\"async\" aria-describedby=\"caption-attachment-15670\" class=\"size-full wp-image-15670\" src=\"https:\/\/berni.fmode.de\/wordpress\/wp-content\/uploads\/Bildschirmfoto-vom-2014-05-30-174611.png\" alt=\"Diese Route habe ich mir zusammen gestellt und kann sie auch bis auf eine Kleinigkeit umsetzen.\" width=\"1300\" height=\"847\" srcset=\"https:\/\/berni.fmode.de\/wordpress\/wp-content\/uploads\/Bildschirmfoto-vom-2014-05-30-174611.png 1300w, https:\/\/berni.fmode.de\/wordpress\/wp-content\/uploads\/Bildschirmfoto-vom-2014-05-30-174611-300x195.png 300w, https:\/\/berni.fmode.de\/wordpress\/wp-content\/uploads\/Bildschirmfoto-vom-2014-05-30-174611-1024x667.png 1024w, https:\/\/berni.fmode.de\/wordpress\/wp-content\/uploads\/Bildschirmfoto-vom-2014-05-30-174611-460x300.png 460w\" sizes=\"(max-width: 1300px) 100vw, 1300px\" \/><\/a><p id=\"caption-attachment-15670\" class=\"wp-caption-text\">Diese Route habe ich mir zusammen gestellt und kann sie auch bis auf eine Kleinigkeit umsetzen.<\/p><\/div>\n<div id=\"attachment_15671\" style=\"width: 1034px\" class=\"wp-caption aligncenter\"><a href=\"https:\/\/berni.fmode.de\/wordpress\/wp-content\/uploads\/bella00.jpg\"><img loading=\"lazy\" decoding=\"async\" aria-describedby=\"caption-attachment-15671\" class=\"size-full wp-image-15671\" src=\"https:\/\/berni.fmode.de\/wordpress\/wp-content\/uploads\/bella00.jpg\" alt=\"Und das mein Ziel: Ein Bella-Treffen. Es ist mein erster Besuch \u00fcberhaupt auf einem Roller-Treffen - Premiere also.\" width=\"1024\" height=\"1365\" srcset=\"https:\/\/berni.fmode.de\/wordpress\/wp-content\/uploads\/bella00.jpg 1024w, https:\/\/berni.fmode.de\/wordpress\/wp-content\/uploads\/bella00-225x300.jpg 225w, https:\/\/berni.fmode.de\/wordpress\/wp-content\/uploads\/bella00-768x1024.jpg 768w\" sizes=\"(max-width: 1024px) 100vw, 1024px\" \/><\/a><p id=\"caption-attachment-15671\" class=\"wp-caption-text\">Und das mein Ziel: Ein Bella-Treffen. Es ist mein erster Besuch \u00fcberhaupt auf einem Roller-Treffen &#8211; Premiere also.<\/p><\/div>\n<div id=\"attachment_15672\" style=\"width: 1034px\" class=\"wp-caption aligncenter\"><a href=\"https:\/\/berni.fmode.de\/wordpress\/wp-content\/uploads\/bella01.jpg\"><img loading=\"lazy\" decoding=\"async\" aria-describedby=\"caption-attachment-15672\" class=\"wp-image-15672 size-full\" src=\"https:\/\/berni.fmode.de\/wordpress\/wp-content\/uploads\/bella01.jpg\" alt=\"Navi auf der Vespa\" width=\"1024\" height=\"768\" srcset=\"https:\/\/berni.fmode.de\/wordpress\/wp-content\/uploads\/bella01.jpg 1024w, https:\/\/berni.fmode.de\/wordpress\/wp-content\/uploads\/bella01-300x225.jpg 300w, https:\/\/berni.fmode.de\/wordpress\/wp-content\/uploads\/bella01-400x300.jpg 400w\" sizes=\"(max-width: 1024px) 100vw, 1024px\" \/><\/a><p id=\"caption-attachment-15672\" class=\"wp-caption-text\">Und das ist mein zweites Ziel heute: Der erste Praxistest der neuen Helm-Kopfh\u00f6rer. Die Kopfh\u00f6rer werden in den Helm auf H\u00f6he der Ohren gesteckt und mit meinem Handy verbunden. Auf dem l\u00e4uft der NAVIGATOR und der soll mich auf der Fahrt nach Gerterode begleiten.<\/p><\/div>\n<div id=\"attachment_15673\" style=\"width: 1034px\" class=\"wp-caption aligncenter\"><a href=\"https:\/\/berni.fmode.de\/wordpress\/wp-content\/uploads\/bella02.jpg\"><img loading=\"lazy\" decoding=\"async\" aria-describedby=\"caption-attachment-15673\" class=\"wp-image-15673 size-full\" src=\"https:\/\/berni.fmode.de\/wordpress\/wp-content\/uploads\/bella02.jpg\" alt=\"Anfahrt Bella Treffen\" width=\"1024\" height=\"768\" srcset=\"https:\/\/berni.fmode.de\/wordpress\/wp-content\/uploads\/bella02.jpg 1024w, https:\/\/berni.fmode.de\/wordpress\/wp-content\/uploads\/bella02-300x225.jpg 300w, https:\/\/berni.fmode.de\/wordpress\/wp-content\/uploads\/bella02-400x300.jpg 400w\" sizes=\"(max-width: 1024px) 100vw, 1024px\" \/><\/a><p id=\"caption-attachment-15673\" class=\"wp-caption-text\">Die Fahrt beginnt schlecht: Die B49 ist ab Ruppertenrod voll gesperrt &#8211; hatte ich leider vergessen. Auf Umwege hab ich absolut keine Lust und fahre einfach in die gesperrte Bundesstrasse hinein. Mal sehen, ob die Vespa die Baustelle meistern kann. Aber da kommt keine Baustelle! Ich fahre mutterseelenallein auf einer einwandfreien Bundesstrasse ohne auch nur einen Kubikzentimeter Sand, Kies oder Schotter zu sehen. Da frage ich mich, warum die Bundesstrasse seit zwei Wochen gesperrt ist. Das festigt meine Meinung \u00fcber hessische Strassenbau\u00e4mter. Auf dem Foto habe ich die Sperrung gerade hinter mir und bin jetzt schon kurz vor Alsfeld.<\/p><\/div>\n<div id=\"attachment_15674\" style=\"width: 1034px\" class=\"wp-caption aligncenter\"><a href=\"https:\/\/berni.fmode.de\/wordpress\/wp-content\/uploads\/bella03.jpg\"><img loading=\"lazy\" decoding=\"async\" aria-describedby=\"caption-attachment-15674\" class=\"wp-image-15674 size-full\" src=\"https:\/\/berni.fmode.de\/wordpress\/wp-content\/uploads\/bella03.jpg\" alt=\"Anfahrt Bella-Treffen\" width=\"1024\" height=\"768\" srcset=\"https:\/\/berni.fmode.de\/wordpress\/wp-content\/uploads\/bella03.jpg 1024w, https:\/\/berni.fmode.de\/wordpress\/wp-content\/uploads\/bella03-300x225.jpg 300w, https:\/\/berni.fmode.de\/wordpress\/wp-content\/uploads\/bella03-400x300.jpg 400w\" sizes=\"(max-width: 1024px) 100vw, 1024px\" \/><\/a><p id=\"caption-attachment-15674\" class=\"wp-caption-text\">Von Alsfeld Ost nach Alsfeld West gehe ich kurz auf die Autobahn um dann entlang des Schwalm-Eder-Kreises in Richtung Kn\u00fcll zu fahren, den ich aber auch nur streife. Und hier ist bereits der Eisenberg mit seinem Turm zu sehen &#8211; da wei\u00df ich, dass es nicht mehr allzu weit sein kann.<\/p><\/div>\n<p><iframe loading=\"lazy\" src=\"http:\/\/www.youtube.com\/embed\/xSuynRbe0G8\" width=\"640\" height=\"385\" frameborder=\"0\"><\/iframe><br \/>\nF\u00fcnf Minuten lang habe ich das Cruisen mit der Vespa durch den Besengrund gefilmt.<\/p>\n<div id=\"attachment_15675\" style=\"width: 1034px\" class=\"wp-caption aligncenter\"><a href=\"https:\/\/berni.fmode.de\/wordpress\/wp-content\/uploads\/bella04.jpg\"><img loading=\"lazy\" decoding=\"async\" aria-describedby=\"caption-attachment-15675\" class=\"wp-image-15675 size-full\" src=\"https:\/\/berni.fmode.de\/wordpress\/wp-content\/uploads\/bella04.jpg\" alt=\"Anfahrt Bella-Treffen\" width=\"1024\" height=\"768\" srcset=\"https:\/\/berni.fmode.de\/wordpress\/wp-content\/uploads\/bella04.jpg 1024w, https:\/\/berni.fmode.de\/wordpress\/wp-content\/uploads\/bella04-300x225.jpg 300w, https:\/\/berni.fmode.de\/wordpress\/wp-content\/uploads\/bella04-400x300.jpg 400w\" sizes=\"(max-width: 1024px) 100vw, 1024px\" \/><\/a><p id=\"caption-attachment-15675\" class=\"wp-caption-text\">Vorbei am Eisenberg gelange ich nun ins Hessische Waldland, den Landkreis Hersfeld-Rothenburg. An die Stimme von Kathy, meiner Navi-Stimme, habe ich mich schnell gew\u00f6hnt und sie vermittelt sogar das Gef\u00fchl, nicht allein zu fahren. Allerdings ist Kathy oft entsetzt dar\u00fcber, wie h\u00e4ufig ich ihre Ansagen ignoriere und sie zu einer neuen Routenberechnung zwinge. Aber ich mu\u00df ihr zeigen, wer hier das Sagen hat.<\/p><\/div>\n<p>Auf den letzten 20 km folge ich Kathys Anweisungen uneingeschr\u00e4nkt und tats\u00e4chlich f\u00fchrt sie mich sicher ans Ziel.<br \/>\n<iframe loading=\"lazy\" src=\"http:\/\/www.youtube.com\/embed\/vFT5jbsjSIA\" width=\"640\" height=\"385\" frameborder=\"0\"><\/iframe><\/p>\n<p>Angekommen in Gerterode brauche ich nicht lange nach dem Ort des Treffens zu suchen: Es findet im Zentrum des Ortes direkt an der Hauptstra\u00dfe statt. Ungew\u00f6hnlich, und wer ein Treffen der Ruhe und Abgeschiedenheit erwartet, der ist schief gewickelt. Im Gegenteil herrscht hier reger Verkehr und die Bella-Roller tummeln sich da mitten drin.<\/p>\n<div id=\"attachment_15676\" style=\"width: 1034px\" class=\"wp-caption aligncenter\"><a href=\"https:\/\/berni.fmode.de\/wordpress\/wp-content\/uploads\/bella05.jpg\"><img loading=\"lazy\" decoding=\"async\" aria-describedby=\"caption-attachment-15676\" class=\"wp-image-15676 size-full\" src=\"https:\/\/berni.fmode.de\/wordpress\/wp-content\/uploads\/bella05.jpg\" alt=\"Bella Treffen 2014\" width=\"1024\" height=\"768\" srcset=\"https:\/\/berni.fmode.de\/wordpress\/wp-content\/uploads\/bella05.jpg 1024w, https:\/\/berni.fmode.de\/wordpress\/wp-content\/uploads\/bella05-300x225.jpg 300w, https:\/\/berni.fmode.de\/wordpress\/wp-content\/uploads\/bella05-400x300.jpg 400w\" sizes=\"(max-width: 1024px) 100vw, 1024px\" \/><\/a><p id=\"caption-attachment-15676\" class=\"wp-caption-text\">Aufgrund der hohen Kfz-Dichte ist es gar nicht so einfach, einen Parkplatz zu finden.<\/p><\/div>\n<div id=\"attachment_15677\" style=\"width: 1034px\" class=\"wp-caption aligncenter\"><a href=\"https:\/\/berni.fmode.de\/wordpress\/wp-content\/uploads\/bella06.jpg\"><img loading=\"lazy\" decoding=\"async\" aria-describedby=\"caption-attachment-15677\" class=\"wp-image-15677 size-full\" src=\"https:\/\/berni.fmode.de\/wordpress\/wp-content\/uploads\/bella06.jpg\" alt=\"Bella Treffen 2014\" width=\"1024\" height=\"768\" srcset=\"https:\/\/berni.fmode.de\/wordpress\/wp-content\/uploads\/bella06.jpg 1024w, https:\/\/berni.fmode.de\/wordpress\/wp-content\/uploads\/bella06-300x225.jpg 300w, https:\/\/berni.fmode.de\/wordpress\/wp-content\/uploads\/bella06-400x300.jpg 400w\" sizes=\"(max-width: 1024px) 100vw, 1024px\" \/><\/a><p id=\"caption-attachment-15677\" class=\"wp-caption-text\">Am Rande des Trubels parke ich meinen Roller, der \u00fcbrigens die einzige Vespa ist &#8211; zumindest, solange ich bei dem Treffen war. Erstaunlich, denn andere Rollermarken sind durchaus vertreten.<\/p><\/div>\n<div id=\"attachment_15678\" style=\"width: 1034px\" class=\"wp-caption aligncenter\"><a href=\"https:\/\/berni.fmode.de\/wordpress\/wp-content\/uploads\/bella07.jpg\"><img loading=\"lazy\" decoding=\"async\" aria-describedby=\"caption-attachment-15678\" class=\"wp-image-15678 size-full\" src=\"https:\/\/berni.fmode.de\/wordpress\/wp-content\/uploads\/bella07.jpg\" alt=\"Bella Treffen 2013\" width=\"1024\" height=\"768\" srcset=\"https:\/\/berni.fmode.de\/wordpress\/wp-content\/uploads\/bella07.jpg 1024w, https:\/\/berni.fmode.de\/wordpress\/wp-content\/uploads\/bella07-300x225.jpg 300w, https:\/\/berni.fmode.de\/wordpress\/wp-content\/uploads\/bella07-400x300.jpg 400w\" sizes=\"(max-width: 1024px) 100vw, 1024px\" \/><\/a><p id=\"caption-attachment-15678\" class=\"wp-caption-text\">Sch\u00f6n und perfekt wie ein Modell ist das auf dem Trailer mitgef\u00fchrte Bella-Gespann in beige-blau &#8211; einfach sch\u00f6n.<\/p><\/div>\n<div id=\"attachment_15679\" style=\"width: 1034px\" class=\"wp-caption aligncenter\"><a href=\"https:\/\/berni.fmode.de\/wordpress\/wp-content\/uploads\/bella08.jpg\"><img loading=\"lazy\" decoding=\"async\" aria-describedby=\"caption-attachment-15679\" class=\"wp-image-15679 size-full\" src=\"https:\/\/berni.fmode.de\/wordpress\/wp-content\/uploads\/bella08.jpg\" alt=\"Bella Treffen 2014\" width=\"1024\" height=\"768\" srcset=\"https:\/\/berni.fmode.de\/wordpress\/wp-content\/uploads\/bella08.jpg 1024w, https:\/\/berni.fmode.de\/wordpress\/wp-content\/uploads\/bella08-300x225.jpg 300w, https:\/\/berni.fmode.de\/wordpress\/wp-content\/uploads\/bella08-400x300.jpg 400w\" sizes=\"(max-width: 1024px) 100vw, 1024px\" \/><\/a><p id=\"caption-attachment-15679\" class=\"wp-caption-text\">Davon hatte ich vor ein paar Tagen in unserer Zeitung gelesen: Das Museum f\u00fcr Polizeifahrzeuge in Marburg zeigt eine der ganz wenigen Polizei-Bella.<\/p><\/div>\n<div id=\"attachment_15680\" style=\"width: 1034px\" class=\"wp-caption aligncenter\"><a href=\"https:\/\/berni.fmode.de\/wordpress\/wp-content\/uploads\/bella09.jpg\"><img loading=\"lazy\" decoding=\"async\" aria-describedby=\"caption-attachment-15680\" class=\"wp-image-15680 size-full\" src=\"https:\/\/berni.fmode.de\/wordpress\/wp-content\/uploads\/bella09.jpg\" alt=\"Bella Treffen 2014\" width=\"1024\" height=\"768\" srcset=\"https:\/\/berni.fmode.de\/wordpress\/wp-content\/uploads\/bella09.jpg 1024w, https:\/\/berni.fmode.de\/wordpress\/wp-content\/uploads\/bella09-300x225.jpg 300w, https:\/\/berni.fmode.de\/wordpress\/wp-content\/uploads\/bella09-400x300.jpg 400w\" sizes=\"(max-width: 1024px) 100vw, 1024px\" \/><\/a><p id=\"caption-attachment-15680\" class=\"wp-caption-text\">\u00dcber Lautsprecher wird zur Aufstellung f\u00fcr die gemeinsamen Ausfahrten aufgerufen. Es gibt mehrere Gruppen und die Bellas beginnen, sich an zentralen Pl\u00e4tzen zu sammeln.<\/p><\/div>\n<p><iframe loading=\"lazy\" src=\"http:\/\/www.youtube.com\/embed\/1ZCMwfkqEaI\" width=\"640\" height=\"385\" frameborder=\"0\"><\/iframe><br \/>\nSo sch\u00f6n ja ein grossvolumiger Viertakter klingt: Die Bellas brauchen sich sound-m\u00e4ssig nicht zu verstecken. Ein nicht v\u00f6llig zugestopfter Zweitakter ab einem gewissen Hubraum hat einfach einen tollen, faszinierenden Klang. Und die graue Viktoria in dem kleinen Filmchen passt perfekt dazu.<\/p>\n<div id=\"attachment_15681\" style=\"width: 1034px\" class=\"wp-caption aligncenter\"><a href=\"https:\/\/berni.fmode.de\/wordpress\/wp-content\/uploads\/bella10.jpg\"><img loading=\"lazy\" decoding=\"async\" aria-describedby=\"caption-attachment-15681\" class=\"wp-image-15681 size-full\" src=\"https:\/\/berni.fmode.de\/wordpress\/wp-content\/uploads\/bella10.jpg\" alt=\"Bella Treffen 2014\" width=\"1024\" height=\"768\" srcset=\"https:\/\/berni.fmode.de\/wordpress\/wp-content\/uploads\/bella10.jpg 1024w, https:\/\/berni.fmode.de\/wordpress\/wp-content\/uploads\/bella10-300x225.jpg 300w, https:\/\/berni.fmode.de\/wordpress\/wp-content\/uploads\/bella10-400x300.jpg 400w\" sizes=\"(max-width: 1024px) 100vw, 1024px\" \/><\/a><p id=\"caption-attachment-15681\" class=\"wp-caption-text\">An Dingen wie dem bunten Plakat zeigt sich die Professionalit\u00e4t der Veranstalter.<\/p><\/div>\n<p><iframe loading=\"lazy\" src=\"http:\/\/www.youtube.com\/embed\/W-V7Vlp6fbA\" width=\"640\" height=\"385\" frameborder=\"0\"><\/iframe><br \/>\nDen Start zur Ausfahrt einer Gruppe kann ich fast komplett filmen.<\/p>\n<p>Hier ein kleiner Bilderbogen von Rollern w\u00e4hrend der Abfahrt:<\/p>\n<p>[slideshow_deploy id=&#8217;15724&#8242;]<\/p>\n<div id=\"attachment_15682\" style=\"width: 1034px\" class=\"wp-caption aligncenter\"><a href=\"https:\/\/berni.fmode.de\/wordpress\/wp-content\/uploads\/bella11.jpg\"><img loading=\"lazy\" decoding=\"async\" aria-describedby=\"caption-attachment-15682\" class=\"wp-image-15682 size-full\" src=\"https:\/\/berni.fmode.de\/wordpress\/wp-content\/uploads\/bella11.jpg\" alt=\"Bella Treffen 2014\" width=\"1024\" height=\"768\" srcset=\"https:\/\/berni.fmode.de\/wordpress\/wp-content\/uploads\/bella11.jpg 1024w, https:\/\/berni.fmode.de\/wordpress\/wp-content\/uploads\/bella11-300x225.jpg 300w, https:\/\/berni.fmode.de\/wordpress\/wp-content\/uploads\/bella11-400x300.jpg 400w\" sizes=\"(max-width: 1024px) 100vw, 1024px\" \/><\/a><p id=\"caption-attachment-15682\" class=\"wp-caption-text\">Als der Rummel der Aufstellung und der Starts der Gruppen beendet ist, bummele ich \u00fcber das Festgel\u00e4nde und den Zeltplatz und schaue mich in aller Ruhe um. Es sind n\u00e4mlich noch genug Fahrzeuge am Platz geblieben und es gibt viel in Sachen Z\u00fcndapp Bella zu sehen.<\/p><\/div>\n<div id=\"attachment_15683\" style=\"width: 1034px\" class=\"wp-caption aligncenter\"><a href=\"https:\/\/berni.fmode.de\/wordpress\/wp-content\/uploads\/bella12.jpg\"><img loading=\"lazy\" decoding=\"async\" aria-describedby=\"caption-attachment-15683\" class=\"wp-image-15683 size-full\" src=\"https:\/\/berni.fmode.de\/wordpress\/wp-content\/uploads\/bella12.jpg\" alt=\"Bella Treffen 2014 Gerterode\" width=\"1024\" height=\"768\" srcset=\"https:\/\/berni.fmode.de\/wordpress\/wp-content\/uploads\/bella12.jpg 1024w, https:\/\/berni.fmode.de\/wordpress\/wp-content\/uploads\/bella12-300x225.jpg 300w, https:\/\/berni.fmode.de\/wordpress\/wp-content\/uploads\/bella12-400x300.jpg 400w\" sizes=\"(max-width: 1024px) 100vw, 1024px\" \/><\/a><p id=\"caption-attachment-15683\" class=\"wp-caption-text\">Das Rot der Bella im Vordergrund k\u00f6nnte doch glatt dem Mitropa-Rot meiner Lambretta entsprechen.<\/p><\/div>\n<div id=\"attachment_15684\" style=\"width: 1034px\" class=\"wp-caption aligncenter\"><a href=\"https:\/\/berni.fmode.de\/wordpress\/wp-content\/uploads\/bella13.jpg\"><img loading=\"lazy\" decoding=\"async\" aria-describedby=\"caption-attachment-15684\" class=\"wp-image-15684 size-full\" src=\"https:\/\/berni.fmode.de\/wordpress\/wp-content\/uploads\/bella13.jpg\" alt=\"Bella Treffen 2014 Gerterode\" width=\"1024\" height=\"768\" srcset=\"https:\/\/berni.fmode.de\/wordpress\/wp-content\/uploads\/bella13.jpg 1024w, https:\/\/berni.fmode.de\/wordpress\/wp-content\/uploads\/bella13-300x225.jpg 300w, https:\/\/berni.fmode.de\/wordpress\/wp-content\/uploads\/bella13-400x300.jpg 400w\" sizes=\"(max-width: 1024px) 100vw, 1024px\" \/><\/a><p id=\"caption-attachment-15684\" class=\"wp-caption-text\">Eine wunderbare Viktoria wie aus dem Ei gepellt und mit sagenhaftem Zweitakt-Spruzz.<\/p><\/div>\n<div id=\"attachment_15685\" style=\"width: 1034px\" class=\"wp-caption aligncenter\"><a href=\"https:\/\/berni.fmode.de\/wordpress\/wp-content\/uploads\/bella14.jpg\"><img loading=\"lazy\" decoding=\"async\" aria-describedby=\"caption-attachment-15685\" class=\"wp-image-15685 size-full\" src=\"https:\/\/berni.fmode.de\/wordpress\/wp-content\/uploads\/bella14.jpg\" alt=\"Bella Treffen 2014 Gerterode\" width=\"1024\" height=\"768\" srcset=\"https:\/\/berni.fmode.de\/wordpress\/wp-content\/uploads\/bella14.jpg 1024w, https:\/\/berni.fmode.de\/wordpress\/wp-content\/uploads\/bella14-300x225.jpg 300w, https:\/\/berni.fmode.de\/wordpress\/wp-content\/uploads\/bella14-400x300.jpg 400w\" sizes=\"(max-width: 1024px) 100vw, 1024px\" \/><\/a><p id=\"caption-attachment-15685\" class=\"wp-caption-text\">Eine ungew\u00f6hnliihe Kombination ist diese Bella mit den czechischen Velorex-Seitenwagen. Passt aber optisch gut zusammen.<\/p><\/div>\n<div id=\"attachment_15686\" style=\"width: 1034px\" class=\"wp-caption aligncenter\"><a href=\"https:\/\/berni.fmode.de\/wordpress\/wp-content\/uploads\/bella15.jpg\"><img loading=\"lazy\" decoding=\"async\" aria-describedby=\"caption-attachment-15686\" class=\"wp-image-15686 size-full\" src=\"https:\/\/berni.fmode.de\/wordpress\/wp-content\/uploads\/bella15.jpg\" alt=\"Bella Treffen 2014 Gerterode\" width=\"1024\" height=\"768\" srcset=\"https:\/\/berni.fmode.de\/wordpress\/wp-content\/uploads\/bella15.jpg 1024w, https:\/\/berni.fmode.de\/wordpress\/wp-content\/uploads\/bella15-300x225.jpg 300w, https:\/\/berni.fmode.de\/wordpress\/wp-content\/uploads\/bella15-400x300.jpg 400w\" sizes=\"(max-width: 1024px) 100vw, 1024px\" \/><\/a><p id=\"caption-attachment-15686\" class=\"wp-caption-text\">Eine Bella aus dem Ruhrpott und exakt aus meiner Geburtsstadt Bochum.<\/p><\/div>\n<div id=\"attachment_15687\" style=\"width: 1034px\" class=\"wp-caption aligncenter\"><a href=\"https:\/\/berni.fmode.de\/wordpress\/wp-content\/uploads\/bella16.jpg\"><img loading=\"lazy\" decoding=\"async\" aria-describedby=\"caption-attachment-15687\" class=\"wp-image-15687 size-full\" src=\"https:\/\/berni.fmode.de\/wordpress\/wp-content\/uploads\/bella16.jpg\" alt=\"Bella Treffen 2014 Gerterode\" width=\"1024\" height=\"768\" srcset=\"https:\/\/berni.fmode.de\/wordpress\/wp-content\/uploads\/bella16.jpg 1024w, https:\/\/berni.fmode.de\/wordpress\/wp-content\/uploads\/bella16-300x225.jpg 300w, https:\/\/berni.fmode.de\/wordpress\/wp-content\/uploads\/bella16-400x300.jpg 400w\" sizes=\"(max-width: 1024px) 100vw, 1024px\" \/><\/a><p id=\"caption-attachment-15687\" class=\"wp-caption-text\">Keine Bella, aber ein ebenso sch\u00f6ner Troll aus dem IWL-Werk Ludwigsfelde bei Berlin. Und das i-T\u00fcpfelchen ist der Campi-Anh\u00e4nger.<\/p><\/div>\n<div id=\"attachment_15688\" style=\"width: 1034px\" class=\"wp-caption aligncenter\"><a href=\"https:\/\/berni.fmode.de\/wordpress\/wp-content\/uploads\/bella17.jpg\"><img loading=\"lazy\" decoding=\"async\" aria-describedby=\"caption-attachment-15688\" class=\"wp-image-15688 size-full\" src=\"https:\/\/berni.fmode.de\/wordpress\/wp-content\/uploads\/bella17.jpg\" alt=\"Bella Treffen 2014 Gerterode\" width=\"1024\" height=\"768\" srcset=\"https:\/\/berni.fmode.de\/wordpress\/wp-content\/uploads\/bella17.jpg 1024w, https:\/\/berni.fmode.de\/wordpress\/wp-content\/uploads\/bella17-300x225.jpg 300w, https:\/\/berni.fmode.de\/wordpress\/wp-content\/uploads\/bella17-400x300.jpg 400w\" sizes=\"(max-width: 1024px) 100vw, 1024px\" \/><\/a><p id=\"caption-attachment-15688\" class=\"wp-caption-text\">Sehr sch\u00f6nes Gespann in lindgr\u00fcn.<\/p><\/div>\n<div id=\"attachment_15689\" style=\"width: 1034px\" class=\"wp-caption aligncenter\"><a href=\"https:\/\/berni.fmode.de\/wordpress\/wp-content\/uploads\/bella18.jpg\"><img loading=\"lazy\" decoding=\"async\" aria-describedby=\"caption-attachment-15689\" class=\"wp-image-15689 size-full\" src=\"https:\/\/berni.fmode.de\/wordpress\/wp-content\/uploads\/bella18.jpg\" alt=\"Bella Treffen 2014 Gerterode\" width=\"1024\" height=\"768\" srcset=\"https:\/\/berni.fmode.de\/wordpress\/wp-content\/uploads\/bella18.jpg 1024w, https:\/\/berni.fmode.de\/wordpress\/wp-content\/uploads\/bella18-300x225.jpg 300w, https:\/\/berni.fmode.de\/wordpress\/wp-content\/uploads\/bella18-400x300.jpg 400w\" sizes=\"(max-width: 1024px) 100vw, 1024px\" \/><\/a><p id=\"caption-attachment-15689\" class=\"wp-caption-text\">Mit h\u00f6chstem Coolness-Faktor: Bella mit konserviertem Rost.<\/p><\/div>\n<div id=\"attachment_15690\" style=\"width: 1034px\" class=\"wp-caption aligncenter\"><a href=\"https:\/\/berni.fmode.de\/wordpress\/wp-content\/uploads\/bella19.jpg\"><img loading=\"lazy\" decoding=\"async\" aria-describedby=\"caption-attachment-15690\" class=\"wp-image-15690 size-full\" src=\"https:\/\/berni.fmode.de\/wordpress\/wp-content\/uploads\/bella19.jpg\" alt=\"Bella Treffen 2014 Gerterode\" width=\"1024\" height=\"768\" srcset=\"https:\/\/berni.fmode.de\/wordpress\/wp-content\/uploads\/bella19.jpg 1024w, https:\/\/berni.fmode.de\/wordpress\/wp-content\/uploads\/bella19-300x225.jpg 300w, https:\/\/berni.fmode.de\/wordpress\/wp-content\/uploads\/bella19-400x300.jpg 400w\" sizes=\"(max-width: 1024px) 100vw, 1024px\" \/><\/a><p id=\"caption-attachment-15690\" class=\"wp-caption-text\">Nebenbei gab es eine kleine Ausstellung mit Z\u00fcndapp-Motorr\u00e4dern.<\/p><\/div>\n<div id=\"attachment_15691\" style=\"width: 1034px\" class=\"wp-caption aligncenter\"><a href=\"https:\/\/berni.fmode.de\/wordpress\/wp-content\/uploads\/bella20.jpg\"><img loading=\"lazy\" decoding=\"async\" aria-describedby=\"caption-attachment-15691\" class=\"wp-image-15691 size-full\" src=\"https:\/\/berni.fmode.de\/wordpress\/wp-content\/uploads\/bella20.jpg\" alt=\"Bella Treffen 2014 Gerterode\" width=\"1024\" height=\"768\" srcset=\"https:\/\/berni.fmode.de\/wordpress\/wp-content\/uploads\/bella20.jpg 1024w, https:\/\/berni.fmode.de\/wordpress\/wp-content\/uploads\/bella20-300x225.jpg 300w, https:\/\/berni.fmode.de\/wordpress\/wp-content\/uploads\/bella20-400x300.jpg 400w\" sizes=\"(max-width: 1024px) 100vw, 1024px\" \/><\/a><p id=\"caption-attachment-15691\" class=\"wp-caption-text\">So viele Elastik und S-Modelle auf einem Haufen sieht man nicht alle Tage. Gerade f\u00fcr die S-Modelle hab ich in jungen Jahren sehr geschw\u00e4rmt. Hier sind allerdings DB- und Elastik-Z\u00fcndapps zu sehen.<\/p><\/div>\n<div id=\"attachment_15692\" style=\"width: 1034px\" class=\"wp-caption aligncenter\"><a href=\"https:\/\/berni.fmode.de\/wordpress\/wp-content\/uploads\/bella21.jpg\"><img loading=\"lazy\" decoding=\"async\" aria-describedby=\"caption-attachment-15692\" class=\"wp-image-15692 size-full\" src=\"https:\/\/berni.fmode.de\/wordpress\/wp-content\/uploads\/bella21.jpg\" alt=\"Bella Treffen 2014 Gerterode\" width=\"1024\" height=\"768\" srcset=\"https:\/\/berni.fmode.de\/wordpress\/wp-content\/uploads\/bella21.jpg 1024w, https:\/\/berni.fmode.de\/wordpress\/wp-content\/uploads\/bella21-300x225.jpg 300w, https:\/\/berni.fmode.de\/wordpress\/wp-content\/uploads\/bella21-400x300.jpg 400w\" sizes=\"(max-width: 1024px) 100vw, 1024px\" \/><\/a><p id=\"caption-attachment-15692\" class=\"wp-caption-text\">Und auch f\u00fcr die kleine KS125 aus den 70ern hatte ich lange Zeit ein Faible. Als ich dann mal eine bekam, hatte ich keine Lust mehr darauf und hab sie verkauft &#8211; schade.<\/p><\/div>\n<div id=\"attachment_15693\" style=\"width: 1034px\" class=\"wp-caption aligncenter\"><a href=\"https:\/\/berni.fmode.de\/wordpress\/wp-content\/uploads\/bella22.jpg\"><img loading=\"lazy\" decoding=\"async\" aria-describedby=\"caption-attachment-15693\" class=\"wp-image-15693 size-full\" src=\"https:\/\/berni.fmode.de\/wordpress\/wp-content\/uploads\/bella22.jpg\" alt=\"Bella Treffen 2014 Gerterode\" width=\"1024\" height=\"768\" srcset=\"https:\/\/berni.fmode.de\/wordpress\/wp-content\/uploads\/bella22.jpg 1024w, https:\/\/berni.fmode.de\/wordpress\/wp-content\/uploads\/bella22-300x225.jpg 300w, https:\/\/berni.fmode.de\/wordpress\/wp-content\/uploads\/bella22-400x300.jpg 400w\" sizes=\"(max-width: 1024px) 100vw, 1024px\" \/><\/a><p id=\"caption-attachment-15693\" class=\"wp-caption-text\">Manchmal ist der Name Programm: Erstaunlich viele Frauen bewegen eine Bella &#8211; passt nat\u00fcrlich auch.<\/p><\/div>\n<div id=\"attachment_15694\" style=\"width: 1034px\" class=\"wp-caption aligncenter\"><a href=\"https:\/\/berni.fmode.de\/wordpress\/wp-content\/uploads\/bella23.jpg\"><img loading=\"lazy\" decoding=\"async\" aria-describedby=\"caption-attachment-15694\" class=\"wp-image-15694 size-full\" src=\"https:\/\/berni.fmode.de\/wordpress\/wp-content\/uploads\/bella23.jpg\" alt=\"Bella Treffen 2014 Gerterode\" width=\"1024\" height=\"768\" srcset=\"https:\/\/berni.fmode.de\/wordpress\/wp-content\/uploads\/bella23.jpg 1024w, https:\/\/berni.fmode.de\/wordpress\/wp-content\/uploads\/bella23-300x225.jpg 300w, https:\/\/berni.fmode.de\/wordpress\/wp-content\/uploads\/bella23-400x300.jpg 400w\" sizes=\"(max-width: 1024px) 100vw, 1024px\" \/><\/a><p id=\"caption-attachment-15694\" class=\"wp-caption-text\">Kein Zweirad-Treffen ohne Grillstand mit leckeren W\u00fcrstchen und mehr.<\/p><\/div>\n<div id=\"attachment_15695\" style=\"width: 1034px\" class=\"wp-caption aligncenter\"><a href=\"https:\/\/berni.fmode.de\/wordpress\/wp-content\/uploads\/bella24.jpg\"><img loading=\"lazy\" decoding=\"async\" aria-describedby=\"caption-attachment-15695\" class=\"wp-image-15695 size-full\" src=\"https:\/\/berni.fmode.de\/wordpress\/wp-content\/uploads\/bella24.jpg\" alt=\"Bella Treffen 2014 Gerterode\" width=\"1024\" height=\"768\" srcset=\"https:\/\/berni.fmode.de\/wordpress\/wp-content\/uploads\/bella24.jpg 1024w, https:\/\/berni.fmode.de\/wordpress\/wp-content\/uploads\/bella24-300x225.jpg 300w, https:\/\/berni.fmode.de\/wordpress\/wp-content\/uploads\/bella24-400x300.jpg 400w\" sizes=\"(max-width: 1024px) 100vw, 1024px\" \/><\/a><p id=\"caption-attachment-15695\" class=\"wp-caption-text\">Keine Bella, aber auch ein Z\u00fcndapp-Roller: Der R50. Gab es als Mokick und als Kleinkraftrad. In der Schulzeit fuhr mein Mitsch\u00fcler Hartmut so einen R50 und er stand in starker Konkurrenz zu meinem Capri 50.<\/p><\/div>\n<div id=\"attachment_15696\" style=\"width: 1034px\" class=\"wp-caption aligncenter\"><a href=\"https:\/\/berni.fmode.de\/wordpress\/wp-content\/uploads\/bella25.jpg\"><img loading=\"lazy\" decoding=\"async\" aria-describedby=\"caption-attachment-15696\" class=\"wp-image-15696 size-full\" src=\"https:\/\/berni.fmode.de\/wordpress\/wp-content\/uploads\/bella25.jpg\" alt=\"Bella Treffen 2014 Gerterode\" width=\"1024\" height=\"768\" srcset=\"https:\/\/berni.fmode.de\/wordpress\/wp-content\/uploads\/bella25.jpg 1024w, https:\/\/berni.fmode.de\/wordpress\/wp-content\/uploads\/bella25-300x225.jpg 300w, https:\/\/berni.fmode.de\/wordpress\/wp-content\/uploads\/bella25-400x300.jpg 400w\" sizes=\"(max-width: 1024px) 100vw, 1024px\" \/><\/a><p id=\"caption-attachment-15696\" class=\"wp-caption-text\">Viele Roller haben zeitgem\u00e4\u00dfe Koffer und Kisten aufgeschnallt.<\/p><\/div>\n<div id=\"attachment_15697\" style=\"width: 1034px\" class=\"wp-caption aligncenter\"><a href=\"https:\/\/berni.fmode.de\/wordpress\/wp-content\/uploads\/bella26.jpg\"><img loading=\"lazy\" decoding=\"async\" aria-describedby=\"caption-attachment-15697\" class=\"wp-image-15697 size-full\" src=\"https:\/\/berni.fmode.de\/wordpress\/wp-content\/uploads\/bella26.jpg\" alt=\"Bella Treffen 2014 Gerterode\" width=\"1024\" height=\"768\" srcset=\"https:\/\/berni.fmode.de\/wordpress\/wp-content\/uploads\/bella26.jpg 1024w, https:\/\/berni.fmode.de\/wordpress\/wp-content\/uploads\/bella26-300x225.jpg 300w, https:\/\/berni.fmode.de\/wordpress\/wp-content\/uploads\/bella26-400x300.jpg 400w\" sizes=\"(max-width: 1024px) 100vw, 1024px\" \/><\/a><p id=\"caption-attachment-15697\" class=\"wp-caption-text\">Und auch ein NSU-Roller in Mitropa-Rot ist vor Ort: Eine Prima, der Nachfolger meiner Lambretta. Ein h\u00fcbscher Roller!<\/p><\/div>\n<div id=\"attachment_15698\" style=\"width: 1034px\" class=\"wp-caption aligncenter\"><a href=\"https:\/\/berni.fmode.de\/wordpress\/wp-content\/uploads\/bella27.jpg\"><img loading=\"lazy\" decoding=\"async\" aria-describedby=\"caption-attachment-15698\" class=\"wp-image-15698 size-full\" src=\"https:\/\/berni.fmode.de\/wordpress\/wp-content\/uploads\/bella27.jpg\" alt=\"Bella Treffen 2014 Gerterode\" width=\"1024\" height=\"768\" srcset=\"https:\/\/berni.fmode.de\/wordpress\/wp-content\/uploads\/bella27.jpg 1024w, https:\/\/berni.fmode.de\/wordpress\/wp-content\/uploads\/bella27-300x225.jpg 300w, https:\/\/berni.fmode.de\/wordpress\/wp-content\/uploads\/bella27-400x300.jpg 400w\" sizes=\"(max-width: 1024px) 100vw, 1024px\" \/><\/a><p id=\"caption-attachment-15698\" class=\"wp-caption-text\">Hier passen Fahrer und Maschine perfekt zusammen.<\/p><\/div>\n<div id=\"attachment_15699\" style=\"width: 1034px\" class=\"wp-caption aligncenter\"><a href=\"https:\/\/berni.fmode.de\/wordpress\/wp-content\/uploads\/bella28.jpg\"><img loading=\"lazy\" decoding=\"async\" aria-describedby=\"caption-attachment-15699\" class=\"wp-image-15699 size-full\" src=\"https:\/\/berni.fmode.de\/wordpress\/wp-content\/uploads\/bella28.jpg\" alt=\"Bella Treffen 2014 Gerterode\" width=\"1024\" height=\"768\" srcset=\"https:\/\/berni.fmode.de\/wordpress\/wp-content\/uploads\/bella28.jpg 1024w, https:\/\/berni.fmode.de\/wordpress\/wp-content\/uploads\/bella28-300x225.jpg 300w, https:\/\/berni.fmode.de\/wordpress\/wp-content\/uploads\/bella28-400x300.jpg 400w\" sizes=\"(max-width: 1024px) 100vw, 1024px\" \/><\/a><p id=\"caption-attachment-15699\" class=\"wp-caption-text\">Als Besucher kamen diese beiden \u00e4lteren Herren auf modernen 125er Rollern. Die beiden haben mindesten nochmal 10 Jahre mehr drauf als ich &#8211; also jeder von beiden.<\/p><\/div>\n<div id=\"attachment_15700\" style=\"width: 1034px\" class=\"wp-caption aligncenter\"><a href=\"https:\/\/berni.fmode.de\/wordpress\/wp-content\/uploads\/bella29.jpg\"><img loading=\"lazy\" decoding=\"async\" aria-describedby=\"caption-attachment-15700\" class=\"wp-image-15700 size-full\" src=\"https:\/\/berni.fmode.de\/wordpress\/wp-content\/uploads\/bella29.jpg\" alt=\"Bella Treffen 2014 Gerterode\" width=\"1024\" height=\"768\" srcset=\"https:\/\/berni.fmode.de\/wordpress\/wp-content\/uploads\/bella29.jpg 1024w, https:\/\/berni.fmode.de\/wordpress\/wp-content\/uploads\/bella29-300x225.jpg 300w, https:\/\/berni.fmode.de\/wordpress\/wp-content\/uploads\/bella29-400x300.jpg 400w\" sizes=\"(max-width: 1024px) 100vw, 1024px\" \/><\/a><p id=\"caption-attachment-15700\" class=\"wp-caption-text\">Und noch einmal h\u00f6chster Coolness-Faktor: Eine Bella als Bobber.<\/p><\/div>\n<div id=\"attachment_15701\" style=\"width: 1034px\" class=\"wp-caption aligncenter\"><a href=\"https:\/\/berni.fmode.de\/wordpress\/wp-content\/uploads\/bella30.jpg\"><img loading=\"lazy\" decoding=\"async\" aria-describedby=\"caption-attachment-15701\" class=\"wp-image-15701 size-full\" src=\"https:\/\/berni.fmode.de\/wordpress\/wp-content\/uploads\/bella30.jpg\" alt=\"Bella Treffen 2014 Gerterode\" width=\"1024\" height=\"768\" srcset=\"https:\/\/berni.fmode.de\/wordpress\/wp-content\/uploads\/bella30.jpg 1024w, https:\/\/berni.fmode.de\/wordpress\/wp-content\/uploads\/bella30-300x225.jpg 300w, https:\/\/berni.fmode.de\/wordpress\/wp-content\/uploads\/bella30-400x300.jpg 400w\" sizes=\"(max-width: 1024px) 100vw, 1024px\" \/><\/a><p id=\"caption-attachment-15701\" class=\"wp-caption-text\">Todschick ist diese Bella in schwarz-rot.<\/p><\/div>\n<div id=\"attachment_15702\" style=\"width: 1034px\" class=\"wp-caption aligncenter\"><a href=\"https:\/\/berni.fmode.de\/wordpress\/wp-content\/uploads\/bella31.jpg\"><img loading=\"lazy\" decoding=\"async\" aria-describedby=\"caption-attachment-15702\" class=\"wp-image-15702 size-full\" src=\"https:\/\/berni.fmode.de\/wordpress\/wp-content\/uploads\/bella31.jpg\" alt=\"Bella Treffen 2014 Gerterode\" width=\"1024\" height=\"768\" srcset=\"https:\/\/berni.fmode.de\/wordpress\/wp-content\/uploads\/bella31.jpg 1024w, https:\/\/berni.fmode.de\/wordpress\/wp-content\/uploads\/bella31-300x225.jpg 300w, https:\/\/berni.fmode.de\/wordpress\/wp-content\/uploads\/bella31-400x300.jpg 400w\" sizes=\"(max-width: 1024px) 100vw, 1024px\" \/><\/a><p id=\"caption-attachment-15702\" class=\"wp-caption-text\">In der Garage des Ausrichters steht eine perfekt restaurierte Goggo-Limousine.<\/p><\/div>\n<div id=\"attachment_15703\" style=\"width: 1034px\" class=\"wp-caption aligncenter\"><a href=\"https:\/\/berni.fmode.de\/wordpress\/wp-content\/uploads\/bella32.jpg\"><img loading=\"lazy\" decoding=\"async\" aria-describedby=\"caption-attachment-15703\" class=\"wp-image-15703 size-full\" src=\"https:\/\/berni.fmode.de\/wordpress\/wp-content\/uploads\/bella32.jpg\" alt=\"Bella Treffen 2014 Gerterode\" width=\"1024\" height=\"768\" srcset=\"https:\/\/berni.fmode.de\/wordpress\/wp-content\/uploads\/bella32.jpg 1024w, https:\/\/berni.fmode.de\/wordpress\/wp-content\/uploads\/bella32-300x225.jpg 300w, https:\/\/berni.fmode.de\/wordpress\/wp-content\/uploads\/bella32-400x300.jpg 400w\" sizes=\"(max-width: 1024px) 100vw, 1024px\" \/><\/a><p id=\"caption-attachment-15703\" class=\"wp-caption-text\">Ich wechsele die Strassenseite und begebe mich auf den Zeltplatz, dem die Dauerregen der letzten Tage deutlich anzusehen sind.<\/p><\/div>\n<div id=\"attachment_15704\" style=\"width: 1034px\" class=\"wp-caption aligncenter\"><a href=\"https:\/\/berni.fmode.de\/wordpress\/wp-content\/uploads\/bella33.jpg\"><img loading=\"lazy\" decoding=\"async\" aria-describedby=\"caption-attachment-15704\" class=\"wp-image-15704 size-full\" src=\"https:\/\/berni.fmode.de\/wordpress\/wp-content\/uploads\/bella33.jpg\" alt=\"Bella Treffen 2014 Gerterode\" width=\"1024\" height=\"768\" srcset=\"https:\/\/berni.fmode.de\/wordpress\/wp-content\/uploads\/bella33.jpg 1024w, https:\/\/berni.fmode.de\/wordpress\/wp-content\/uploads\/bella33-300x225.jpg 300w, https:\/\/berni.fmode.de\/wordpress\/wp-content\/uploads\/bella33-400x300.jpg 400w\" sizes=\"(max-width: 1024px) 100vw, 1024px\" \/><\/a><p id=\"caption-attachment-15704\" class=\"wp-caption-text\">Vorn zwei Bellas, klar. Aber was ist das lindgr\u00fcne Fahrzeug f\u00fcr ein Roller? Ich tippe aus der Entfernung auf einen Progress Strolch, &#8230;&#8230;.<\/p><\/div>\n<div id=\"attachment_15705\" style=\"width: 1034px\" class=\"wp-caption aligncenter\"><a href=\"https:\/\/berni.fmode.de\/wordpress\/wp-content\/uploads\/bella34.jpg\"><img loading=\"lazy\" decoding=\"async\" aria-describedby=\"caption-attachment-15705\" class=\"wp-image-15705 size-full\" src=\"https:\/\/berni.fmode.de\/wordpress\/wp-content\/uploads\/bella34.jpg\" alt=\"Bella Treffen 2014 Gerterode\" width=\"1024\" height=\"768\" srcset=\"https:\/\/berni.fmode.de\/wordpress\/wp-content\/uploads\/bella34.jpg 1024w, https:\/\/berni.fmode.de\/wordpress\/wp-content\/uploads\/bella34-300x225.jpg 300w, https:\/\/berni.fmode.de\/wordpress\/wp-content\/uploads\/bella34-400x300.jpg 400w\" sizes=\"(max-width: 1024px) 100vw, 1024px\" \/><\/a><p id=\"caption-attachment-15705\" class=\"wp-caption-text\">&#8230;.. aber je n\u00e4her ich dem Roller komme, umso unsicherer werde ich. Die Aufl\u00f6sung des R\u00e4tsels liefert ein Blick auf &#8230;..<\/p><\/div>\n<div id=\"attachment_15706\" style=\"width: 1034px\" class=\"wp-caption aligncenter\"><a href=\"https:\/\/berni.fmode.de\/wordpress\/wp-content\/uploads\/bella35.jpg\"><img loading=\"lazy\" decoding=\"async\" aria-describedby=\"caption-attachment-15706\" class=\"wp-image-15706 size-full\" src=\"https:\/\/berni.fmode.de\/wordpress\/wp-content\/uploads\/bella35.jpg\" alt=\"Bella Treffen 2014 Gerterode\" width=\"1024\" height=\"768\" srcset=\"https:\/\/berni.fmode.de\/wordpress\/wp-content\/uploads\/bella35.jpg 1024w, https:\/\/berni.fmode.de\/wordpress\/wp-content\/uploads\/bella35-300x225.jpg 300w, https:\/\/berni.fmode.de\/wordpress\/wp-content\/uploads\/bella35-400x300.jpg 400w\" sizes=\"(max-width: 1024px) 100vw, 1024px\" \/><\/a><p id=\"caption-attachment-15706\" class=\"wp-caption-text\">&#8230;.. die Lenkerpartie: Es handelt siich um einen Moto Parilla, ein hierzulande sehr seltenes St\u00fcck.<\/p><\/div>\n<div id=\"attachment_15707\" style=\"width: 1034px\" class=\"wp-caption aligncenter\"><a href=\"https:\/\/berni.fmode.de\/wordpress\/wp-content\/uploads\/bella36.jpg\"><img loading=\"lazy\" decoding=\"async\" aria-describedby=\"caption-attachment-15707\" class=\"wp-image-15707 size-full\" src=\"https:\/\/berni.fmode.de\/wordpress\/wp-content\/uploads\/bella36.jpg\" alt=\"Bella Treffen 2014 Gerterode\" width=\"1024\" height=\"768\" srcset=\"https:\/\/berni.fmode.de\/wordpress\/wp-content\/uploads\/bella36.jpg 1024w, https:\/\/berni.fmode.de\/wordpress\/wp-content\/uploads\/bella36-300x225.jpg 300w, https:\/\/berni.fmode.de\/wordpress\/wp-content\/uploads\/bella36-400x300.jpg 400w\" sizes=\"(max-width: 1024px) 100vw, 1024px\" \/><\/a><p id=\"caption-attachment-15707\" class=\"wp-caption-text\">Bella-Gespann mit Spuren des Berliner Alltags. Das Gespann wird zum Verkauf angeboten: 4000 \u20ac.<\/p><\/div>\n<div id=\"attachment_15708\" style=\"width: 1034px\" class=\"wp-caption aligncenter\"><a href=\"https:\/\/berni.fmode.de\/wordpress\/wp-content\/uploads\/bella37.jpg\"><img loading=\"lazy\" decoding=\"async\" aria-describedby=\"caption-attachment-15708\" class=\"wp-image-15708 size-full\" src=\"https:\/\/berni.fmode.de\/wordpress\/wp-content\/uploads\/bella37.jpg\" alt=\"Bella Treffen 2014 Gerterode\" width=\"1024\" height=\"768\" srcset=\"https:\/\/berni.fmode.de\/wordpress\/wp-content\/uploads\/bella37.jpg 1024w, https:\/\/berni.fmode.de\/wordpress\/wp-content\/uploads\/bella37-300x225.jpg 300w, https:\/\/berni.fmode.de\/wordpress\/wp-content\/uploads\/bella37-400x300.jpg 400w\" sizes=\"(max-width: 1024px) 100vw, 1024px\" \/><\/a><p id=\"caption-attachment-15708\" class=\"wp-caption-text\">So sauber aufgebaut wie aus dem Schaufenster, einfach herrlich.<\/p><\/div>\n<div id=\"attachment_15709\" style=\"width: 1034px\" class=\"wp-caption aligncenter\"><a href=\"https:\/\/berni.fmode.de\/wordpress\/wp-content\/uploads\/bella38.jpg\"><img loading=\"lazy\" decoding=\"async\" aria-describedby=\"caption-attachment-15709\" class=\"wp-image-15709 size-full\" src=\"https:\/\/berni.fmode.de\/wordpress\/wp-content\/uploads\/bella38.jpg\" alt=\"Bella Treffen 2014 Gerterode\" width=\"1024\" height=\"768\" srcset=\"https:\/\/berni.fmode.de\/wordpress\/wp-content\/uploads\/bella38.jpg 1024w, https:\/\/berni.fmode.de\/wordpress\/wp-content\/uploads\/bella38-300x225.jpg 300w, https:\/\/berni.fmode.de\/wordpress\/wp-content\/uploads\/bella38-400x300.jpg 400w\" sizes=\"(max-width: 1024px) 100vw, 1024px\" \/><\/a><p id=\"caption-attachment-15709\" class=\"wp-caption-text\">Vier Bella in unterschiedlichen Zustandsstufen, alle &#8222;For sale&#8220;.<\/p><\/div>\n<div id=\"attachment_15710\" style=\"width: 1034px\" class=\"wp-caption aligncenter\"><a href=\"https:\/\/berni.fmode.de\/wordpress\/wp-content\/uploads\/bella39.jpg\"><img loading=\"lazy\" decoding=\"async\" aria-describedby=\"caption-attachment-15710\" class=\"wp-image-15710 size-full\" src=\"https:\/\/berni.fmode.de\/wordpress\/wp-content\/uploads\/bella39.jpg\" alt=\"Bella Treffen 2014 Gerterode\" width=\"1024\" height=\"1365\" srcset=\"https:\/\/berni.fmode.de\/wordpress\/wp-content\/uploads\/bella39.jpg 1024w, https:\/\/berni.fmode.de\/wordpress\/wp-content\/uploads\/bella39-225x300.jpg 225w, https:\/\/berni.fmode.de\/wordpress\/wp-content\/uploads\/bella39-768x1024.jpg 768w\" sizes=\"(max-width: 1024px) 100vw, 1024px\" \/><\/a><p id=\"caption-attachment-15710\" class=\"wp-caption-text\">Ob der Roller wirklich all diese Ziele gesehen hat?<\/p><\/div>\n<div id=\"attachment_15711\" style=\"width: 1034px\" class=\"wp-caption aligncenter\"><a href=\"https:\/\/berni.fmode.de\/wordpress\/wp-content\/uploads\/bella40.jpg\"><img loading=\"lazy\" decoding=\"async\" aria-describedby=\"caption-attachment-15711\" class=\"wp-image-15711 size-full\" src=\"https:\/\/berni.fmode.de\/wordpress\/wp-content\/uploads\/bella40.jpg\" alt=\"Bella Treffen 2014 Gerterode\" width=\"1024\" height=\"768\" srcset=\"https:\/\/berni.fmode.de\/wordpress\/wp-content\/uploads\/bella40.jpg 1024w, https:\/\/berni.fmode.de\/wordpress\/wp-content\/uploads\/bella40-300x225.jpg 300w, https:\/\/berni.fmode.de\/wordpress\/wp-content\/uploads\/bella40-400x300.jpg 400w\" sizes=\"(max-width: 1024px) 100vw, 1024px\" \/><\/a><p id=\"caption-attachment-15711\" class=\"wp-caption-text\">Der wahre Enthusiast tr\u00e4gt ein Bild seines Lieblings sogar auf der H\u00e4nger-Plane.<\/p><\/div>\n<div id=\"attachment_15712\" style=\"width: 1034px\" class=\"wp-caption aligncenter\"><a href=\"https:\/\/berni.fmode.de\/wordpress\/wp-content\/uploads\/bella41.jpg\"><img loading=\"lazy\" decoding=\"async\" aria-describedby=\"caption-attachment-15712\" class=\"wp-image-15712 size-full\" src=\"https:\/\/berni.fmode.de\/wordpress\/wp-content\/uploads\/bella41.jpg\" alt=\"Bella Treffen 2014 Gerterode\" width=\"1024\" height=\"768\" srcset=\"https:\/\/berni.fmode.de\/wordpress\/wp-content\/uploads\/bella41.jpg 1024w, https:\/\/berni.fmode.de\/wordpress\/wp-content\/uploads\/bella41-300x225.jpg 300w, https:\/\/berni.fmode.de\/wordpress\/wp-content\/uploads\/bella41-400x300.jpg 400w\" sizes=\"(max-width: 1024px) 100vw, 1024px\" \/><\/a><p id=\"caption-attachment-15712\" class=\"wp-caption-text\">Ein letzter Blick mit einem leisem Seufzer auf die sch\u00f6ne KS125, und dann begebe ich mich zu meiner braven Vespa und &#8230;..<\/p><\/div>\n<div id=\"attachment_15713\" style=\"width: 1034px\" class=\"wp-caption aligncenter\"><a href=\"https:\/\/berni.fmode.de\/wordpress\/wp-content\/uploads\/bella42.jpg\"><img loading=\"lazy\" decoding=\"async\" aria-describedby=\"caption-attachment-15713\" class=\"wp-image-15713 size-full\" src=\"https:\/\/berni.fmode.de\/wordpress\/wp-content\/uploads\/bella42.jpg\" alt=\"Bella Treffen 2014 Gerterode\" width=\"1024\" height=\"768\" srcset=\"https:\/\/berni.fmode.de\/wordpress\/wp-content\/uploads\/bella42.jpg 1024w, https:\/\/berni.fmode.de\/wordpress\/wp-content\/uploads\/bella42-300x225.jpg 300w, https:\/\/berni.fmode.de\/wordpress\/wp-content\/uploads\/bella42-400x300.jpg 400w\" sizes=\"(max-width: 1024px) 100vw, 1024px\" \/><\/a><p id=\"caption-attachment-15713\" class=\"wp-caption-text\">&#8230;.. wir treten den Heimweg an.<\/p><\/div>\n<div id=\"attachment_15714\" style=\"width: 1034px\" class=\"wp-caption aligncenter\"><a href=\"https:\/\/berni.fmode.de\/wordpress\/wp-content\/uploads\/bella43.jpg\"><img loading=\"lazy\" decoding=\"async\" aria-describedby=\"caption-attachment-15714\" class=\"wp-image-15714 size-full\" src=\"https:\/\/berni.fmode.de\/wordpress\/wp-content\/uploads\/bella43.jpg\" alt=\"Bella Treffen 2014 Gerterode\" width=\"1024\" height=\"768\" srcset=\"https:\/\/berni.fmode.de\/wordpress\/wp-content\/uploads\/bella43.jpg 1024w, https:\/\/berni.fmode.de\/wordpress\/wp-content\/uploads\/bella43-300x225.jpg 300w, https:\/\/berni.fmode.de\/wordpress\/wp-content\/uploads\/bella43-400x300.jpg 400w\" sizes=\"(max-width: 1024px) 100vw, 1024px\" \/><\/a><p id=\"caption-attachment-15714\" class=\"wp-caption-text\">Das Wetter ist jetzt stabil gut, ich h\u00f6re auf die Stimme von Kathy, die erst versucht, mich \u00fcber die Autobahn zu hetzen, aber sich dann mit der B62 begn\u00fcgt. Nonstop fahre ich bis Eifa, wo ich kurz anhalte, um &#8230;..<\/p><\/div>\n<div id=\"attachment_15715\" style=\"width: 1034px\" class=\"wp-caption aligncenter\"><a href=\"https:\/\/berni.fmode.de\/wordpress\/wp-content\/uploads\/bella44.jpg\"><img loading=\"lazy\" decoding=\"async\" aria-describedby=\"caption-attachment-15715\" class=\"wp-image-15715 size-full\" src=\"https:\/\/berni.fmode.de\/wordpress\/wp-content\/uploads\/bella44.jpg\" alt=\"Bella Treffen 2014 Gerterode\" width=\"1024\" height=\"768\" srcset=\"https:\/\/berni.fmode.de\/wordpress\/wp-content\/uploads\/bella44.jpg 1024w, https:\/\/berni.fmode.de\/wordpress\/wp-content\/uploads\/bella44-300x225.jpg 300w, https:\/\/berni.fmode.de\/wordpress\/wp-content\/uploads\/bella44-400x300.jpg 400w\" sizes=\"(max-width: 1024px) 100vw, 1024px\" \/><\/a><p id=\"caption-attachment-15715\" class=\"wp-caption-text\">&#8230;.. mir nach langer Zeit mal wieder den gro\u00dfen Viadukt anzusehen.<\/p><\/div>\n<div id=\"attachment_15716\" style=\"width: 1034px\" class=\"wp-caption aligncenter\"><a href=\"https:\/\/berni.fmode.de\/wordpress\/wp-content\/uploads\/bella45.jpg\"><img loading=\"lazy\" decoding=\"async\" aria-describedby=\"caption-attachment-15716\" class=\"wp-image-15716 size-full\" src=\"https:\/\/berni.fmode.de\/wordpress\/wp-content\/uploads\/bella45.jpg\" alt=\"Bella Treffen 2014 Gerterode\" width=\"1024\" height=\"768\" srcset=\"https:\/\/berni.fmode.de\/wordpress\/wp-content\/uploads\/bella45.jpg 1024w, https:\/\/berni.fmode.de\/wordpress\/wp-content\/uploads\/bella45-300x225.jpg 300w, https:\/\/berni.fmode.de\/wordpress\/wp-content\/uploads\/bella45-400x300.jpg 400w\" sizes=\"(max-width: 1024px) 100vw, 1024px\" \/><\/a><p id=\"caption-attachment-15716\" class=\"wp-caption-text\">Kleine Vespa vor gro\u00dfem Viadukt.<\/p><\/div>\n<div id=\"attachment_15717\" style=\"width: 1034px\" class=\"wp-caption aligncenter\"><a href=\"https:\/\/berni.fmode.de\/wordpress\/wp-content\/uploads\/bella46.jpg\"><img loading=\"lazy\" decoding=\"async\" aria-describedby=\"caption-attachment-15717\" class=\"wp-image-15717 size-full\" src=\"https:\/\/berni.fmode.de\/wordpress\/wp-content\/uploads\/bella46.jpg\" alt=\"Bella Treffen 2014 Gerterode\" width=\"1024\" height=\"768\" srcset=\"https:\/\/berni.fmode.de\/wordpress\/wp-content\/uploads\/bella46.jpg 1024w, https:\/\/berni.fmode.de\/wordpress\/wp-content\/uploads\/bella46-300x225.jpg 300w, https:\/\/berni.fmode.de\/wordpress\/wp-content\/uploads\/bella46-400x300.jpg 400w\" sizes=\"(max-width: 1024px) 100vw, 1024px\" \/><\/a><p id=\"caption-attachment-15717\" class=\"wp-caption-text\">Die letzten 30 Kilometer sind auch kein Problem und dann ist dieser sch\u00f6ne Tag zweiradm\u00e4\u00dfig beendet.<\/p><\/div>\n<p>Das Bella-Treffen hat mir sehr gut gefallen, die Bella-Roller sowieso und wenn ich noch Platz h\u00e4tte, k\u00e4me mir so ein Roller ins Haus, am besten mit Seitenwagen. Aber Platz habe ich nicht, beim besten Willen nicht.<\/p>\n<p>Ach ja: Die Navigation mit den Helm-Kopfh\u00f6rern hat sich prima bew\u00e4hrt. Du musst dir nichts in die Ohren stecken und Kathys Stimme ist prima zu h\u00f6ren. In meinem Hugo-Boss-Helm haben die Teile nach einer Stunde ein ganz kleines bisschen gedr\u00fcckt, aber das bekomme ich durch optimierte Platzierung wohl auch noch in den Griff. Kurz: Die Sache funktioniert.<\/p>\n","protected":false},"excerpt":{"rendered":"<p>&#8230;&#8230; und Reichen. Was die Reichen betrifft, bin ich mir allerdings nicht ganz sicher, aber sch\u00f6n waren sie alle &#8211; die Z\u00fcndapp Bella Roller, zu deren Treffen ich heute standesgem\u00e4\u00df mit einem Roller gereist bin. Das Bella-Treffen habe ich schon &hellip; <a href=\"https:\/\/berni.fmode.de\/wordpress\/?p=15669\">Weiterlesen <span class=\"meta-nav\">&rarr;<\/span><\/a><\/p>\n","protected":false},"author":1,"featured_media":0,"comment_status":"closed","ping_status":"closed","sticky":false,"template":"","format":"standard","meta":{"footnotes":""},"categories":[18,36],"tags":[],"_links":{"self":[{"href":"https:\/\/berni.fmode.de\/wordpress\/index.php?rest_route=\/wp\/v2\/posts\/15669"}],"collection":[{"href":"https:\/\/berni.fmode.de\/wordpress\/index.php?rest_route=\/wp\/v2\/posts"}],"about":[{"href":"https:\/\/berni.fmode.de\/wordpress\/index.php?rest_route=\/wp\/v2\/types\/post"}],"author":[{"embeddable":true,"href":"https:\/\/berni.fmode.de\/wordpress\/index.php?rest_route=\/wp\/v2\/users\/1"}],"replies":[{"embeddable":true,"href":"https:\/\/berni.fmode.de\/wordpress\/index.php?rest_route=%2Fwp%2Fv2%2Fcomments&post=15669"}],"version-history":[{"count":13,"href":"https:\/\/berni.fmode.de\/wordpress\/index.php?rest_route=\/wp\/v2\/posts\/15669\/revisions"}],"predecessor-version":[{"id":15779,"href":"https:\/\/berni.fmode.de\/wordpress\/index.php?rest_route=\/wp\/v2\/posts\/15669\/revisions\/15779"}],"wp:attachment":[{"href":"https:\/\/berni.fmode.de\/wordpress\/index.php?rest_route=%2Fwp%2Fv2%2Fmedia&parent=15669"}],"wp:term":[{"taxonomy":"category","embeddable":true,"href":"https:\/\/berni.fmode.de\/wordpress\/index.php?rest_route=%2Fwp%2Fv2%2Fcategories&post=15669"},{"taxonomy":"post_tag","embeddable":true,"href":"https:\/\/berni.fmode.de\/wordpress\/index.php?rest_route=%2Fwp%2Fv2%2Ftags&post=15669"}],"curies":[{"name":"wp","href":"https:\/\/api.w.org\/{rel}","templated":true}]}}