{"id":156,"date":"2011-06-17T11:22:35","date_gmt":"2011-06-17T10:22:35","guid":{"rendered":"http:\/\/berni.fmode.de\/wordpress\/?p=156"},"modified":"2012-09-14T09:38:28","modified_gmt":"2012-09-14T08:38:28","slug":"nach-fulda-zu-tante-luise","status":"publish","type":"post","link":"https:\/\/berni.fmode.de\/wordpress\/?p=156","title":{"rendered":"Nach Fulda zu Tante Luise"},"content":{"rendered":"<p>Nachdem der Wetterbericht den Freitag als letzten niederschlagsarmen Tag des gesamten Wochenendes benannt hat, steht f\u00fcr mich fest: Die SV muss noch einmal bewegt werden. Schliesslich m\u00f6chte ich am kommenden Mittwoch zu einem verl\u00e4ngerten Wochenende in die Mecklenburgische Seenplatte fahren &#8211; nat\u00fcrlich mit der SV. Und da m\u00f6chte ich schon wissen, ob alles soweit OK ist und ob vor allem der frisch angebaute Ketten\u00f6ler gut funktioniert. Ausserdem brauche ich noch ein paar Kleinigkeiten, und so starte ich gegen 14:30 <span style=\"color: #333300;\">nach Fulda zu Tante Luise.<\/span><\/p>\n<p>In Sachen Ketten\u00f6ler bin ich mir eigentlich ziemlich sicher: Der ist mit hoher Wahrscheinlichkeit zu grossz\u00fcgig eingestellt. Also heisst es erstmal, alles ordentlich warmzufahren und dann zu \u00fcberpr\u00fcfen, wie stark die Heckpartie der Suzi versaut ist. Das Wetter ist ausgesprochen angenehm, etwas bew\u00f6lkt, keine Hitze mehr. Mal sehen, ob ich Heute etwas mehr Gl\u00fcck habe als Gestern und nicht vom Regen v\u00f6llig durchn\u00e4sst werde. Aber falls doch, ist&#8217;s auch nicht schlimm. Vielleicht sogar ein guter Test f\u00fcr Mecklenburg-Vorpommern, denn dass diese Fahrt ohne Regen verlaufen wird, glaube ich nicht wirklich.<\/p>\n<div id=\"attachment_9247\" style=\"width: 510px\" class=\"wp-caption alignnone\"><a href=\"https:\/\/berni.fmode.de\/wordpress\/wp-content\/uploads\/pic01446.jpg\"><img loading=\"lazy\" decoding=\"async\" aria-describedby=\"caption-attachment-9247\" class=\"size-full wp-image-9247\" title=\"SV\" src=\"https:\/\/berni.fmode.de\/wordpress\/wp-content\/uploads\/pic01446.jpg\" alt=\"\" width=\"500\" height=\"375\" srcset=\"https:\/\/berni.fmode.de\/wordpress\/wp-content\/uploads\/pic01446.jpg 500w, https:\/\/berni.fmode.de\/wordpress\/wp-content\/uploads\/pic01446-300x225.jpg 300w, https:\/\/berni.fmode.de\/wordpress\/wp-content\/uploads\/pic01446-400x300.jpg 400w\" sizes=\"(max-width: 500px) 100vw, 500px\" \/><\/a><p id=\"caption-attachment-9247\" class=\"wp-caption-text\">Nach 40 flotten Kilometern stoppe ich hier zwischen Meiches und Dirlammen und schaue nach dem Ketten\u00f6ler.<\/p><\/div>\n<div id=\"attachment_9248\" style=\"width: 510px\" class=\"wp-caption alignnone\"><a href=\"https:\/\/berni.fmode.de\/wordpress\/wp-content\/uploads\/pic02434.jpg\"><img loading=\"lazy\" decoding=\"async\" aria-describedby=\"caption-attachment-9248\" class=\"size-full wp-image-9248\" title=\"SV\" src=\"https:\/\/berni.fmode.de\/wordpress\/wp-content\/uploads\/pic02434.jpg\" alt=\"\" width=\"500\" height=\"375\" srcset=\"https:\/\/berni.fmode.de\/wordpress\/wp-content\/uploads\/pic02434.jpg 500w, https:\/\/berni.fmode.de\/wordpress\/wp-content\/uploads\/pic02434-300x225.jpg 300w, https:\/\/berni.fmode.de\/wordpress\/wp-content\/uploads\/pic02434-400x300.jpg 400w\" sizes=\"(max-width: 500px) 100vw, 500px\" \/><\/a><p id=\"caption-attachment-9248\" class=\"wp-caption-text\">Und wie erwartet, habe ich es mit der Einstellung zu gut gemeint: Schwinge, Felge, Kettenschutz sind ordentlich eingesaut und so reduziere ich die \u00d6lmenge drastisch \u00fcber den kleinen Steller links am Kettenschutz.<\/p><\/div>\n<div id=\"attachment_9249\" style=\"width: 510px\" class=\"wp-caption alignnone\"><a href=\"https:\/\/berni.fmode.de\/wordpress\/wp-content\/uploads\/pic03403.jpg\"><img loading=\"lazy\" decoding=\"async\" aria-describedby=\"caption-attachment-9249\" class=\"size-full wp-image-9249\" title=\"SV\" src=\"https:\/\/berni.fmode.de\/wordpress\/wp-content\/uploads\/pic03403.jpg\" alt=\"\" width=\"500\" height=\"375\" srcset=\"https:\/\/berni.fmode.de\/wordpress\/wp-content\/uploads\/pic03403.jpg 500w, https:\/\/berni.fmode.de\/wordpress\/wp-content\/uploads\/pic03403-300x225.jpg 300w, https:\/\/berni.fmode.de\/wordpress\/wp-content\/uploads\/pic03403-400x300.jpg 400w\" sizes=\"(max-width: 500px) 100vw, 500px\" \/><\/a><p id=\"caption-attachment-9249\" class=\"wp-caption-text\">\u00dcber Rixfekd, Schadges und Stockhausen geht die Fahrt weiter. Mit der Suzi halte ich viel weniger an als mit meinen Ostb\u00f6cken &#8211; die japanische Fahrmaschine lockt eben nicht mit Pausen. An der Staatsdom\u00e4ne in Stockhausen jedoch zwinge ich uns zu einem kurzen Halt.<\/p><\/div>\n<div id=\"attachment_9250\" style=\"width: 510px\" class=\"wp-caption alignnone\"><a href=\"https:\/\/berni.fmode.de\/wordpress\/wp-content\/uploads\/pic04360.jpg\"><img loading=\"lazy\" decoding=\"async\" aria-describedby=\"caption-attachment-9250\" class=\"size-full wp-image-9250\" title=\"SV\" src=\"https:\/\/berni.fmode.de\/wordpress\/wp-content\/uploads\/pic04360.jpg\" alt=\"\" width=\"500\" height=\"375\" srcset=\"https:\/\/berni.fmode.de\/wordpress\/wp-content\/uploads\/pic04360.jpg 500w, https:\/\/berni.fmode.de\/wordpress\/wp-content\/uploads\/pic04360-300x225.jpg 300w, https:\/\/berni.fmode.de\/wordpress\/wp-content\/uploads\/pic04360-400x300.jpg 400w\" sizes=\"(max-width: 500px) 100vw, 500px\" \/><\/a><p id=\"caption-attachment-9250\" class=\"wp-caption-text\">Nicht mal eine Stunde brauche ich bis Fulda &#8211; und das \u00fcber die D\u00f6rfer. Die gelbe Suzi ist schon ein flottes Maschinchen. Jetzt bin ich bei Louis angekommen und die Einkaufstour kann beginnen.<\/p><\/div>\n<div id=\"attachment_9251\" style=\"width: 510px\" class=\"wp-caption alignnone\"><a href=\"https:\/\/berni.fmode.de\/wordpress\/wp-content\/uploads\/pic05304.jpg\"><img loading=\"lazy\" decoding=\"async\" aria-describedby=\"caption-attachment-9251\" class=\"size-full wp-image-9251\" title=\"SV\" src=\"https:\/\/berni.fmode.de\/wordpress\/wp-content\/uploads\/pic05304.jpg\" alt=\"\" width=\"500\" height=\"375\" srcset=\"https:\/\/berni.fmode.de\/wordpress\/wp-content\/uploads\/pic05304.jpg 500w, https:\/\/berni.fmode.de\/wordpress\/wp-content\/uploads\/pic05304-300x225.jpg 300w, https:\/\/berni.fmode.de\/wordpress\/wp-content\/uploads\/pic05304-400x300.jpg 400w\" sizes=\"(max-width: 500px) 100vw, 500px\" \/><\/a><p id=\"caption-attachment-9251\" class=\"wp-caption-text\">Die beiden frisch eingekauften Rohleff-Jacken muss ich mit ebenfalls eingekauften Gep\u00e4ckstrapsen verzurren &#8211; sieht zwar nicht profesionell aus, aber h\u00e4lt &#8211; auch bei Geschwindigkeiten bis zu 160 km\/h \ud83d\ude42<\/p><\/div>\n<div id=\"attachment_9252\" style=\"width: 510px\" class=\"wp-caption alignnone\"><a href=\"https:\/\/berni.fmode.de\/wordpress\/wp-content\/uploads\/pic06261.jpg\"><img loading=\"lazy\" decoding=\"async\" aria-describedby=\"caption-attachment-9252\" class=\"size-full wp-image-9252\" title=\"SV\" src=\"https:\/\/berni.fmode.de\/wordpress\/wp-content\/uploads\/pic06261.jpg\" alt=\"\" width=\"500\" height=\"375\" srcset=\"https:\/\/berni.fmode.de\/wordpress\/wp-content\/uploads\/pic06261.jpg 500w, https:\/\/berni.fmode.de\/wordpress\/wp-content\/uploads\/pic06261-300x225.jpg 300w, https:\/\/berni.fmode.de\/wordpress\/wp-content\/uploads\/pic06261-400x300.jpg 400w\" sizes=\"(max-width: 500px) 100vw, 500px\" \/><\/a><p id=\"caption-attachment-9252\" class=\"wp-caption-text\">Die schnelle Strassen kurz vor Fulda fahre ich mit meinen Ostb\u00f6cken eigentlich sehr ungern &#8211; mit der Suzi dagegen macht es gerade hier so richtig Spass.<\/p><\/div>\n<div id=\"attachment_9253\" style=\"width: 510px\" class=\"wp-caption alignnone\"><a href=\"https:\/\/berni.fmode.de\/wordpress\/wp-content\/uploads\/pic07228.jpg\"><img loading=\"lazy\" decoding=\"async\" aria-describedby=\"caption-attachment-9253\" class=\"size-full wp-image-9253\" title=\"SV\" src=\"https:\/\/berni.fmode.de\/wordpress\/wp-content\/uploads\/pic07228.jpg\" alt=\"\" width=\"500\" height=\"375\" srcset=\"https:\/\/berni.fmode.de\/wordpress\/wp-content\/uploads\/pic07228.jpg 500w, https:\/\/berni.fmode.de\/wordpress\/wp-content\/uploads\/pic07228-300x225.jpg 300w, https:\/\/berni.fmode.de\/wordpress\/wp-content\/uploads\/pic07228-400x300.jpg 400w\" sizes=\"(max-width: 500px) 100vw, 500px\" \/><\/a><p id=\"caption-attachment-9253\" class=\"wp-caption-text\">Die Suzi macht erneut soviel Spass, dass ich in Blankenau abbiege und einen ordentlichen Umweg \u00fcber Zahmen und diverse Grebenhainer Ortsteile mache. Und wieder muss ich fahren, fahren, fahren &#8211; vorbei die Zeit der ungez\u00e4hlten Foto-Stops. Selbst das Oldtimer Cafe lasse ich heute unbeachtet links liegen.<\/p><\/div>\n<div id=\"attachment_9254\" style=\"width: 510px\" class=\"wp-caption alignnone\"><a href=\"https:\/\/berni.fmode.de\/wordpress\/wp-content\/uploads\/pic08189.jpg\"><img loading=\"lazy\" decoding=\"async\" aria-describedby=\"caption-attachment-9254\" class=\"size-full wp-image-9254\" title=\"SV\" src=\"https:\/\/berni.fmode.de\/wordpress\/wp-content\/uploads\/pic08189.jpg\" alt=\"\" width=\"500\" height=\"375\" srcset=\"https:\/\/berni.fmode.de\/wordpress\/wp-content\/uploads\/pic08189.jpg 500w, https:\/\/berni.fmode.de\/wordpress\/wp-content\/uploads\/pic08189-300x225.jpg 300w, https:\/\/berni.fmode.de\/wordpress\/wp-content\/uploads\/pic08189-400x300.jpg 400w\" sizes=\"(max-width: 500px) 100vw, 500px\" \/><\/a><p id=\"caption-attachment-9254\" class=\"wp-caption-text\">Letzter Stop kurz vor Altenhain &#8211; der Ketten\u00f6ler ist immer noch zu heftig eingestellt und ich dosiere noch einen Tick sparsamer. Nach drei Stunden und etwa 200 km bin ich dann wieder zuhause &#8211; und zufrieden. Auch meine Gattin freut sich \u00fcber die h\u00fcbsche Rohleff-Jacke und passen tut sie ihr auch.<\/p><\/div>\n<p>&nbsp;<\/p>\n","protected":false},"excerpt":{"rendered":"<p>Nachdem der Wetterbericht den Freitag als letzten niederschlagsarmen Tag des gesamten Wochenendes benannt hat, steht f\u00fcr mich fest: Die SV muss noch einmal bewegt werden. Schliesslich m\u00f6chte ich am kommenden Mittwoch zu einem verl\u00e4ngerten Wochenende in die Mecklenburgische Seenplatte fahren &hellip; <a href=\"https:\/\/berni.fmode.de\/wordpress\/?p=156\">Weiterlesen <span class=\"meta-nav\">&rarr;<\/span><\/a><\/p>\n","protected":false},"author":1,"featured_media":0,"comment_status":"closed","ping_status":"closed","sticky":false,"template":"","format":"standard","meta":{"footnotes":""},"categories":[7],"tags":[],"_links":{"self":[{"href":"https:\/\/berni.fmode.de\/wordpress\/index.php?rest_route=\/wp\/v2\/posts\/156"}],"collection":[{"href":"https:\/\/berni.fmode.de\/wordpress\/index.php?rest_route=\/wp\/v2\/posts"}],"about":[{"href":"https:\/\/berni.fmode.de\/wordpress\/index.php?rest_route=\/wp\/v2\/types\/post"}],"author":[{"embeddable":true,"href":"https:\/\/berni.fmode.de\/wordpress\/index.php?rest_route=\/wp\/v2\/users\/1"}],"replies":[{"embeddable":true,"href":"https:\/\/berni.fmode.de\/wordpress\/index.php?rest_route=%2Fwp%2Fv2%2Fcomments&post=156"}],"version-history":[{"count":4,"href":"https:\/\/berni.fmode.de\/wordpress\/index.php?rest_route=\/wp\/v2\/posts\/156\/revisions"}],"predecessor-version":[{"id":9246,"href":"https:\/\/berni.fmode.de\/wordpress\/index.php?rest_route=\/wp\/v2\/posts\/156\/revisions\/9246"}],"wp:attachment":[{"href":"https:\/\/berni.fmode.de\/wordpress\/index.php?rest_route=%2Fwp%2Fv2%2Fmedia&parent=156"}],"wp:term":[{"taxonomy":"category","embeddable":true,"href":"https:\/\/berni.fmode.de\/wordpress\/index.php?rest_route=%2Fwp%2Fv2%2Fcategories&post=156"},{"taxonomy":"post_tag","embeddable":true,"href":"https:\/\/berni.fmode.de\/wordpress\/index.php?rest_route=%2Fwp%2Fv2%2Ftags&post=156"}],"curies":[{"name":"wp","href":"https:\/\/api.w.org\/{rel}","templated":true}]}}