{"id":150,"date":"2011-05-29T10:17:30","date_gmt":"2011-05-29T09:17:30","guid":{"rendered":"http:\/\/berni.fmode.de\/wordpress\/?p=150"},"modified":"2012-09-14T10:44:34","modified_gmt":"2012-09-14T09:44:34","slug":"ein-tag-im-wittgensteiner-land","status":"publish","type":"post","link":"https:\/\/berni.fmode.de\/wordpress\/?p=150","title":{"rendered":"Ein Tag im Wittgensteiner Land"},"content":{"rendered":"<p>Schon vor ein paar Tagen haben Egon und ich uns f\u00fcr diesen Sonntag mit Klaus aus dem MZ-Forum verabredet. Wir wollen uns eine weitere Tula ansehen, von der Klaus berichtet hat. F\u00fcr uns Vogelsberger ist der Landstrich am Dreil\u00e4ndereck Hessen, NRW und Rheinland-Pfalz beinahe so etwas wie ein weisser Fleck, aber wir haben ja mit Klaus einen einheimischen F\u00fchrer. Und nur dank dieser Tatsache verbringen wir einen <span style=\"color: #333300;\">wunderbaren Tag im Wittgensteiner Land.<\/span><\/p>\n<p>Einen einzigen winzig kleinen Makel hatte dieser Tag dennoch f\u00fcr mich: Als bekennender Bl\u00fcmchenpfl\u00fccker brauche ich viele Fotopasuen &#8211; und im Wittgensteiner Land gibt es unendlich viele tolle Landschaften und Orte, die ein Foto wert sind. Aber Egon und auch Klaus brettern einfach durch diese tolle Gegend und denken nicht im Traum daran, f\u00fcr eine kleine Fotosession anzuhalten. Das hat f\u00fcr mich die logische Konsequenz, dass ich in K\u00fcrze noch einmal allein in diese Ecke muss &#8211; und dann wird an jeder Milchkanne angehalten. F\u00fcr heute jedoch gibt es deshalb vergleichweise wenige Fotos &#8211; leider. Aber dennoch war&#8217;s ein toller Fahrtag.<\/p>\n<div id=\"attachment_9266\" style=\"width: 510px\" class=\"wp-caption alignnone\"><a href=\"https:\/\/berni.fmode.de\/wordpress\/wp-content\/uploads\/pic01448.jpg\"><img loading=\"lazy\" decoding=\"async\" aria-describedby=\"caption-attachment-9266\" class=\"size-full wp-image-9266\" title=\"SV\" src=\"https:\/\/berni.fmode.de\/wordpress\/wp-content\/uploads\/pic01448.jpg\" alt=\"\" width=\"500\" height=\"375\" srcset=\"https:\/\/berni.fmode.de\/wordpress\/wp-content\/uploads\/pic01448.jpg 500w, https:\/\/berni.fmode.de\/wordpress\/wp-content\/uploads\/pic01448-300x225.jpg 300w, https:\/\/berni.fmode.de\/wordpress\/wp-content\/uploads\/pic01448-400x300.jpg 400w\" sizes=\"(max-width: 500px) 100vw, 500px\" \/><\/a><p id=\"caption-attachment-9266\" class=\"wp-caption-text\">Das Wetter ist bereits am Morgen sehr sch\u00f6n &#8211; und wird im Verlauf des Tages noch sch\u00f6ner. Den ersten Stop gibts im Gladenbacher Bergland nahe Runzhausen. Auf dem Stein hat sich der Landrat Baumann verewigt, der zwischen 1952 und 1956 f\u00fcr den Bau dieser Strasse nach Bottenhorn verantwortlich war.<\/p><\/div>\n<div id=\"attachment_9267\" style=\"width: 510px\" class=\"wp-caption alignnone\"><a href=\"https:\/\/berni.fmode.de\/wordpress\/wp-content\/uploads\/pic02436.jpg\"><img loading=\"lazy\" decoding=\"async\" aria-describedby=\"caption-attachment-9267\" class=\"size-full wp-image-9267\" title=\"SV\" src=\"https:\/\/berni.fmode.de\/wordpress\/wp-content\/uploads\/pic02436.jpg\" alt=\"\" width=\"500\" height=\"375\" srcset=\"https:\/\/berni.fmode.de\/wordpress\/wp-content\/uploads\/pic02436.jpg 500w, https:\/\/berni.fmode.de\/wordpress\/wp-content\/uploads\/pic02436-300x225.jpg 300w, https:\/\/berni.fmode.de\/wordpress\/wp-content\/uploads\/pic02436-400x300.jpg 400w\" sizes=\"(max-width: 500px) 100vw, 500px\" \/><\/a><p id=\"caption-attachment-9267\" class=\"wp-caption-text\">\u00dcber Dietzh\u00f6lztal gehts dann weiter in Richtung Erntebr\u00fcck. Auf der Wiese steht ein gewaltiger Galloway-Bulle &#8211; beeindruckend. Hier sind wir bereits in NRW und bis zum ersten Etappenziel ist es nicht mehr weit&#8230;&#8230;<\/p><\/div>\n<div id=\"attachment_9268\" style=\"width: 510px\" class=\"wp-caption alignnone\"><a href=\"https:\/\/berni.fmode.de\/wordpress\/wp-content\/uploads\/pic03405.jpg\"><img loading=\"lazy\" decoding=\"async\" aria-describedby=\"caption-attachment-9268\" class=\"size-full wp-image-9268\" title=\"SV\" src=\"https:\/\/berni.fmode.de\/wordpress\/wp-content\/uploads\/pic03405.jpg\" alt=\"\" width=\"500\" height=\"375\" srcset=\"https:\/\/berni.fmode.de\/wordpress\/wp-content\/uploads\/pic03405.jpg 500w, https:\/\/berni.fmode.de\/wordpress\/wp-content\/uploads\/pic03405-300x225.jpg 300w, https:\/\/berni.fmode.de\/wordpress\/wp-content\/uploads\/pic03405-400x300.jpg 400w\" sizes=\"(max-width: 500px) 100vw, 500px\" \/><\/a><p id=\"caption-attachment-9268\" class=\"wp-caption-text\">&#8230;.. und das ist das BMW-Museum in Erntebr\u00fcck. Dabei handelt es sich um eine private Institution, von der ich vorher nie etwas geh\u00f6rt habe.<\/p><\/div>\n<div id=\"attachment_9269\" style=\"width: 510px\" class=\"wp-caption alignnone\"><a href=\"https:\/\/berni.fmode.de\/wordpress\/wp-content\/uploads\/pic04362.jpg\"><img loading=\"lazy\" decoding=\"async\" aria-describedby=\"caption-attachment-9269\" class=\"size-full wp-image-9269\" title=\"SV\" src=\"https:\/\/berni.fmode.de\/wordpress\/wp-content\/uploads\/pic04362.jpg\" alt=\"\" width=\"500\" height=\"375\" srcset=\"https:\/\/berni.fmode.de\/wordpress\/wp-content\/uploads\/pic04362.jpg 500w, https:\/\/berni.fmode.de\/wordpress\/wp-content\/uploads\/pic04362-300x225.jpg 300w, https:\/\/berni.fmode.de\/wordpress\/wp-content\/uploads\/pic04362-400x300.jpg 400w\" sizes=\"(max-width: 500px) 100vw, 500px\" \/><\/a><p id=\"caption-attachment-9269\" class=\"wp-caption-text\">Als erstes fallen mir zwei herrliche Horex Regina am BMW-Museum auf. Die beiden sind zusammen mit einem MZ ES 250\/2-Gespann gekommen und ich filme die Abfahrt der drei Maschinen. Dummerweise will die MZ nicht anspringen und muss geschoben werden &#8211; aber seht selbst&#8230;<\/p><\/div>\n<p><a href=\"http:\/\/www.youtube.com\/watch?v=IZUGZ9uiEXA\" target=\"_blank\">&#8230; und zwar hier!<\/a><\/p>\n<div id=\"attachment_9270\" style=\"width: 510px\" class=\"wp-caption alignnone\"><a href=\"https:\/\/berni.fmode.de\/wordpress\/wp-content\/uploads\/pic05306.jpg\"><img loading=\"lazy\" decoding=\"async\" aria-describedby=\"caption-attachment-9270\" class=\"size-full wp-image-9270\" title=\"SV\" src=\"https:\/\/berni.fmode.de\/wordpress\/wp-content\/uploads\/pic05306.jpg\" alt=\"\" width=\"500\" height=\"375\" srcset=\"https:\/\/berni.fmode.de\/wordpress\/wp-content\/uploads\/pic05306.jpg 500w, https:\/\/berni.fmode.de\/wordpress\/wp-content\/uploads\/pic05306-300x225.jpg 300w, https:\/\/berni.fmode.de\/wordpress\/wp-content\/uploads\/pic05306-400x300.jpg 400w\" sizes=\"(max-width: 500px) 100vw, 500px\" \/><\/a><p id=\"caption-attachment-9270\" class=\"wp-caption-text\">Inzwischen sind auch Klaus und Uwe eingetrudelt. Mit den beiden sind wir verabredet und werden uns im Anschluss an den Museumsbesuch eine Tula Muravej anschauen.<\/p><\/div>\n<div id=\"attachment_9271\" style=\"width: 510px\" class=\"wp-caption alignnone\"><a href=\"https:\/\/berni.fmode.de\/wordpress\/wp-content\/uploads\/pic06263.jpg\"><img loading=\"lazy\" decoding=\"async\" aria-describedby=\"caption-attachment-9271\" class=\"size-full wp-image-9271\" title=\"SV\" src=\"https:\/\/berni.fmode.de\/wordpress\/wp-content\/uploads\/pic06263.jpg\" alt=\"\" width=\"500\" height=\"375\" srcset=\"https:\/\/berni.fmode.de\/wordpress\/wp-content\/uploads\/pic06263.jpg 500w, https:\/\/berni.fmode.de\/wordpress\/wp-content\/uploads\/pic06263-300x225.jpg 300w, https:\/\/berni.fmode.de\/wordpress\/wp-content\/uploads\/pic06263-400x300.jpg 400w\" sizes=\"(max-width: 500px) 100vw, 500px\" \/><\/a><p id=\"caption-attachment-9271\" class=\"wp-caption-text\">Erfahrungsgem\u00e4ss sieht man vor jedem Museum und auf jeder Ausstellung die interessantesten Maschinen auf dem Parkplatz. K\u00f6nnte auch hier in Erntebr\u00fcck so sein &#8211; diese 700er Royal Enfield geh\u00f6rt zweifellos dazu.<\/p><\/div>\n<div id=\"attachment_9272\" style=\"width: 510px\" class=\"wp-caption alignnone\"><a href=\"https:\/\/berni.fmode.de\/wordpress\/wp-content\/uploads\/pic07230.jpg\"><img loading=\"lazy\" decoding=\"async\" aria-describedby=\"caption-attachment-9272\" class=\"size-full wp-image-9272\" title=\"SV\" src=\"https:\/\/berni.fmode.de\/wordpress\/wp-content\/uploads\/pic07230.jpg\" alt=\"\" width=\"500\" height=\"375\" srcset=\"https:\/\/berni.fmode.de\/wordpress\/wp-content\/uploads\/pic07230.jpg 500w, https:\/\/berni.fmode.de\/wordpress\/wp-content\/uploads\/pic07230-300x225.jpg 300w, https:\/\/berni.fmode.de\/wordpress\/wp-content\/uploads\/pic07230-400x300.jpg 400w\" sizes=\"(max-width: 500px) 100vw, 500px\" \/><\/a><p id=\"caption-attachment-9272\" class=\"wp-caption-text\">Nat\u00fcrlich finden sich auch BMW vor dem Museum, so wie diese beiden Gespanne. Sind wohl R51, R67 oder R68, aber so richtig kenne ich mich mit der BMW-Typenreihe nicht mehr aus.<\/p><\/div>\n<div id=\"attachment_9273\" style=\"width: 510px\" class=\"wp-caption alignnone\"><a href=\"https:\/\/berni.fmode.de\/wordpress\/wp-content\/uploads\/pic08191.jpg\"><img loading=\"lazy\" decoding=\"async\" aria-describedby=\"caption-attachment-9273\" class=\"size-full wp-image-9273\" title=\"SV\" src=\"https:\/\/berni.fmode.de\/wordpress\/wp-content\/uploads\/pic08191.jpg\" alt=\"\" width=\"500\" height=\"375\" srcset=\"https:\/\/berni.fmode.de\/wordpress\/wp-content\/uploads\/pic08191.jpg 500w, https:\/\/berni.fmode.de\/wordpress\/wp-content\/uploads\/pic08191-300x225.jpg 300w, https:\/\/berni.fmode.de\/wordpress\/wp-content\/uploads\/pic08191-400x300.jpg 400w\" sizes=\"(max-width: 500px) 100vw, 500px\" \/><\/a><p id=\"caption-attachment-9273\" class=\"wp-caption-text\">Im Museum dann eine beeindruckende Reihe der bayrischen Maschinen &#8211; alle perfekt und unaufdringlich restauriert. Dennoch habe ich eine gewisse Distanz zu dieser Marke. Hatte in meinem langen Motorradleben zwar selbst drei BMW, aber ein echter BMW-Fahrer bin ich nie geworden.<\/p><\/div>\n<div id=\"attachment_9274\" style=\"width: 510px\" class=\"wp-caption alignnone\"><a href=\"https:\/\/berni.fmode.de\/wordpress\/wp-content\/uploads\/pic09158.jpg\"><img loading=\"lazy\" decoding=\"async\" aria-describedby=\"caption-attachment-9274\" class=\"size-full wp-image-9274\" title=\"SV\" src=\"https:\/\/berni.fmode.de\/wordpress\/wp-content\/uploads\/pic09158.jpg\" alt=\"\" width=\"500\" height=\"375\" srcset=\"https:\/\/berni.fmode.de\/wordpress\/wp-content\/uploads\/pic09158.jpg 500w, https:\/\/berni.fmode.de\/wordpress\/wp-content\/uploads\/pic09158-300x225.jpg 300w, https:\/\/berni.fmode.de\/wordpress\/wp-content\/uploads\/pic09158-400x300.jpg 400w\" sizes=\"(max-width: 500px) 100vw, 500px\" \/><\/a><p id=\"caption-attachment-9274\" class=\"wp-caption-text\">Unter all den meist schwarzen BMW dann auch diese schneeweisse R69.<\/p><\/div>\n<div id=\"attachment_9275\" style=\"width: 510px\" class=\"wp-caption alignnone\"><a href=\"https:\/\/berni.fmode.de\/wordpress\/wp-content\/uploads\/pic10139.jpg\"><img loading=\"lazy\" decoding=\"async\" aria-describedby=\"caption-attachment-9275\" class=\"size-full wp-image-9275\" title=\"SV\" src=\"https:\/\/berni.fmode.de\/wordpress\/wp-content\/uploads\/pic10139.jpg\" alt=\"\" width=\"500\" height=\"375\" srcset=\"https:\/\/berni.fmode.de\/wordpress\/wp-content\/uploads\/pic10139.jpg 500w, https:\/\/berni.fmode.de\/wordpress\/wp-content\/uploads\/pic10139-300x225.jpg 300w, https:\/\/berni.fmode.de\/wordpress\/wp-content\/uploads\/pic10139-400x300.jpg 400w\" sizes=\"(max-width: 500px) 100vw, 500px\" \/><\/a><p id=\"caption-attachment-9275\" class=\"wp-caption-text\">Auch eine Auswahl an BMW-Rennmaschinen ist hier zu sehen, darunter auch eine der bekannten Muthig-BMW.<\/p><\/div>\n<div id=\"attachment_9276\" style=\"width: 510px\" class=\"wp-caption alignnone\"><a href=\"https:\/\/berni.fmode.de\/wordpress\/wp-content\/uploads\/pic11118.jpg\"><img loading=\"lazy\" decoding=\"async\" aria-describedby=\"caption-attachment-9276\" class=\"size-full wp-image-9276\" title=\"SV\" src=\"https:\/\/berni.fmode.de\/wordpress\/wp-content\/uploads\/pic11118.jpg\" alt=\"\" width=\"500\" height=\"375\" srcset=\"https:\/\/berni.fmode.de\/wordpress\/wp-content\/uploads\/pic11118.jpg 500w, https:\/\/berni.fmode.de\/wordpress\/wp-content\/uploads\/pic11118-300x225.jpg 300w, https:\/\/berni.fmode.de\/wordpress\/wp-content\/uploads\/pic11118-400x300.jpg 400w\" sizes=\"(max-width: 500px) 100vw, 500px\" \/><\/a><p id=\"caption-attachment-9276\" class=\"wp-caption-text\">Anschliessend f\u00fchrt uns Klaus \u00fcber verschlungene Wege nach Kreuztal, wo eine Tula zu verkaufen ist.<\/p><\/div>\n<div id=\"attachment_9277\" style=\"width: 510px\" class=\"wp-caption alignnone\"><a href=\"https:\/\/berni.fmode.de\/wordpress\/wp-content\/uploads\/pic12110.jpg\"><img loading=\"lazy\" decoding=\"async\" aria-describedby=\"caption-attachment-9277\" class=\"size-full wp-image-9277\" title=\"SV\" src=\"https:\/\/berni.fmode.de\/wordpress\/wp-content\/uploads\/pic12110.jpg\" alt=\"\" width=\"500\" height=\"375\" srcset=\"https:\/\/berni.fmode.de\/wordpress\/wp-content\/uploads\/pic12110.jpg 500w, https:\/\/berni.fmode.de\/wordpress\/wp-content\/uploads\/pic12110-300x225.jpg 300w, https:\/\/berni.fmode.de\/wordpress\/wp-content\/uploads\/pic12110-400x300.jpg 400w\" sizes=\"(max-width: 500px) 100vw, 500px\" \/><\/a><p id=\"caption-attachment-9277\" class=\"wp-caption-text\">Und da steht sie: Motor l\u00e4uft, ein paar Fehlteile gibts und vor allem: Diese Tula hat deutsche Papiere. Peter, der Besitzer, hat das gute St\u00fcck aus Moldawien eingef\u00fchrt und dann m\u00fchsam eine deutsche Zulassung erreicht.<\/p><\/div>\n<div id=\"attachment_9278\" style=\"width: 510px\" class=\"wp-caption alignnone\"><a href=\"https:\/\/berni.fmode.de\/wordpress\/wp-content\/uploads\/pic13103.jpg\"><img loading=\"lazy\" decoding=\"async\" aria-describedby=\"caption-attachment-9278\" class=\"size-full wp-image-9278\" title=\"SV\" src=\"https:\/\/berni.fmode.de\/wordpress\/wp-content\/uploads\/pic13103.jpg\" alt=\"\" width=\"500\" height=\"375\" srcset=\"https:\/\/berni.fmode.de\/wordpress\/wp-content\/uploads\/pic13103.jpg 500w, https:\/\/berni.fmode.de\/wordpress\/wp-content\/uploads\/pic13103-300x225.jpg 300w, https:\/\/berni.fmode.de\/wordpress\/wp-content\/uploads\/pic13103-400x300.jpg 400w\" sizes=\"(max-width: 500px) 100vw, 500px\" \/><\/a><p id=\"caption-attachment-9278\" class=\"wp-caption-text\">Die Tula sollte urspr\u00fcmglich ein Geschenk f\u00fcr Peters Frau sein. Die hat n\u00e4mlich fr\u00fcher in Russland ihre Kinder jeden Morgen in die Schule gefahren &#8211; auf der Ladefl\u00e4che der Tula. Aber irgendwie konnte man diese Sache nicht auf deutsche Verh\u00e4ltnisse \u00fcbertragen. Ach ja: Nach einem Telefonat mit Christian in Potsdam kauft Egon die Tula. Die beiden werden das Lastendreirad unter sich aufteilen.<\/p><\/div>\n<div id=\"attachment_9279\" style=\"width: 510px\" class=\"wp-caption alignnone\"><a href=\"https:\/\/berni.fmode.de\/wordpress\/wp-content\/uploads\/pic1490.jpg\"><img loading=\"lazy\" decoding=\"async\" aria-describedby=\"caption-attachment-9279\" class=\"size-full wp-image-9279\" title=\"SV\" src=\"https:\/\/berni.fmode.de\/wordpress\/wp-content\/uploads\/pic1490.jpg\" alt=\"\" width=\"500\" height=\"375\" srcset=\"https:\/\/berni.fmode.de\/wordpress\/wp-content\/uploads\/pic1490.jpg 500w, https:\/\/berni.fmode.de\/wordpress\/wp-content\/uploads\/pic1490-300x225.jpg 300w, https:\/\/berni.fmode.de\/wordpress\/wp-content\/uploads\/pic1490-400x300.jpg 400w\" sizes=\"(max-width: 500px) 100vw, 500px\" \/><\/a><p id=\"caption-attachment-9279\" class=\"wp-caption-text\">Weiter gehts jetzt zu Klaus nach Hause. Seine Untermieter haben dieses Planeta-Gespann, dass ich kaufen k\u00f6nnte. Aber ich befinde mich auf der Welle der Vernunft und kaufe gar nichts mehr &#8211; vorerst zumindest. Und die letzten Kilometer bis zu Klaus tauschen Uwe ich ich die Maschinen und so komme ich zu meiner ersten Fahrt auf einer Honda NTV. War eine ganz positive Erfahrung.<\/p><\/div>\n<div id=\"attachment_9280\" style=\"width: 510px\" class=\"wp-caption alignnone\"><a href=\"https:\/\/berni.fmode.de\/wordpress\/wp-content\/uploads\/pic1580.jpg\"><img loading=\"lazy\" decoding=\"async\" aria-describedby=\"caption-attachment-9280\" class=\"size-full wp-image-9280\" title=\"SV\" src=\"https:\/\/berni.fmode.de\/wordpress\/wp-content\/uploads\/pic1580.jpg\" alt=\"\" width=\"500\" height=\"375\" srcset=\"https:\/\/berni.fmode.de\/wordpress\/wp-content\/uploads\/pic1580.jpg 500w, https:\/\/berni.fmode.de\/wordpress\/wp-content\/uploads\/pic1580-300x225.jpg 300w, https:\/\/berni.fmode.de\/wordpress\/wp-content\/uploads\/pic1580-400x300.jpg 400w\" sizes=\"(max-width: 500px) 100vw, 500px\" \/><\/a><p id=\"caption-attachment-9280\" class=\"wp-caption-text\">Abschliessend zu Kaffee und Erdbeertorte bei Klaus und Gattin. Herrlich entspannend ist es jetzt, bei lockerem Gespr\u00e4ch auf dem Balkon \u00fcber den D\u00e4chern von Kreuztal zu sitzen. Ein bisschen vergessen wir Zeit und Raum und verpassen so zwangsl\u00e4ufig unsere Verabredung um 17:00 zuhause. Wir starten erst gegen 18:00 wieder und sind damit um 19:30 wieder im heimischen Vogelsberg &#8211; also viel zu sp\u00e4t. Aber was soll&#8217;s.<\/p><\/div>\n<p>&nbsp;<\/p>\n<div id=\"attachment_9281\" style=\"width: 510px\" class=\"wp-caption alignnone\"><a href=\"https:\/\/berni.fmode.de\/wordpress\/wp-content\/uploads\/pic1669.jpg\"><img loading=\"lazy\" decoding=\"async\" aria-describedby=\"caption-attachment-9281\" class=\"size-full wp-image-9281\" title=\"SV\" src=\"https:\/\/berni.fmode.de\/wordpress\/wp-content\/uploads\/pic1669.jpg\" alt=\"\" width=\"500\" height=\"375\" srcset=\"https:\/\/berni.fmode.de\/wordpress\/wp-content\/uploads\/pic1669.jpg 500w, https:\/\/berni.fmode.de\/wordpress\/wp-content\/uploads\/pic1669-300x225.jpg 300w, https:\/\/berni.fmode.de\/wordpress\/wp-content\/uploads\/pic1669-400x300.jpg 400w\" sizes=\"(max-width: 500px) 100vw, 500px\" \/><\/a><p id=\"caption-attachment-9281\" class=\"wp-caption-text\">Der relativ lange Tag hat unsere Konzentration doch ein wenig mitgenommen &#8211; und so verfransen wir uns auf der R\u00fcckfahrt zweimal &#8211; aber nur gaaanz wenig. Bei immer noch herrlich warmen Wetter zuckeln wir \u00fcber das Hinterland und das Gladenbacher Bergland zur\u00fcck in die Heimat. Am Ende des sch\u00f6nen Sonntages haben unsere drei Japaner knapp 260 km mehr auf der Uhr als vorher.<\/p><\/div>\n","protected":false},"excerpt":{"rendered":"<p>Schon vor ein paar Tagen haben Egon und ich uns f\u00fcr diesen Sonntag mit Klaus aus dem MZ-Forum verabredet. Wir wollen uns eine weitere Tula ansehen, von der Klaus berichtet hat. F\u00fcr uns Vogelsberger ist der Landstrich am Dreil\u00e4ndereck Hessen, &hellip; <a href=\"https:\/\/berni.fmode.de\/wordpress\/?p=150\">Weiterlesen <span class=\"meta-nav\">&rarr;<\/span><\/a><\/p>\n","protected":false},"author":1,"featured_media":0,"comment_status":"closed","ping_status":"closed","sticky":false,"template":"","format":"standard","meta":{"footnotes":""},"categories":[7],"tags":[],"_links":{"self":[{"href":"https:\/\/berni.fmode.de\/wordpress\/index.php?rest_route=\/wp\/v2\/posts\/150"}],"collection":[{"href":"https:\/\/berni.fmode.de\/wordpress\/index.php?rest_route=\/wp\/v2\/posts"}],"about":[{"href":"https:\/\/berni.fmode.de\/wordpress\/index.php?rest_route=\/wp\/v2\/types\/post"}],"author":[{"embeddable":true,"href":"https:\/\/berni.fmode.de\/wordpress\/index.php?rest_route=\/wp\/v2\/users\/1"}],"replies":[{"embeddable":true,"href":"https:\/\/berni.fmode.de\/wordpress\/index.php?rest_route=%2Fwp%2Fv2%2Fcomments&post=150"}],"version-history":[{"count":6,"href":"https:\/\/berni.fmode.de\/wordpress\/index.php?rest_route=\/wp\/v2\/posts\/150\/revisions"}],"predecessor-version":[{"id":166,"href":"https:\/\/berni.fmode.de\/wordpress\/index.php?rest_route=\/wp\/v2\/posts\/150\/revisions\/166"}],"wp:attachment":[{"href":"https:\/\/berni.fmode.de\/wordpress\/index.php?rest_route=%2Fwp%2Fv2%2Fmedia&parent=150"}],"wp:term":[{"taxonomy":"category","embeddable":true,"href":"https:\/\/berni.fmode.de\/wordpress\/index.php?rest_route=%2Fwp%2Fv2%2Fcategories&post=150"},{"taxonomy":"post_tag","embeddable":true,"href":"https:\/\/berni.fmode.de\/wordpress\/index.php?rest_route=%2Fwp%2Fv2%2Ftags&post=150"}],"curies":[{"name":"wp","href":"https:\/\/api.w.org\/{rel}","templated":true}]}}