{"id":1452,"date":"2007-06-03T10:48:52","date_gmt":"2007-06-03T09:48:52","guid":{"rendered":"http:\/\/berni.fmode.de\/wordpress\/?p=1452"},"modified":"2012-02-29T13:49:46","modified_gmt":"2012-02-29T12:49:46","slug":"scout-fur-das-forumstreffen-bei-leipzig","status":"publish","type":"post","link":"https:\/\/berni.fmode.de\/wordpress\/?p=1452","title":{"rendered":"Scout f\u00fcr das Forumstreffen bei Leipzig"},"content":{"rendered":"<p>Ein bew\u00f6lkter Sonntag mit einer Regenwahrscheinlichkeit von unter 10 %, das ist ein Tag nach meinem Geschmack. Wenns denn regnen will &#8211; von mir aus. Tuts aber nicht, nur ganz wenige Tropfen lassen sich blicken. Im Th\u00fcringer Wald sind allerdings noch viele Strassen im Wald nass vom Regen. Ich hab mir vorgenommen, mit der Silverstar den etwas kniffeligen Weg von Eisenach nach Bad Langensalza auszukundschaften. Beim letzten EIsenach-Besuch mit dem Gespann hatte ich kein Hinweisschild in meine Richtung gefunden. Also mach ich heute meinen eigenen <span style=\"color: #333333;\"><span style=\"color: #333333;\"> Scout f\u00fcr das Forumstreffen bei Leipzig.<\/span><\/span><\/p>\n<p>Fahre \u00fcber das Gr\u00fcndchen nach Bad Hersfeld und von dort via Philippstal und Heringen nach Eisenach. In Marksuhl wird mal wieder getankt, und dort frage ich schon mal nach einem guten Weg durch Eisenach. Der Tankwart erkl\u00e4rts auch wirklich prima: &#8222;In Eisenach an der Tankstelle links und dann hinter den beiden Eisenbahnbr\u00fccken sofort rechts&#8220;. Klingt einfach, aber ich schaffs wieder, mich zu verfahren. Ist aber auch wirklich bl\u00f6d beschildert bzw. \u00fcberhaupt nicht beschildert. Aber das mit den beiden Br\u00fccken l\u00e4sst sich merken &#8211; hoffe ich.<\/p>\n<div style=\"width: 410px\" class=\"wp-caption alignnone\"><img loading=\"lazy\" decoding=\"async\" class=\" \" title=\"Silverstar\" src=\"http:\/\/berni.fmode.de\/www\/mz\/silverstar\/2007\/20070603\/pic01.jpg\" alt=\"\" width=\"400\" height=\"300\" \/><p class=\"wp-caption-text\">Im Gr\u00fcndchen, also in der Gegend um Grebenau, sieht es permanent nach Regen aus. So bleibt es bis Eisenach, und dennoch bleibe ich trocken.<\/p><\/div>\n<div style=\"width: 410px\" class=\"wp-caption alignnone\"><img loading=\"lazy\" decoding=\"async\" class=\" \" title=\"Silverstar\" src=\"http:\/\/berni.fmode.de\/www\/mz\/silverstar\/2007\/20070603\/pic02.jpg\" alt=\"\" width=\"400\" height=\"300\" \/><p class=\"wp-caption-text\">Rast bei Vacha an der Kl\u00e4ranlage mit eigenem Transformator.<\/p><\/div>\n<div style=\"width: 410px\" class=\"wp-caption alignnone\"><img loading=\"lazy\" decoding=\"async\" class=\" \" title=\"Silverstar\" src=\"http:\/\/berni.fmode.de\/www\/mz\/silverstar\/2007\/20070603\/pic03.jpg\" alt=\"\" width=\"400\" height=\"300\" \/><p class=\"wp-caption-text\">Hier habe ich Eisenach hinter mir gelassen und bin kurz vor Creuzburg, also wieder v\u00f6llig falsch. Bin auf der B84 geblieben, anstatt hinter den beiden Eisenbahnbr\u00fccken recht abzubiegen. Also zur\u00fcck, und jetzt klappts: Ich fahre ein St\u00fcck in Richtung Bad Langensalza.<\/p><\/div>\n<div style=\"width: 410px\" class=\"wp-caption alignnone\"><img loading=\"lazy\" decoding=\"async\" class=\" \" title=\"Silverstar\" src=\"http:\/\/berni.fmode.de\/www\/mz\/silverstar\/2007\/20070603\/pic04.jpg\" alt=\"\" width=\"400\" height=\"300\" \/><p class=\"wp-caption-text\">Auf dem R\u00fcckweg gibts von Geisa eine herrliche Umleitung in Richtung Tann, auf winzigen Strassen durch die Kuppige Rh\u00f6n. Biege aber vor Tann ins N\u00fcsttal ab und fahre zum ersten mal im Leben nach Haselstein und von dort \u00fcber Schlitz nach Hause. In Schlitz gibts bei Yamaha-Z\u00f6ller eine Pause und ich schau mit die MT03 an - einschliesslich Sitzprobe. Wir vereinbaren eine Probefahrt!<\/p><\/div>\n<div style=\"width: 410px\" class=\"wp-caption alignnone\"><img loading=\"lazy\" decoding=\"async\" class=\" \" title=\"Silverstar\" src=\"http:\/\/berni.fmode.de\/www\/mz\/silverstar\/2007\/20070603\/pic05.jpg\" alt=\"\" width=\"400\" height=\"300\" \/><p class=\"wp-caption-text\">Nach einem kurzen Abstecher im Oldtimer Cafe (heute ist die Kundschaft nix f\u00fcr mich) fahre ich \u00fcber die extremen Kurven des alten Schottenringes dann wirklich in Richtung Heimat. Bei Altenhain gibts einen letzten Blick auf das Kurvenst\u00fcck in Richtung Freienseen.<\/p><\/div>\n<p>&nbsp;<\/p>\n","protected":false},"excerpt":{"rendered":"<p>Ein bew\u00f6lkter Sonntag mit einer Regenwahrscheinlichkeit von unter 10 %, das ist ein Tag nach meinem Geschmack. Wenns denn regnen will &#8211; von mir aus. Tuts aber nicht, nur ganz wenige Tropfen lassen sich blicken. Im Th\u00fcringer Wald sind allerdings &hellip; <a href=\"https:\/\/berni.fmode.de\/wordpress\/?p=1452\">Weiterlesen <span class=\"meta-nav\">&rarr;<\/span><\/a><\/p>\n","protected":false},"author":1,"featured_media":0,"comment_status":"closed","ping_status":"closed","sticky":false,"template":"","format":"standard","meta":{"footnotes":""},"categories":[20],"tags":[],"_links":{"self":[{"href":"https:\/\/berni.fmode.de\/wordpress\/index.php?rest_route=\/wp\/v2\/posts\/1452"}],"collection":[{"href":"https:\/\/berni.fmode.de\/wordpress\/index.php?rest_route=\/wp\/v2\/posts"}],"about":[{"href":"https:\/\/berni.fmode.de\/wordpress\/index.php?rest_route=\/wp\/v2\/types\/post"}],"author":[{"embeddable":true,"href":"https:\/\/berni.fmode.de\/wordpress\/index.php?rest_route=\/wp\/v2\/users\/1"}],"replies":[{"embeddable":true,"href":"https:\/\/berni.fmode.de\/wordpress\/index.php?rest_route=%2Fwp%2Fv2%2Fcomments&post=1452"}],"version-history":[{"count":3,"href":"https:\/\/berni.fmode.de\/wordpress\/index.php?rest_route=\/wp\/v2\/posts\/1452\/revisions"}],"predecessor-version":[{"id":6509,"href":"https:\/\/berni.fmode.de\/wordpress\/index.php?rest_route=\/wp\/v2\/posts\/1452\/revisions\/6509"}],"wp:attachment":[{"href":"https:\/\/berni.fmode.de\/wordpress\/index.php?rest_route=%2Fwp%2Fv2%2Fmedia&parent=1452"}],"wp:term":[{"taxonomy":"category","embeddable":true,"href":"https:\/\/berni.fmode.de\/wordpress\/index.php?rest_route=%2Fwp%2Fv2%2Fcategories&post=1452"},{"taxonomy":"post_tag","embeddable":true,"href":"https:\/\/berni.fmode.de\/wordpress\/index.php?rest_route=%2Fwp%2Fv2%2Ftags&post=1452"}],"curies":[{"name":"wp","href":"https:\/\/api.w.org\/{rel}","templated":true}]}}