{"id":13858,"date":"2013-10-02T19:12:21","date_gmt":"2013-10-02T18:12:21","guid":{"rendered":"http:\/\/berni.fmode.de\/wordpress\/?p=13858"},"modified":"2013-10-15T17:39:54","modified_gmt":"2013-10-15T16:39:54","slug":"fahrtwind","status":"publish","type":"post","link":"https:\/\/berni.fmode.de\/wordpress\/?p=13858","title":{"rendered":"Fahrtwind"},"content":{"rendered":"<p>Ein Herbsttag wie aus dem Bilderbuch &#8211; so erscheint es auf den ersten Blick. Aber es weht ein fieser, kalter Ostwind. Den sieht man zwar nicht, aber sp\u00fcrt ihn um so mehr. Dennoch entschlie\u00dfe ich mich, meine Besorgungsfahrten offen im Cabrio vorzunehmen. Dazu packe ich mich ordentlich dick ein: Jacke mit Innenfell, gef\u00fctterte Lederhaube, Multifunktionstuch um den Hals und dazu noch ein langer Schal. So iist es auszuhalten und dank aufgedrehter Heizung wird das eine richtig tolle kleine Cabriofahrt.<\/p>\n<div id=\"attachment_13859\" style=\"width: 594px\" class=\"wp-caption aligncenter\"><a href=\"https:\/\/berni.fmode.de\/wordpress\/wp-content\/uploads\/pic01674.jpg\"><img loading=\"lazy\" decoding=\"async\" aria-describedby=\"caption-attachment-13859\" class=\" wp-image-13859\" alt=\"MG\" src=\"https:\/\/berni.fmode.de\/wordpress\/wp-content\/uploads\/pic01674-1024x768.jpg\" width=\"584\" height=\"438\" srcset=\"https:\/\/berni.fmode.de\/wordpress\/wp-content\/uploads\/pic01674-1024x768.jpg 1024w, https:\/\/berni.fmode.de\/wordpress\/wp-content\/uploads\/pic01674-300x225.jpg 300w, https:\/\/berni.fmode.de\/wordpress\/wp-content\/uploads\/pic01674-400x300.jpg 400w, https:\/\/berni.fmode.de\/wordpress\/wp-content\/uploads\/pic01674.jpg 1200w\" sizes=\"(max-width: 584px) 100vw, 584px\" \/><\/a><p id=\"caption-attachment-13859\" class=\"wp-caption-text\">Man lasse sich von dem Sonnenschein nicht t\u00e4uschen &#8211; der Ostwind macht es um gef\u00fchlte 10\u00b0C k\u00e4lter.<\/p><\/div>\n<div id=\"attachment_13860\" style=\"width: 594px\" class=\"wp-caption aligncenter\"><a href=\"https:\/\/berni.fmode.de\/wordpress\/wp-content\/uploads\/pic02657.jpg\"><img loading=\"lazy\" decoding=\"async\" aria-describedby=\"caption-attachment-13860\" class=\" wp-image-13860\" alt=\"MG\" src=\"https:\/\/berni.fmode.de\/wordpress\/wp-content\/uploads\/pic02657-1024x768.jpg\" width=\"584\" height=\"438\" srcset=\"https:\/\/berni.fmode.de\/wordpress\/wp-content\/uploads\/pic02657-1024x768.jpg 1024w, https:\/\/berni.fmode.de\/wordpress\/wp-content\/uploads\/pic02657-300x225.jpg 300w, https:\/\/berni.fmode.de\/wordpress\/wp-content\/uploads\/pic02657-400x300.jpg 400w, https:\/\/berni.fmode.de\/wordpress\/wp-content\/uploads\/pic02657.jpg 1200w\" sizes=\"(max-width: 584px) 100vw, 584px\" \/><\/a><p id=\"caption-attachment-13860\" class=\"wp-caption-text\">Sch\u00f6n ist&#8217;s im Vogelsberg &#8211; aber das ist ja nix neues.<\/p><\/div>\n<div id=\"attachment_13861\" style=\"width: 594px\" class=\"wp-caption aligncenter\"><a href=\"https:\/\/berni.fmode.de\/wordpress\/wp-content\/uploads\/pic03616.jpg\"><img loading=\"lazy\" decoding=\"async\" aria-describedby=\"caption-attachment-13861\" class=\" wp-image-13861\" alt=\"MG\" src=\"https:\/\/berni.fmode.de\/wordpress\/wp-content\/uploads\/pic03616-1024x768.jpg\" width=\"584\" height=\"438\" srcset=\"https:\/\/berni.fmode.de\/wordpress\/wp-content\/uploads\/pic03616-1024x768.jpg 1024w, https:\/\/berni.fmode.de\/wordpress\/wp-content\/uploads\/pic03616-300x225.jpg 300w, https:\/\/berni.fmode.de\/wordpress\/wp-content\/uploads\/pic03616-400x300.jpg 400w, https:\/\/berni.fmode.de\/wordpress\/wp-content\/uploads\/pic03616.jpg 1200w\" sizes=\"(max-width: 584px) 100vw, 584px\" \/><\/a><p id=\"caption-attachment-13861\" class=\"wp-caption-text\">Ein bisschen wie von einem anderen Stern &#8211; und damit meine ich nicht den MG.<\/p><\/div>\n<div id=\"attachment_13862\" style=\"width: 594px\" class=\"wp-caption aligncenter\"><a href=\"https:\/\/berni.fmode.de\/wordpress\/wp-content\/uploads\/pic04560.jpg\"><img loading=\"lazy\" decoding=\"async\" aria-describedby=\"caption-attachment-13862\" class=\" wp-image-13862\" alt=\"MG\" src=\"https:\/\/berni.fmode.de\/wordpress\/wp-content\/uploads\/pic04560-1024x768.jpg\" width=\"584\" height=\"438\" srcset=\"https:\/\/berni.fmode.de\/wordpress\/wp-content\/uploads\/pic04560-1024x768.jpg 1024w, https:\/\/berni.fmode.de\/wordpress\/wp-content\/uploads\/pic04560-300x225.jpg 300w, https:\/\/berni.fmode.de\/wordpress\/wp-content\/uploads\/pic04560-400x300.jpg 400w, https:\/\/berni.fmode.de\/wordpress\/wp-content\/uploads\/pic04560.jpg 1200w\" sizes=\"(max-width: 584px) 100vw, 584px\" \/><\/a><p id=\"caption-attachment-13862\" class=\"wp-caption-text\">Mitten auf dem flachen Land dann an einer kleinen Tankstelle diese beiden historischen Cabrios: Jaguar XK120 und Mercedes Benz. Das l\u00e4sst mich auf der Stelle drehen und ein Foto schiessen. Die kleine Truppe aus Berlin bzw. dem Ilmkreis ist einfach nur zum Spa\u00df eine Woche mit den Cabrios unterwegs und f\u00e4hrt dabei quer durch Deutschland. Traumhaft!<\/p><\/div>\n<div id=\"attachment_13863\" style=\"width: 594px\" class=\"wp-caption aligncenter\"><a href=\"https:\/\/berni.fmode.de\/wordpress\/wp-content\/uploads\/pic05482.jpg\"><img loading=\"lazy\" decoding=\"async\" aria-describedby=\"caption-attachment-13863\" class=\" wp-image-13863\" alt=\"MG\" src=\"https:\/\/berni.fmode.de\/wordpress\/wp-content\/uploads\/pic05482-1024x768.jpg\" width=\"584\" height=\"438\" srcset=\"https:\/\/berni.fmode.de\/wordpress\/wp-content\/uploads\/pic05482-1024x768.jpg 1024w, https:\/\/berni.fmode.de\/wordpress\/wp-content\/uploads\/pic05482-300x225.jpg 300w, https:\/\/berni.fmode.de\/wordpress\/wp-content\/uploads\/pic05482-400x300.jpg 400w, https:\/\/berni.fmode.de\/wordpress\/wp-content\/uploads\/pic05482.jpg 1200w\" sizes=\"(max-width: 584px) 100vw, 584px\" \/><\/a><p id=\"caption-attachment-13863\" class=\"wp-caption-text\">Meine heutige Bekleidung ist tats\u00e4chlich ein wenig &#8230;. ungew\u00f6hnlich, daf\u00fcr aber sehr praktisch. Zu keiner Zeit kommt K\u00e4lte durch.<\/p><\/div>\n<div id=\"attachment_13864\" style=\"width: 594px\" class=\"wp-caption aligncenter\"><a href=\"https:\/\/berni.fmode.de\/wordpress\/wp-content\/uploads\/pic06416.jpg\"><img loading=\"lazy\" decoding=\"async\" aria-describedby=\"caption-attachment-13864\" class=\" wp-image-13864\" alt=\"MG\" src=\"https:\/\/berni.fmode.de\/wordpress\/wp-content\/uploads\/pic06416-1024x768.jpg\" width=\"584\" height=\"438\" srcset=\"https:\/\/berni.fmode.de\/wordpress\/wp-content\/uploads\/pic06416-1024x768.jpg 1024w, https:\/\/berni.fmode.de\/wordpress\/wp-content\/uploads\/pic06416-300x225.jpg 300w, https:\/\/berni.fmode.de\/wordpress\/wp-content\/uploads\/pic06416-400x300.jpg 400w, https:\/\/berni.fmode.de\/wordpress\/wp-content\/uploads\/pic06416.jpg 1200w\" sizes=\"(max-width: 584px) 100vw, 584px\" \/><\/a><p id=\"caption-attachment-13864\" class=\"wp-caption-text\">Auf solchen Str\u00e4\u00dfchen frage ich mich, ob es wirklich n\u00f6tig ist, nach \u00d6sterreich, S\u00fcdfrankreich, in die Toskana oder nach Kent zu fahren. Und trotz aller heimatlichen Sch\u00f6nheit lautet die Antwort auf diese Frage: Ja, es ist n\u00f6tig.<\/p><\/div>\n<div id=\"attachment_13865\" style=\"width: 594px\" class=\"wp-caption aligncenter\"><a href=\"https:\/\/berni.fmode.de\/wordpress\/wp-content\/uploads\/pic07371.jpg\"><img loading=\"lazy\" decoding=\"async\" aria-describedby=\"caption-attachment-13865\" class=\" wp-image-13865\" alt=\"MG\" src=\"https:\/\/berni.fmode.de\/wordpress\/wp-content\/uploads\/pic07371-1024x768.jpg\" width=\"584\" height=\"438\" srcset=\"https:\/\/berni.fmode.de\/wordpress\/wp-content\/uploads\/pic07371-1024x768.jpg 1024w, https:\/\/berni.fmode.de\/wordpress\/wp-content\/uploads\/pic07371-300x225.jpg 300w, https:\/\/berni.fmode.de\/wordpress\/wp-content\/uploads\/pic07371-400x300.jpg 400w, https:\/\/berni.fmode.de\/wordpress\/wp-content\/uploads\/pic07371.jpg 1200w\" sizes=\"(max-width: 584px) 100vw, 584px\" \/><\/a><p id=\"caption-attachment-13865\" class=\"wp-caption-text\">Neulich in Kent. Solche Stra\u00dfen gibt es aber nicht nur im Garten Englands, sondern auch mitten im Vogelsberg.<\/p><\/div>\n<div id=\"attachment_13866\" style=\"width: 594px\" class=\"wp-caption aligncenter\"><a href=\"https:\/\/berni.fmode.de\/wordpress\/wp-content\/uploads\/pic08319.jpg\"><img loading=\"lazy\" decoding=\"async\" aria-describedby=\"caption-attachment-13866\" class=\" wp-image-13866\" alt=\"MG\" src=\"https:\/\/berni.fmode.de\/wordpress\/wp-content\/uploads\/pic08319-1024x768.jpg\" width=\"584\" height=\"438\" srcset=\"https:\/\/berni.fmode.de\/wordpress\/wp-content\/uploads\/pic08319-1024x768.jpg 1024w, https:\/\/berni.fmode.de\/wordpress\/wp-content\/uploads\/pic08319-300x225.jpg 300w, https:\/\/berni.fmode.de\/wordpress\/wp-content\/uploads\/pic08319-400x300.jpg 400w, https:\/\/berni.fmode.de\/wordpress\/wp-content\/uploads\/pic08319.jpg 1200w\" sizes=\"(max-width: 584px) 100vw, 584px\" \/><\/a><p id=\"caption-attachment-13866\" class=\"wp-caption-text\">Als es sp\u00e4ter wird, schliesse ich das Verdeck wieder, um dann &#8230;..<\/p><\/div>\n<div id=\"attachment_13867\" style=\"width: 594px\" class=\"wp-caption aligncenter\"><a href=\"https:\/\/berni.fmode.de\/wordpress\/wp-content\/uploads\/pic09276.jpg\"><img loading=\"lazy\" decoding=\"async\" aria-describedby=\"caption-attachment-13867\" class=\" wp-image-13867\" alt=\"MG\" src=\"https:\/\/berni.fmode.de\/wordpress\/wp-content\/uploads\/pic09276-1024x768.jpg\" width=\"584\" height=\"438\" srcset=\"https:\/\/berni.fmode.de\/wordpress\/wp-content\/uploads\/pic09276-1024x768.jpg 1024w, https:\/\/berni.fmode.de\/wordpress\/wp-content\/uploads\/pic09276-300x225.jpg 300w, https:\/\/berni.fmode.de\/wordpress\/wp-content\/uploads\/pic09276-400x300.jpg 400w, https:\/\/berni.fmode.de\/wordpress\/wp-content\/uploads\/pic09276.jpg 1200w\" sizes=\"(max-width: 584px) 100vw, 584px\" \/><\/a><p id=\"caption-attachment-13867\" class=\"wp-caption-text\">&#8230;.. einsam der untergehenden Sonne entgegen zu fahren.<\/p><\/div>\n<p style=\"text-align: center;\">\n","protected":false},"excerpt":{"rendered":"<p>Ein Herbsttag wie aus dem Bilderbuch &#8211; so erscheint es auf den ersten Blick. Aber es weht ein fieser, kalter Ostwind. Den sieht man zwar nicht, aber sp\u00fcrt ihn um so mehr. Dennoch entschlie\u00dfe ich mich, meine Besorgungsfahrten offen im &hellip; <a href=\"https:\/\/berni.fmode.de\/wordpress\/?p=13858\">Weiterlesen <span class=\"meta-nav\">&rarr;<\/span><\/a><\/p>\n","protected":false},"author":1,"featured_media":0,"comment_status":"closed","ping_status":"closed","sticky":false,"template":"","format":"standard","meta":{"footnotes":""},"categories":[37],"tags":[],"_links":{"self":[{"href":"https:\/\/berni.fmode.de\/wordpress\/index.php?rest_route=\/wp\/v2\/posts\/13858"}],"collection":[{"href":"https:\/\/berni.fmode.de\/wordpress\/index.php?rest_route=\/wp\/v2\/posts"}],"about":[{"href":"https:\/\/berni.fmode.de\/wordpress\/index.php?rest_route=\/wp\/v2\/types\/post"}],"author":[{"embeddable":true,"href":"https:\/\/berni.fmode.de\/wordpress\/index.php?rest_route=\/wp\/v2\/users\/1"}],"replies":[{"embeddable":true,"href":"https:\/\/berni.fmode.de\/wordpress\/index.php?rest_route=%2Fwp%2Fv2%2Fcomments&post=13858"}],"version-history":[{"count":1,"href":"https:\/\/berni.fmode.de\/wordpress\/index.php?rest_route=\/wp\/v2\/posts\/13858\/revisions"}],"predecessor-version":[{"id":13868,"href":"https:\/\/berni.fmode.de\/wordpress\/index.php?rest_route=\/wp\/v2\/posts\/13858\/revisions\/13868"}],"wp:attachment":[{"href":"https:\/\/berni.fmode.de\/wordpress\/index.php?rest_route=%2Fwp%2Fv2%2Fmedia&parent=13858"}],"wp:term":[{"taxonomy":"category","embeddable":true,"href":"https:\/\/berni.fmode.de\/wordpress\/index.php?rest_route=%2Fwp%2Fv2%2Fcategories&post=13858"},{"taxonomy":"post_tag","embeddable":true,"href":"https:\/\/berni.fmode.de\/wordpress\/index.php?rest_route=%2Fwp%2Fv2%2Ftags&post=13858"}],"curies":[{"name":"wp","href":"https:\/\/api.w.org\/{rel}","templated":true}]}}