{"id":1367,"date":"2011-06-16T11:46:02","date_gmt":"2011-06-16T10:46:02","guid":{"rendered":"http:\/\/berni.fmode.de\/wordpress\/?p=1367"},"modified":"2012-01-10T10:49:39","modified_gmt":"2012-01-10T09:49:39","slug":"eine-fast-leere-scheune-das-schlaflabor-und-der-grosse-regen","status":"publish","type":"post","link":"https:\/\/berni.fmode.de\/wordpress\/?p=1367","title":{"rendered":"Eine fast leere Scheune, das Schlaflabor und der grosse Regen"},"content":{"rendered":"<p><a name=\"20110616\"><\/a>Nach der Hitze und Schw\u00fcle der letzten Tage wird es an diesem Donnerstag ab mittags pl\u00f6tzlich k\u00fchl und windig &#8211; ein Wetter nach meinem Geschmack. F\u00fcr 15:00 habe ich sowieso einen Termin und den verbinde ich mit einer kleinen 120 km Ausfahrt. Dabei erlebe ich so einiges, und zwar <span style=\"color: #333333;\"><span style=\"color: #333333;\">eine fast leere Scheune, das Schlaflabor und den grossen Regen.<\/span><\/span><\/p>\n<p>Obs am Wetter liegt oder an einem kleinen Hoch im Biorythmus: Das Gespannfahren geht mir heute ganz besonders leicht und gut von der Hand. Der Rotax und ich swingen um die Kurven, der ruppige Einzylinder dreht leichtf\u00fcssig hoch und ich geniesse diese Fahrt sehr. Am Horizont tauchen zwar immer wieder mal dicke schwarze Wolken auf, aber die ignoriere ich &#8211; und anfangs auch mit Erfolg. Gegen Ende der kleine Fahrt jedoch habe ich mein Gl\u00fcck einen Tick zu lange versucht, und das r\u00e4cht sich mit klatschnassen Klamotten. Aber ehrlich: Wen st\u00f6rt das schon?<\/p>\n<div style=\"width: 510px\" class=\"wp-caption alignnone\"><img loading=\"lazy\" decoding=\"async\" class=\" \" title=\"Gespann\" src=\"http:\/\/berni.fmode.de\/www\/mz\/gespann500\/2011\/0616\/pic01.jpg\" alt=\"\" width=\"500\" height=\"375\" \/><p class=\"wp-caption-text\">Zun\u00e4chst in &quot;meine&quot; Scheune im Ebsdorfergrund. Vor zwei Tagen habe ich s\u00e4mtliche Jawateile verkauft ......<\/p><\/div>\n<div style=\"width: 510px\" class=\"wp-caption alignnone\"><img loading=\"lazy\" decoding=\"async\" class=\" \" title=\"Gespann\" src=\"http:\/\/berni.fmode.de\/www\/mz\/gespann500\/2011\/0616\/pic02.jpg\" alt=\"\" width=\"500\" height=\"375\" \/><p class=\"wp-caption-text\">..... und so stellt sich die Scheune tats\u00e4chlich ziemlich leer dar. Vor drei Monaten stand hier noch alles brechend voll mit Ostb\u00f6cken. Ich kann aber sagen, dass mich der Verkauf sehr erleichtert, ich f\u00fchle mich ein bisschen freier.<\/p><\/div>\n<div style=\"width: 510px\" class=\"wp-caption alignnone\"><img loading=\"lazy\" decoding=\"async\" class=\" \" title=\"Gespann\" src=\"http:\/\/berni.fmode.de\/www\/mz\/gespann500\/2011\/0616\/pic03.jpg\" alt=\"\" width=\"500\" height=\"375\" \/><p class=\"wp-caption-text\">Da kommt schon beinahe so etwas wie Abschiedsstimmung auf, aber ganz so weit ist es noch nicht. Wenn aber Jens die restlichen Jupiterteile abholt und ich dann noch die 175er DKW verkaufe, dann, ja dann k\u00f6nnte ich die Scheune tats\u00e4chlich in absehbarer Zeit aufgeben.<\/p><\/div>\n<div style=\"width: 510px\" class=\"wp-caption alignnone\"><img loading=\"lazy\" decoding=\"async\" class=\" \" title=\"Gespann\" src=\"http:\/\/berni.fmode.de\/www\/mz\/gespann500\/2011\/0616\/pic04.jpg\" alt=\"\" width=\"500\" height=\"375\" \/><p class=\"wp-caption-text\">Weiter gehts nach Londorf zu meinem Termin. Aber vorher gibts erneut einen Blick auf das H\u00e4uschen in Londorf, dass mir immer noch ausnehmend gut gef\u00e4llt. Nur ob ich nach Londorf will, dass weiss ich noch immer nicht.<\/p><\/div>\n<div style=\"width: 510px\" class=\"wp-caption alignnone\"><img loading=\"lazy\" decoding=\"async\" class=\" \" title=\"Gespann\" src=\"http:\/\/berni.fmode.de\/www\/mz\/gespann500\/2011\/0616\/pic05.jpg\" alt=\"\" width=\"500\" height=\"375\" \/><p class=\"wp-caption-text\">Das ist mein Londorfer Termin: Das Schlaflabor. Ja, es ist so, ich schlafe schlecht und hier wird versucht, dass zu \u00e4ndern. Nicht, dass es mir noch irgendwann so geht wie in dem Neue-Deutsche-Welle-Lied aus den 80ern: &quot;Ich kann nicht schlafen, kann nicht mehr schlafen, mein Kopf wird zum Vampir&quot;. Wer weiss noch, von wem dieser Text stammt?<\/p><\/div>\n<div style=\"width: 510px\" class=\"wp-caption alignnone\"><img loading=\"lazy\" decoding=\"async\" class=\" \" title=\"Gespann\" src=\"http:\/\/berni.fmode.de\/www\/mz\/gespann500\/2011\/0616\/pic06.jpg\" alt=\"\" width=\"500\" height=\"375\" \/><p class=\"wp-caption-text\">Nach meinem Termin im Schlaflabor steht die gesamte weibliche Belegschaft um mein Gespann herum - die Ladies finden das Dreirad recht cool. Anfangs glaubte ich beinahe, dass dies kein Schlaflabor sondern eine Model-Agentur sei - so gut sehen die M\u00e4dels aus, und zwar ausnahmslos alle.<\/p><\/div>\n<div style=\"width: 510px\" class=\"wp-caption alignnone\"><img loading=\"lazy\" decoding=\"async\" class=\" \" title=\"Gespann\" src=\"http:\/\/berni.fmode.de\/www\/mz\/gespann500\/2011\/0616\/pic07.jpg\" alt=\"\" width=\"500\" height=\"375\" \/><p class=\"wp-caption-text\">Auf der R\u00fcckfahrt durch die Rabenau wird der Wind noch st\u00e4rker und treibt die dunkelen Wolkenfetzen immer schneller \u00fcber den grau-blauen Himmel. Ist aber immer noch ein Wetterchen nach meinem Geschmack.<\/p><\/div>\n<div style=\"width: 510px\" class=\"wp-caption alignnone\"><img loading=\"lazy\" decoding=\"async\" class=\" \" title=\"Gespann\" src=\"http:\/\/berni.fmode.de\/www\/mz\/gespann500\/2011\/0616\/pic08.jpg\" alt=\"\" width=\"500\" height=\"375\" \/><p class=\"wp-caption-text\">Noch mal ein Blick auf das unscheinbare H\u00e4uschen im Gr\u00fcnberger Umland - es f\u00e4ngt an, mir zu gefallen. Ist es vielleicht der Reiz des Einfachen, des Schlichten?<\/p><\/div>\n<div style=\"width: 510px\" class=\"wp-caption alignnone\"><img loading=\"lazy\" decoding=\"async\" class=\" \" title=\"Gespann\" src=\"http:\/\/berni.fmode.de\/www\/mz\/gespann500\/2011\/0616\/pic09.jpg\" alt=\"\" width=\"500\" height=\"375\" \/><p class=\"wp-caption-text\">Arbeitspferde am Erzweg.<\/p><\/div>\n<div style=\"width: 510px\" class=\"wp-caption alignnone\"><img loading=\"lazy\" decoding=\"async\" class=\" \" title=\"Gespann\" src=\"http:\/\/berni.fmode.de\/www\/mz\/gespann500\/2011\/0616\/pic10.jpg\" alt=\"\" width=\"500\" height=\"375\" \/><p class=\"wp-caption-text\">Und dann kommt mit Macht der Regen und bringt Donner und Blitz mit. Nach wenigen Kilometern hat der Regen Handschuhe, Stiefel, Jacke und Hose erobert und ab da ist es dann sowieso egal. Trotzdem oder gerade deshalb waren das ganz klasse 120 km heute.<\/p><\/div>\n<p>&nbsp;<\/p>\n","protected":false},"excerpt":{"rendered":"<p>Nach der Hitze und Schw\u00fcle der letzten Tage wird es an diesem Donnerstag ab mittags pl\u00f6tzlich k\u00fchl und windig &#8211; ein Wetter nach meinem Geschmack. F\u00fcr 15:00 habe ich sowieso einen Termin und den verbinde ich mit einer kleinen 120 &hellip; <a href=\"https:\/\/berni.fmode.de\/wordpress\/?p=1367\">Weiterlesen <span class=\"meta-nav\">&rarr;<\/span><\/a><\/p>\n","protected":false},"author":1,"featured_media":0,"comment_status":"closed","ping_status":"closed","sticky":false,"template":"","format":"standard","meta":{"footnotes":""},"categories":[11],"tags":[],"_links":{"self":[{"href":"https:\/\/berni.fmode.de\/wordpress\/index.php?rest_route=\/wp\/v2\/posts\/1367"}],"collection":[{"href":"https:\/\/berni.fmode.de\/wordpress\/index.php?rest_route=\/wp\/v2\/posts"}],"about":[{"href":"https:\/\/berni.fmode.de\/wordpress\/index.php?rest_route=\/wp\/v2\/types\/post"}],"author":[{"embeddable":true,"href":"https:\/\/berni.fmode.de\/wordpress\/index.php?rest_route=\/wp\/v2\/users\/1"}],"replies":[{"embeddable":true,"href":"https:\/\/berni.fmode.de\/wordpress\/index.php?rest_route=%2Fwp%2Fv2%2Fcomments&post=1367"}],"version-history":[{"count":3,"href":"https:\/\/berni.fmode.de\/wordpress\/index.php?rest_route=\/wp\/v2\/posts\/1367\/revisions"}],"predecessor-version":[{"id":5897,"href":"https:\/\/berni.fmode.de\/wordpress\/index.php?rest_route=\/wp\/v2\/posts\/1367\/revisions\/5897"}],"wp:attachment":[{"href":"https:\/\/berni.fmode.de\/wordpress\/index.php?rest_route=%2Fwp%2Fv2%2Fmedia&parent=1367"}],"wp:term":[{"taxonomy":"category","embeddable":true,"href":"https:\/\/berni.fmode.de\/wordpress\/index.php?rest_route=%2Fwp%2Fv2%2Fcategories&post=1367"},{"taxonomy":"post_tag","embeddable":true,"href":"https:\/\/berni.fmode.de\/wordpress\/index.php?rest_route=%2Fwp%2Fv2%2Ftags&post=1367"}],"curies":[{"name":"wp","href":"https:\/\/api.w.org\/{rel}","templated":true}]}}