{"id":13354,"date":"2013-08-31T16:12:07","date_gmt":"2013-08-31T15:12:07","guid":{"rendered":"http:\/\/berni.fmode.de\/wordpress\/?p=13354"},"modified":"2013-08-31T17:37:44","modified_gmt":"2013-08-31T16:37:44","slug":"die-wirzenborner-liss","status":"publish","type":"post","link":"https:\/\/berni.fmode.de\/wordpress\/?p=13354","title":{"rendered":"Die Wirzenborner Liss"},"content":{"rendered":"<p>&#8230;.. ist keine mir bekannte Lady aus der Motorradszene. Vielmehr handelt es sich um ein Ausflugslokal mit angeschlossenem Motorrad-Museum in Wirzenborn bei Montabaur. Der motorradfahrende Wirt veranstaltet regelm\u00e4\u00dfig Markentreffen, und heute ist MZ dran. Und auch, wenn ich keine MZ mehr fahre, f\u00fchle ich mich der Marke, der Wirzenborner Liss und vor allem dem unvergleichlichen Bufet dort immer noch verbunden.<\/p>\n<p>Die Wettervorhersagen f\u00fcr heute sind schlecht und deshalb erledige ich bis 9:30 noch ein paar Dinge und entscheide mich dann spontan zur Fahrt nach Montabaur. Noch schnell Luft auf die Thunderbird, etwas \u00d6l auf die Kette und noch vor 10:00 bin ich auf der Strasse.<\/p>\n<p>Tats\u00e4chlich ist es grau und etwas k\u00fchl. Immer wieder tauchen dunkle Wolken auf und drohen mit Regen. Eingedenk dieser Umst\u00e4nde und weil die Thunderbird daf\u00fcr ganz gut geeignet ist, nehme ich die autobahn\u00e4hnliche B49 und von Limburg bis Montabaur sogar die A3. So ist diese Fahrt zwar nicht sch\u00f6n oder kurzweilig, aber ich komme gut voran.<\/p>\n<div id=\"attachment_13355\" style=\"width: 1210px\" class=\"wp-caption aligncenter\"><a href=\"https:\/\/berni.fmode.de\/wordpress\/wp-content\/uploads\/pic01657.jpg\"><img loading=\"lazy\" decoding=\"async\" aria-describedby=\"caption-attachment-13355\" class=\" wp-image-13355\" alt=\"Thunderbird\" src=\"https:\/\/berni.fmode.de\/wordpress\/wp-content\/uploads\/pic01657.jpg\" width=\"1200\" height=\"900\" srcset=\"https:\/\/berni.fmode.de\/wordpress\/wp-content\/uploads\/pic01657.jpg 1200w, https:\/\/berni.fmode.de\/wordpress\/wp-content\/uploads\/pic01657-300x225.jpg 300w, https:\/\/berni.fmode.de\/wordpress\/wp-content\/uploads\/pic01657-1024x768.jpg 1024w, https:\/\/berni.fmode.de\/wordpress\/wp-content\/uploads\/pic01657-400x300.jpg 400w\" sizes=\"(max-width: 1200px) 100vw, 1200px\" \/><\/a><p id=\"caption-attachment-13355\" class=\"wp-caption-text\">Nach etwa 70 km fahre ich zum Tanken rechts ran. Das ist noch auf der B49 und es handelt sich um die Rastst\u00e4tte, wo der Bauer Bill seine landwirtschaftlichen Produkte vermarktet. Kurz danach geht es auf die A3 und um kurz nach 11:00 erreiche ich Wirzenborn.<\/p><\/div>\n<div id=\"attachment_13356\" style=\"width: 1210px\" class=\"wp-caption aligncenter\"><a href=\"https:\/\/berni.fmode.de\/wordpress\/wp-content\/uploads\/pic02640.jpg\"><img loading=\"lazy\" decoding=\"async\" aria-describedby=\"caption-attachment-13356\" class=\" wp-image-13356\" alt=\"Motorradmuseum Wirzenborn\" src=\"https:\/\/berni.fmode.de\/wordpress\/wp-content\/uploads\/pic02640.jpg\" width=\"1200\" height=\"900\" srcset=\"https:\/\/berni.fmode.de\/wordpress\/wp-content\/uploads\/pic02640.jpg 1200w, https:\/\/berni.fmode.de\/wordpress\/wp-content\/uploads\/pic02640-300x225.jpg 300w, https:\/\/berni.fmode.de\/wordpress\/wp-content\/uploads\/pic02640-1024x768.jpg 1024w, https:\/\/berni.fmode.de\/wordpress\/wp-content\/uploads\/pic02640-400x300.jpg 400w\" sizes=\"(max-width: 1200px) 100vw, 1200px\" \/><\/a><p id=\"caption-attachment-13356\" class=\"wp-caption-text\">Es sind bereits einige Besucher zugegen und wie schon in den letzten Jahren verschiebt sich das Verh\u00e4ltnis von MZ zum Rest der Motorradwelt immer mehr zuungunsten von MZ. Ich selber trage daran ja auch meinen Anteil und bezeichnenderweise parke ich direkt neben einer Honda CB1100, meinem neuesten japanischen Traum.<\/p><\/div>\n<div id=\"attachment_13357\" style=\"width: 1210px\" class=\"wp-caption aligncenter\"><a href=\"https:\/\/berni.fmode.de\/wordpress\/wp-content\/uploads\/pic03599.jpg\"><img loading=\"lazy\" decoding=\"async\" aria-describedby=\"caption-attachment-13357\" class=\" wp-image-13357 \" alt=\"Motorradmuseum Wirzenborn\" src=\"https:\/\/berni.fmode.de\/wordpress\/wp-content\/uploads\/pic03599.jpg\" width=\"1200\" height=\"900\" srcset=\"https:\/\/berni.fmode.de\/wordpress\/wp-content\/uploads\/pic03599.jpg 1200w, https:\/\/berni.fmode.de\/wordpress\/wp-content\/uploads\/pic03599-300x225.jpg 300w, https:\/\/berni.fmode.de\/wordpress\/wp-content\/uploads\/pic03599-1024x768.jpg 1024w, https:\/\/berni.fmode.de\/wordpress\/wp-content\/uploads\/pic03599-400x300.jpg 400w\" sizes=\"(max-width: 1200px) 100vw, 1200px\" \/><\/a><p id=\"caption-attachment-13357\" class=\"wp-caption-text\">Ist aber auch ein sch\u00f6nes Motorrad! Und f\u00e4hrt sich wie Lack.<\/p><\/div>\n<div id=\"attachment_13358\" style=\"width: 1210px\" class=\"wp-caption aligncenter\"><a href=\"https:\/\/berni.fmode.de\/wordpress\/wp-content\/uploads\/pic04545.jpg\"><img loading=\"lazy\" decoding=\"async\" aria-describedby=\"caption-attachment-13358\" class=\" wp-image-13358\" alt=\"Motorradmuseum Wirzenborn\" src=\"https:\/\/berni.fmode.de\/wordpress\/wp-content\/uploads\/pic04545.jpg\" width=\"1200\" height=\"900\" srcset=\"https:\/\/berni.fmode.de\/wordpress\/wp-content\/uploads\/pic04545.jpg 1200w, https:\/\/berni.fmode.de\/wordpress\/wp-content\/uploads\/pic04545-300x225.jpg 300w, https:\/\/berni.fmode.de\/wordpress\/wp-content\/uploads\/pic04545-1024x768.jpg 1024w, https:\/\/berni.fmode.de\/wordpress\/wp-content\/uploads\/pic04545-400x300.jpg 400w\" sizes=\"(max-width: 1200px) 100vw, 1200px\" \/><\/a><p id=\"caption-attachment-13358\" class=\"wp-caption-text\">Aber zum Gl\u00fcck sind auch noch gen\u00fcgend Emmen vor Ort &#8211; und auch das westliche Pendant dazu, n\u00e4mlich DKW.<\/p><\/div>\n<div id=\"attachment_13359\" style=\"width: 1210px\" class=\"wp-caption aligncenter\"><a href=\"https:\/\/berni.fmode.de\/wordpress\/wp-content\/uploads\/pic05469.jpg\"><img loading=\"lazy\" decoding=\"async\" aria-describedby=\"caption-attachment-13359\" class=\" wp-image-13359\" alt=\"Motorradmuseum Wirzenborn\" src=\"https:\/\/berni.fmode.de\/wordpress\/wp-content\/uploads\/pic05469.jpg\" width=\"1200\" height=\"900\" srcset=\"https:\/\/berni.fmode.de\/wordpress\/wp-content\/uploads\/pic05469.jpg 1200w, https:\/\/berni.fmode.de\/wordpress\/wp-content\/uploads\/pic05469-300x225.jpg 300w, https:\/\/berni.fmode.de\/wordpress\/wp-content\/uploads\/pic05469-1024x768.jpg 1024w, https:\/\/berni.fmode.de\/wordpress\/wp-content\/uploads\/pic05469-400x300.jpg 400w\" sizes=\"(max-width: 1200px) 100vw, 1200px\" \/><\/a><p id=\"caption-attachment-13359\" class=\"wp-caption-text\">Sch\u00f6n: Silverstar und TS-Gespann.<\/p><\/div>\n<div id=\"attachment_13360\" style=\"width: 1210px\" class=\"wp-caption aligncenter\"><a href=\"https:\/\/berni.fmode.de\/wordpress\/wp-content\/uploads\/pic06405.jpg\"><img loading=\"lazy\" decoding=\"async\" aria-describedby=\"caption-attachment-13360\" class=\" wp-image-13360\" alt=\"Motorradmuseum Wirzenborn\" src=\"https:\/\/berni.fmode.de\/wordpress\/wp-content\/uploads\/pic06405.jpg\" width=\"1200\" height=\"900\" srcset=\"https:\/\/berni.fmode.de\/wordpress\/wp-content\/uploads\/pic06405.jpg 1200w, https:\/\/berni.fmode.de\/wordpress\/wp-content\/uploads\/pic06405-300x225.jpg 300w, https:\/\/berni.fmode.de\/wordpress\/wp-content\/uploads\/pic06405-1024x768.jpg 1024w, https:\/\/berni.fmode.de\/wordpress\/wp-content\/uploads\/pic06405-400x300.jpg 400w\" sizes=\"(max-width: 1200px) 100vw, 1200px\" \/><\/a><p id=\"caption-attachment-13360\" class=\"wp-caption-text\">H\u00fcbsches Virago-Gespann und eine sehr gef\u00e4llige CL von Honda.<\/p><\/div>\n<div id=\"attachment_13361\" style=\"width: 1210px\" class=\"wp-caption aligncenter\"><a href=\"https:\/\/berni.fmode.de\/wordpress\/wp-content\/uploads\/pic07362.jpg\"><img loading=\"lazy\" decoding=\"async\" aria-describedby=\"caption-attachment-13361\" class=\" wp-image-13361\" alt=\"Motorradmuseum Wirzenborn\" src=\"https:\/\/berni.fmode.de\/wordpress\/wp-content\/uploads\/pic07362.jpg\" width=\"1200\" height=\"900\" srcset=\"https:\/\/berni.fmode.de\/wordpress\/wp-content\/uploads\/pic07362.jpg 1200w, https:\/\/berni.fmode.de\/wordpress\/wp-content\/uploads\/pic07362-300x225.jpg 300w, https:\/\/berni.fmode.de\/wordpress\/wp-content\/uploads\/pic07362-1024x768.jpg 1024w, https:\/\/berni.fmode.de\/wordpress\/wp-content\/uploads\/pic07362-400x300.jpg 400w\" sizes=\"(max-width: 1200px) 100vw, 1200px\" \/><\/a><p id=\"caption-attachment-13361\" class=\"wp-caption-text\">Alte Bekannte: Heiko und Willi. Das gibt jetzt erstmal ein bisschen Moto-Talk.<\/p><\/div>\n<div id=\"attachment_13362\" style=\"width: 1210px\" class=\"wp-caption aligncenter\"><a href=\"https:\/\/berni.fmode.de\/wordpress\/wp-content\/uploads\/pic08312.jpg\"><img loading=\"lazy\" decoding=\"async\" aria-describedby=\"caption-attachment-13362\" class=\" wp-image-13362\" alt=\"Motorradmuseum Wirzenborn\" src=\"https:\/\/berni.fmode.de\/wordpress\/wp-content\/uploads\/pic08312.jpg\" width=\"1200\" height=\"900\" srcset=\"https:\/\/berni.fmode.de\/wordpress\/wp-content\/uploads\/pic08312.jpg 1200w, https:\/\/berni.fmode.de\/wordpress\/wp-content\/uploads\/pic08312-300x225.jpg 300w, https:\/\/berni.fmode.de\/wordpress\/wp-content\/uploads\/pic08312-1024x768.jpg 1024w, https:\/\/berni.fmode.de\/wordpress\/wp-content\/uploads\/pic08312-400x300.jpg 400w\" sizes=\"(max-width: 1200px) 100vw, 1200px\" \/><\/a><p id=\"caption-attachment-13362\" class=\"wp-caption-text\">Hier hat eine gefestigte MZ-Gruppe zusammen gefunden.<\/p><\/div>\n<div id=\"attachment_13363\" style=\"width: 1210px\" class=\"wp-caption aligncenter\"><a href=\"https:\/\/berni.fmode.de\/wordpress\/wp-content\/uploads\/pic09269.jpg\"><img loading=\"lazy\" decoding=\"async\" aria-describedby=\"caption-attachment-13363\" class=\" wp-image-13363\" alt=\"Motorradmuseum Wirzenborn\" src=\"https:\/\/berni.fmode.de\/wordpress\/wp-content\/uploads\/pic09269.jpg\" width=\"1200\" height=\"900\" srcset=\"https:\/\/berni.fmode.de\/wordpress\/wp-content\/uploads\/pic09269.jpg 1200w, https:\/\/berni.fmode.de\/wordpress\/wp-content\/uploads\/pic09269-300x225.jpg 300w, https:\/\/berni.fmode.de\/wordpress\/wp-content\/uploads\/pic09269-1024x768.jpg 1024w, https:\/\/berni.fmode.de\/wordpress\/wp-content\/uploads\/pic09269-400x300.jpg 400w\" sizes=\"(max-width: 1200px) 100vw, 1200px\" \/><\/a><p id=\"caption-attachment-13363\" class=\"wp-caption-text\">Zwei traumhaft sch\u00f6ne Horex, eine recht original, die andere umgebaut im Stil der damaligen Mode. Herrliche Eint\u00f6pfe, und einen Klang haben die, da muss sich mein Britbike schamhaft verstecken.<\/p><\/div>\n<div id=\"attachment_13364\" style=\"width: 1210px\" class=\"wp-caption aligncenter\"><a href=\"https:\/\/berni.fmode.de\/wordpress\/wp-content\/uploads\/pic10236.jpg\"><img loading=\"lazy\" decoding=\"async\" aria-describedby=\"caption-attachment-13364\" class=\" wp-image-13364\" alt=\"Motorradmuseum Wirzenborn\" src=\"https:\/\/berni.fmode.de\/wordpress\/wp-content\/uploads\/pic10236.jpg\" width=\"1200\" height=\"900\" srcset=\"https:\/\/berni.fmode.de\/wordpress\/wp-content\/uploads\/pic10236.jpg 1200w, https:\/\/berni.fmode.de\/wordpress\/wp-content\/uploads\/pic10236-300x225.jpg 300w, https:\/\/berni.fmode.de\/wordpress\/wp-content\/uploads\/pic10236-1024x768.jpg 1024w, https:\/\/berni.fmode.de\/wordpress\/wp-content\/uploads\/pic10236-400x300.jpg 400w\" sizes=\"(max-width: 1200px) 100vw, 1200px\" \/><\/a><p id=\"caption-attachment-13364\" class=\"wp-caption-text\">Skorpion-Gespann haben einfach was.<\/p><\/div>\n<div id=\"attachment_13365\" style=\"width: 1210px\" class=\"wp-caption aligncenter\"><a href=\"https:\/\/berni.fmode.de\/wordpress\/wp-content\/uploads\/pic11203.jpg\"><img loading=\"lazy\" decoding=\"async\" aria-describedby=\"caption-attachment-13365\" class=\" wp-image-13365\" alt=\"Motorradmuseum Wirzenborn\" src=\"https:\/\/berni.fmode.de\/wordpress\/wp-content\/uploads\/pic11203.jpg\" width=\"1200\" height=\"900\" srcset=\"https:\/\/berni.fmode.de\/wordpress\/wp-content\/uploads\/pic11203.jpg 1200w, https:\/\/berni.fmode.de\/wordpress\/wp-content\/uploads\/pic11203-300x225.jpg 300w, https:\/\/berni.fmode.de\/wordpress\/wp-content\/uploads\/pic11203-1024x768.jpg 1024w, https:\/\/berni.fmode.de\/wordpress\/wp-content\/uploads\/pic11203-400x300.jpg 400w\" sizes=\"(max-width: 1200px) 100vw, 1200px\" \/><\/a><p id=\"caption-attachment-13365\" class=\"wp-caption-text\">Das Eintreffen einer gr\u00f6sseren Gruppe von Motorradfahrern verschiebt das Verh\u00e4ltnis noch mehr zuungunsten von MZ. Aus dieser Perspektive k\u00f6nnte das heute ein BMW-Markentreffen sein.<\/p><\/div>\n<div id=\"attachment_13366\" style=\"width: 1210px\" class=\"wp-caption aligncenter\"><a href=\"https:\/\/berni.fmode.de\/wordpress\/wp-content\/uploads\/pic12188.jpg\"><img loading=\"lazy\" decoding=\"async\" aria-describedby=\"caption-attachment-13366\" class=\" wp-image-13366\" alt=\"Motorradmuseum Wirzenborn\" src=\"https:\/\/berni.fmode.de\/wordpress\/wp-content\/uploads\/pic12188.jpg\" width=\"1200\" height=\"900\" srcset=\"https:\/\/berni.fmode.de\/wordpress\/wp-content\/uploads\/pic12188.jpg 1200w, https:\/\/berni.fmode.de\/wordpress\/wp-content\/uploads\/pic12188-300x225.jpg 300w, https:\/\/berni.fmode.de\/wordpress\/wp-content\/uploads\/pic12188-1024x768.jpg 1024w, https:\/\/berni.fmode.de\/wordpress\/wp-content\/uploads\/pic12188-400x300.jpg 400w\" sizes=\"(max-width: 1200px) 100vw, 1200px\" \/><\/a><p id=\"caption-attachment-13366\" class=\"wp-caption-text\">Seit ich nach Wirzenborn fahre, ist diese Falcone jedes Jahr dabei.<\/p><\/div>\n<div id=\"attachment_13367\" style=\"width: 1210px\" class=\"wp-caption aligncenter\"><a href=\"https:\/\/berni.fmode.de\/wordpress\/wp-content\/uploads\/pic13165.jpg\"><img loading=\"lazy\" decoding=\"async\" aria-describedby=\"caption-attachment-13367\" class=\" wp-image-13367\" alt=\"Motorradmuseum Wirzenborn\" src=\"https:\/\/berni.fmode.de\/wordpress\/wp-content\/uploads\/pic13165.jpg\" width=\"1200\" height=\"900\" srcset=\"https:\/\/berni.fmode.de\/wordpress\/wp-content\/uploads\/pic13165.jpg 1200w, https:\/\/berni.fmode.de\/wordpress\/wp-content\/uploads\/pic13165-300x225.jpg 300w, https:\/\/berni.fmode.de\/wordpress\/wp-content\/uploads\/pic13165-1024x768.jpg 1024w, https:\/\/berni.fmode.de\/wordpress\/wp-content\/uploads\/pic13165-400x300.jpg 400w\" sizes=\"(max-width: 1200px) 100vw, 1200px\" \/><\/a><p id=\"caption-attachment-13367\" class=\"wp-caption-text\">Als Vespafahrer interessieren mich ja auch Roller und so ein sch\u00f6ner alter Z\u00fcndapp-Roller sowieso. Als Sch\u00fcler hatte ich einen Capri-Roller mit Sachsmotor und ein Schulkollege fuhr so einen Z\u00fcndapp-Roller. Da war dann immer so eine nette Rivalit\u00e4t vorhanden.<\/p><\/div>\n<div id=\"attachment_13368\" style=\"width: 1210px\" class=\"wp-caption aligncenter\"><a href=\"https:\/\/berni.fmode.de\/wordpress\/wp-content\/uploads\/pic14145.jpg\"><img loading=\"lazy\" decoding=\"async\" aria-describedby=\"caption-attachment-13368\" class=\" wp-image-13368\" alt=\"Motorradmuseum Wirzenborn\" src=\"https:\/\/berni.fmode.de\/wordpress\/wp-content\/uploads\/pic14145.jpg\" width=\"1200\" height=\"900\" srcset=\"https:\/\/berni.fmode.de\/wordpress\/wp-content\/uploads\/pic14145.jpg 1200w, https:\/\/berni.fmode.de\/wordpress\/wp-content\/uploads\/pic14145-300x225.jpg 300w, https:\/\/berni.fmode.de\/wordpress\/wp-content\/uploads\/pic14145-1024x768.jpg 1024w, https:\/\/berni.fmode.de\/wordpress\/wp-content\/uploads\/pic14145-400x300.jpg 400w\" sizes=\"(max-width: 1200px) 100vw, 1200px\" \/><\/a><p id=\"caption-attachment-13368\" class=\"wp-caption-text\">Zwei Kreidler-Kleinkraftr\u00e4der aus K\u00f6ln &#8211; sch\u00f6ner, als sie das Werk in Kornwestheim je verlassen haben.<\/p><\/div>\n<p>Angesichts der Wetterprognosen und der schwarzen Wolken am Himmel verlasse ich das sch\u00f6ne Wirzenborn &#8211; zum ersten mal, ohne am Mittags-Buffet teilgenommen zu haben. Die dr\u00f6ge B49 m\u00f6chte ich keinesfalls zur\u00fcck fahren, sondern durch das Gelbbachtal in Richtung Diez und von dort \u00fcber den Taunus mit Runkel und Weilburg weiter.<\/p>\n<div id=\"attachment_13369\" style=\"width: 1210px\" class=\"wp-caption aligncenter\"><a href=\"https:\/\/berni.fmode.de\/wordpress\/wp-content\/uploads\/pic15128.jpg\"><img loading=\"lazy\" decoding=\"async\" aria-describedby=\"caption-attachment-13369\" class=\" wp-image-13369\" alt=\"Thunderbird 900\" src=\"https:\/\/berni.fmode.de\/wordpress\/wp-content\/uploads\/pic15128.jpg\" width=\"1200\" height=\"900\" srcset=\"https:\/\/berni.fmode.de\/wordpress\/wp-content\/uploads\/pic15128.jpg 1200w, https:\/\/berni.fmode.de\/wordpress\/wp-content\/uploads\/pic15128-300x225.jpg 300w, https:\/\/berni.fmode.de\/wordpress\/wp-content\/uploads\/pic15128-1024x768.jpg 1024w, https:\/\/berni.fmode.de\/wordpress\/wp-content\/uploads\/pic15128-400x300.jpg 400w\" sizes=\"(max-width: 1200px) 100vw, 1200px\" \/><\/a><p id=\"caption-attachment-13369\" class=\"wp-caption-text\">Das Gelbbachtal ist wundersch\u00f6n mit zahllosen Kurven &#8211; nur leider nicht sehr lang. Nach ca. 10 bis 15 km habe ich dieses sch\u00f6ne Eckchen schon wieder hinter mir gelassen.<\/p><\/div>\n<div id=\"attachment_13370\" style=\"width: 1210px\" class=\"wp-caption aligncenter\"><a href=\"https:\/\/berni.fmode.de\/wordpress\/wp-content\/uploads\/pic16112.jpg\"><img loading=\"lazy\" decoding=\"async\" aria-describedby=\"caption-attachment-13370\" class=\" wp-image-13370\" alt=\"Thunderbird 900\" src=\"https:\/\/berni.fmode.de\/wordpress\/wp-content\/uploads\/pic16112.jpg\" width=\"1200\" height=\"900\" srcset=\"https:\/\/berni.fmode.de\/wordpress\/wp-content\/uploads\/pic16112.jpg 1200w, https:\/\/berni.fmode.de\/wordpress\/wp-content\/uploads\/pic16112-300x225.jpg 300w, https:\/\/berni.fmode.de\/wordpress\/wp-content\/uploads\/pic16112-1024x768.jpg 1024w, https:\/\/berni.fmode.de\/wordpress\/wp-content\/uploads\/pic16112-400x300.jpg 400w\" sizes=\"(max-width: 1200px) 100vw, 1200px\" \/><\/a><p id=\"caption-attachment-13370\" class=\"wp-caption-text\">Im Taunus f\u00fchle ich mich noch immer fremd und fahre eine eher mittelm\u00e4\u00dfig sch\u00f6ne Route. Hier sind die Wolken noch schw\u00e4rzer als im Gelbbachtal und so fahre ich ohne weitere Pausen durch. Leider verpasse ich auch den Abzweig nach Usingen und komme deshalb nicht in den Genuss von Heikes und Waldis Kuchenresten &#8211; Mist.<\/p><\/div>\n<div id=\"attachment_13371\" style=\"width: 1210px\" class=\"wp-caption aligncenter\"><a href=\"https:\/\/berni.fmode.de\/wordpress\/wp-content\/uploads\/pic1799.jpg\"><img loading=\"lazy\" decoding=\"async\" aria-describedby=\"caption-attachment-13371\" class=\" wp-image-13371\" alt=\"Thunderbird\" src=\"https:\/\/berni.fmode.de\/wordpress\/wp-content\/uploads\/pic1799.jpg\" width=\"1200\" height=\"900\" srcset=\"https:\/\/berni.fmode.de\/wordpress\/wp-content\/uploads\/pic1799.jpg 1200w, https:\/\/berni.fmode.de\/wordpress\/wp-content\/uploads\/pic1799-300x225.jpg 300w, https:\/\/berni.fmode.de\/wordpress\/wp-content\/uploads\/pic1799-1024x768.jpg 1024w, https:\/\/berni.fmode.de\/wordpress\/wp-content\/uploads\/pic1799-400x300.jpg 400w\" sizes=\"(max-width: 1200px) 100vw, 1200px\" \/><\/a><p id=\"caption-attachment-13371\" class=\"wp-caption-text\">Bei Kraftsolms l\u00e4uft der Taunus langsam aus und ich komme in mein pers\u00f6nliches Bermuda-Dreieck: Die Gegend zwischen Weilburg, Giessen und Wetzlar. Wie gewohnt eiere ich hier ein wenig herum, bis ich wieder auf dem richtigen Kurs bin. So 2-3 mal muss ich meine kleines Tablet auspacken und auf die Software-Karte schauen.<\/p><\/div>\n<div id=\"attachment_13372\" style=\"width: 1210px\" class=\"wp-caption aligncenter\"><a href=\"https:\/\/berni.fmode.de\/wordpress\/wp-content\/uploads\/pic1889.jpg\"><img loading=\"lazy\" decoding=\"async\" aria-describedby=\"caption-attachment-13372\" class=\" wp-image-13372\" alt=\"Thunderbird 900\" src=\"https:\/\/berni.fmode.de\/wordpress\/wp-content\/uploads\/pic1889.jpg\" width=\"1200\" height=\"900\" srcset=\"https:\/\/berni.fmode.de\/wordpress\/wp-content\/uploads\/pic1889.jpg 1200w, https:\/\/berni.fmode.de\/wordpress\/wp-content\/uploads\/pic1889-300x225.jpg 300w, https:\/\/berni.fmode.de\/wordpress\/wp-content\/uploads\/pic1889-1024x768.jpg 1024w, https:\/\/berni.fmode.de\/wordpress\/wp-content\/uploads\/pic1889-400x300.jpg 400w\" sizes=\"(max-width: 1200px) 100vw, 1200px\" \/><\/a><p id=\"caption-attachment-13372\" class=\"wp-caption-text\">Da ich weder Giessen noch Wetzlar durchfahren m\u00f6chte, biege ich ab \u00fcber Lich und das Hungener Umland mit seinen Seen, Teichen und S\u00fcmpfen.<\/p><\/div>\n<div id=\"attachment_13373\" style=\"width: 1210px\" class=\"wp-caption aligncenter\"><a href=\"https:\/\/berni.fmode.de\/wordpress\/wp-content\/uploads\/pic1977.jpg\"><img loading=\"lazy\" decoding=\"async\" aria-describedby=\"caption-attachment-13373\" class=\" wp-image-13373\" alt=\"Thunderbird 900\" src=\"https:\/\/berni.fmode.de\/wordpress\/wp-content\/uploads\/pic1977.jpg\" width=\"1200\" height=\"900\" srcset=\"https:\/\/berni.fmode.de\/wordpress\/wp-content\/uploads\/pic1977.jpg 1200w, https:\/\/berni.fmode.de\/wordpress\/wp-content\/uploads\/pic1977-300x225.jpg 300w, https:\/\/berni.fmode.de\/wordpress\/wp-content\/uploads\/pic1977-1024x768.jpg 1024w, https:\/\/berni.fmode.de\/wordpress\/wp-content\/uploads\/pic1977-400x300.jpg 400w\" sizes=\"(max-width: 1200px) 100vw, 1200px\" \/><\/a><p id=\"caption-attachment-13373\" class=\"wp-caption-text\">\u00dcber Steinheim und Raboldshausen halte ich auf Ulfa zu, und hier kann ich den Regen f\u00f6rmlich riechen &#8211; und die schwarzen Wolken best\u00e4tigen das. Aber es kommt tats\u00e4chlich kein Tropfen herunter und bis zum Schlu\u00df kann der mitgenommene Einweg-Regenanzug im Tankrucksack bleiben.<\/p><\/div>\n<div id=\"attachment_13374\" style=\"width: 1210px\" class=\"wp-caption aligncenter\"><a href=\"https:\/\/berni.fmode.de\/wordpress\/wp-content\/uploads\/pic2070.jpg\"><img loading=\"lazy\" decoding=\"async\" aria-describedby=\"caption-attachment-13374\" class=\" wp-image-13374\" alt=\"Thunderbird 900\" src=\"https:\/\/berni.fmode.de\/wordpress\/wp-content\/uploads\/pic2070.jpg\" width=\"1200\" height=\"900\" srcset=\"https:\/\/berni.fmode.de\/wordpress\/wp-content\/uploads\/pic2070.jpg 1200w, https:\/\/berni.fmode.de\/wordpress\/wp-content\/uploads\/pic2070-300x225.jpg 300w, https:\/\/berni.fmode.de\/wordpress\/wp-content\/uploads\/pic2070-1024x768.jpg 1024w, https:\/\/berni.fmode.de\/wordpress\/wp-content\/uploads\/pic2070-400x300.jpg 400w\" sizes=\"(max-width: 1200px) 100vw, 1200px\" \/><\/a><p id=\"caption-attachment-13374\" class=\"wp-caption-text\">Die letzten Kilometer durchs Horlofftal sind jetzt schnell gefahren und schon ist diese sch\u00f6ne Fahrt beendet. Habe zwei mal tanken m\u00fcssen, insgesamt \u00fcber 300 km gefahren, bin dabei trocken geblieben und hatte meinen Spass heute &#8211; was will ich mehr. Und wenn&#8217;s so bleibt, gehts morgen nach Erlensee aufs Italienertreffen &#8211; stilecht mit der kleinen Vespa.<\/p><\/div>\n<p style=\"text-align: center;\">\n","protected":false},"excerpt":{"rendered":"<p>&#8230;.. ist keine mir bekannte Lady aus der Motorradszene. Vielmehr handelt es sich um ein Ausflugslokal mit angeschlossenem Motorrad-Museum in Wirzenborn bei Montabaur. Der motorradfahrende Wirt veranstaltet regelm\u00e4\u00dfig Markentreffen, und heute ist MZ dran. Und auch, wenn ich keine MZ &hellip; <a href=\"https:\/\/berni.fmode.de\/wordpress\/?p=13354\">Weiterlesen <span class=\"meta-nav\">&rarr;<\/span><\/a><\/p>\n","protected":false},"author":1,"featured_media":0,"comment_status":"closed","ping_status":"closed","sticky":false,"template":"","format":"standard","meta":{"footnotes":""},"categories":[24,18],"tags":[],"_links":{"self":[{"href":"https:\/\/berni.fmode.de\/wordpress\/index.php?rest_route=\/wp\/v2\/posts\/13354"}],"collection":[{"href":"https:\/\/berni.fmode.de\/wordpress\/index.php?rest_route=\/wp\/v2\/posts"}],"about":[{"href":"https:\/\/berni.fmode.de\/wordpress\/index.php?rest_route=\/wp\/v2\/types\/post"}],"author":[{"embeddable":true,"href":"https:\/\/berni.fmode.de\/wordpress\/index.php?rest_route=\/wp\/v2\/users\/1"}],"replies":[{"embeddable":true,"href":"https:\/\/berni.fmode.de\/wordpress\/index.php?rest_route=%2Fwp%2Fv2%2Fcomments&post=13354"}],"version-history":[{"count":3,"href":"https:\/\/berni.fmode.de\/wordpress\/index.php?rest_route=\/wp\/v2\/posts\/13354\/revisions"}],"predecessor-version":[{"id":13378,"href":"https:\/\/berni.fmode.de\/wordpress\/index.php?rest_route=\/wp\/v2\/posts\/13354\/revisions\/13378"}],"wp:attachment":[{"href":"https:\/\/berni.fmode.de\/wordpress\/index.php?rest_route=%2Fwp%2Fv2%2Fmedia&parent=13354"}],"wp:term":[{"taxonomy":"category","embeddable":true,"href":"https:\/\/berni.fmode.de\/wordpress\/index.php?rest_route=%2Fwp%2Fv2%2Fcategories&post=13354"},{"taxonomy":"post_tag","embeddable":true,"href":"https:\/\/berni.fmode.de\/wordpress\/index.php?rest_route=%2Fwp%2Fv2%2Ftags&post=13354"}],"curies":[{"name":"wp","href":"https:\/\/api.w.org\/{rel}","templated":true}]}}