{"id":12951,"date":"2013-08-06T18:49:07","date_gmt":"2013-08-06T17:49:07","guid":{"rendered":"http:\/\/berni.fmode.de\/wordpress\/?p=12951"},"modified":"2013-08-13T19:25:24","modified_gmt":"2013-08-13T18:25:24","slug":"funf-tage-im-eichsfeld","status":"publish","type":"post","link":"https:\/\/berni.fmode.de\/wordpress\/?p=12951","title":{"rendered":"F\u00fcnf Tage im Eichsfeld"},"content":{"rendered":"<p><a href=\"https:\/\/berni.fmode.de\/wordpress\/wp-content\/uploads\/Wappen_Landkreis_Eichsfeld.png\"><img loading=\"lazy\" decoding=\"async\" class=\"size-full wp-image-12952 alignleft\" alt=\"Wappen_Landkreis_Eichsfeld\" src=\"https:\/\/berni.fmode.de\/wordpress\/wp-content\/uploads\/Wappen_Landkreis_Eichsfeld.png\" width=\"101\" height=\"119\" \/><\/a>Meine erste Begegnung mit dem Eichsfeld ist sehr, sehr lange her und literarischer Natur: In einem grausigen Roman \u00fcber den Drei\u00dfigj\u00e4hrigen Krieg wurde immer wieder diese Landschaft erw\u00e4hnt, die unter dem Krieg b\u00f6se gelitten hat. Viele Jahre sp\u00e4ter &#8211; inzwischen ist Deutschland nicht mehr zweigeteilt &#8211; lese ich ab und zu Reiseberichte aus dem Eichsfeld. Aber mit der wirklichen Begegnung mu\u00df ich bis ins Jahr 2012 warten. Bei der Befahrung diverser Kolonnenwegen, also alter Grenzpfade, geraten meine Gef\u00e4hrten und ich auch ins Eichsfeld &#8211; und sind von der Landschaft als auch von den Menschen hier positiv beeindruckt. Wir nehmen uns alle vor, diesen zauberhaften Microkosmos zwischen Werragebirge und Th\u00fcringer Wald noch einmal zu bereisen.<\/p>\n<p>In leicht ver\u00e4nderter Besetzung findet unsere zweite Reise in das Eichsfeld im August 2013 statt. Meine Reisegef\u00e4hrten sind diesmal Suse und Reinhard und als Reisefahrzeuge haben wir nicht die Enduros, sondern drei englische Motorr\u00e4der gew\u00e4hlt. Ob die leicht \u00fcbergewichtigen dreizylindrigen Thunderbird 900 eine gute Wahl sind, wird sich schnell heraus stellen.<\/p>\n<p>Die Testfahrten mit den Donnerv\u00f6geln verliefen allesamt sehr ordentlich und wir sind guten Mutes, die richtige Wahl getroffen zu haben. Am Dienstag, den 6. August 2013 um 8:30 beginnt unsere Reise in das Eichsfeld mit einem letzten Vogelsberger Fr\u00fchst\u00fcck in Ilsdorf bei Reinhard.<\/p>\n<p>Die Wetterprognosen sind leider nicht besonders gut, und wir rechnen damit, noch trocken das Eichsfeld zu erreichen, dann zwei Tage mit Starkregen und Hagel zu verbringen um die Heimfahrt dann wieder trockenen Fusses zu bew\u00e4ltigen. Klingt nicht toll, aber wir m\u00fcssen es nehmen, wie es kommt. Und es kommt v\u00f6llig anders. Doch dazu sp\u00e4ter.<\/p>\n<p>Unsere Reisekonstellation mit einer jungen Lady und zwei alten M\u00e4nnern mag auf den ersten Blick ungew\u00f6hnlich erscheinen &#8211; uns jedoch kommt das total normal vor. So what!<\/p>\n<p><a title=\"F\u00fcnf Tage im Eichsfeld\" href=\"https:\/\/berni.fmode.de\/wordpress\/?page_id=12954 \"><strong>6. August 2013: Aufbruch und Ankunft im Eichsfeld<\/strong><\/a><\/p>\n<p><a title=\"F\u00fcnf Tage im Eichsfeld\" href=\"https:\/\/berni.fmode.de\/wordpress\/?page_id=12986\"><strong>7. August 2013: Die drei Metropolen des Eichsfeldes<\/strong><\/a><\/p>\n<p><a href=\"https:\/\/berni.fmode.de\/wordpress\/?page_id=13024\"><strong>8. August 2013: Der Kyffh\u00e4user<\/strong><\/a><\/p>\n<p><a href=\"https:\/\/berni.fmode.de\/wordpress\/?page_id=13060\"><strong>9. August 2013: Chaos im Harz<\/strong><\/a><\/p>\n<p><a href=\"https:\/\/berni.fmode.de\/wordpress\/?page_id=13093\"><strong>10. August 2013: Eichsfeld Adieu<\/strong><\/a><\/p>\n<p>&nbsp;<\/p>\n<p>Und falls jemand tats\u00e4chlich noch nicht wei\u00df, wo sich das sch\u00f6ne Eichsfeld befindet: Hier ist die Karte dazu.<\/p>\n<p><a href=\"https:\/\/berni.fmode.de\/wordpress\/wp-content\/uploads\/eichsfeld.png\"><img loading=\"lazy\" decoding=\"async\" class=\"aligncenter size-full wp-image-13125\" alt=\"eichsfeld\" src=\"https:\/\/berni.fmode.de\/wordpress\/wp-content\/uploads\/eichsfeld.png\" width=\"1920\" height=\"1080\" srcset=\"https:\/\/berni.fmode.de\/wordpress\/wp-content\/uploads\/eichsfeld.png 1920w, https:\/\/berni.fmode.de\/wordpress\/wp-content\/uploads\/eichsfeld-300x168.png 300w, https:\/\/berni.fmode.de\/wordpress\/wp-content\/uploads\/eichsfeld-1024x576.png 1024w, https:\/\/berni.fmode.de\/wordpress\/wp-content\/uploads\/eichsfeld-500x281.png 500w\" sizes=\"(max-width: 1920px) 100vw, 1920px\" \/><\/a><\/p>\n","protected":false},"excerpt":{"rendered":"<p>Meine erste Begegnung mit dem Eichsfeld ist sehr, sehr lange her und literarischer Natur: In einem grausigen Roman \u00fcber den Drei\u00dfigj\u00e4hrigen Krieg wurde immer wieder diese Landschaft erw\u00e4hnt, die unter dem Krieg b\u00f6se gelitten hat. Viele Jahre sp\u00e4ter &#8211; inzwischen &hellip; <a href=\"https:\/\/berni.fmode.de\/wordpress\/?p=12951\">Weiterlesen <span class=\"meta-nav\">&rarr;<\/span><\/a><\/p>\n","protected":false},"author":1,"featured_media":0,"comment_status":"closed","ping_status":"closed","sticky":false,"template":"","format":"standard","meta":{"footnotes":""},"categories":[24,18],"tags":[],"_links":{"self":[{"href":"https:\/\/berni.fmode.de\/wordpress\/index.php?rest_route=\/wp\/v2\/posts\/12951"}],"collection":[{"href":"https:\/\/berni.fmode.de\/wordpress\/index.php?rest_route=\/wp\/v2\/posts"}],"about":[{"href":"https:\/\/berni.fmode.de\/wordpress\/index.php?rest_route=\/wp\/v2\/types\/post"}],"author":[{"embeddable":true,"href":"https:\/\/berni.fmode.de\/wordpress\/index.php?rest_route=\/wp\/v2\/users\/1"}],"replies":[{"embeddable":true,"href":"https:\/\/berni.fmode.de\/wordpress\/index.php?rest_route=%2Fwp%2Fv2%2Fcomments&post=12951"}],"version-history":[{"count":12,"href":"https:\/\/berni.fmode.de\/wordpress\/index.php?rest_route=\/wp\/v2\/posts\/12951\/revisions"}],"predecessor-version":[{"id":12955,"href":"https:\/\/berni.fmode.de\/wordpress\/index.php?rest_route=\/wp\/v2\/posts\/12951\/revisions\/12955"}],"wp:attachment":[{"href":"https:\/\/berni.fmode.de\/wordpress\/index.php?rest_route=%2Fwp%2Fv2%2Fmedia&parent=12951"}],"wp:term":[{"taxonomy":"category","embeddable":true,"href":"https:\/\/berni.fmode.de\/wordpress\/index.php?rest_route=%2Fwp%2Fv2%2Fcategories&post=12951"},{"taxonomy":"post_tag","embeddable":true,"href":"https:\/\/berni.fmode.de\/wordpress\/index.php?rest_route=%2Fwp%2Fv2%2Ftags&post=12951"}],"curies":[{"name":"wp","href":"https:\/\/api.w.org\/{rel}","templated":true}]}}