{"id":1153,"date":"2009-06-12T10:06:44","date_gmt":"2009-06-12T09:06:44","guid":{"rendered":"http:\/\/berni.fmode.de\/wordpress\/?p=1153"},"modified":"2012-01-11T14:48:45","modified_gmt":"2012-01-11T13:48:45","slug":"immer-wieder-schon-der-kellerwald","status":"publish","type":"post","link":"https:\/\/berni.fmode.de\/wordpress\/?p=1153","title":{"rendered":"Immer wieder sch\u00f6n: Der Kellerwald"},"content":{"rendered":"<p><a name=\"20090612\"><\/a>Der gestrige Feiertag: V\u00f6llig verregnet; der freie Tag vorher ebenfalls. Aber heute, an diesem Freitag, der ein Br\u00fcckentag und damit frei ist, heute siehts sehr gut aus. Die Wettervorhersagen sind auch nicht schlecht und ich muss unbedingt mal wieder eine etwas gr\u00f6ssere Gespannrunde drehen. Am Dienstag hab ich noch mit meinem Kollegen \u00fcber m\u00f6gliche Touren in Hessen diskutiert und seitdem ziehts mich mit aller Gewalt\u00a0 <span style=\"color: #333333;\"><span style=\"color: #333333;\">mal wieder in den Kellerwald.<\/span><\/span><\/p>\n<p>Hab ja vor l\u00e4ngerer Zeit schon mal geschrieben, wie gern ich den Kellerwald mit einem meiner Oldies befahren m\u00f6chte. Daran muss ich auch heute wieder denken und stelle mir viele Stellen mit der 175er Jawa, der 350er Junak oder mit Kathy, der TS 250\/1 vor. Der Haken dabei ist, dass keines dieser Motorr\u00e4der fertig und fahrbereit ist. Muss also damit noch warten, aber das Rotax-Gespann ist keinesfalls nur ein m\u00fcder Ersatz f\u00fcr meine leichten Kr\u00e4der. Im Gegenteil habe ich damit heute sehr viel Fahrspass und so gesehen ist es auch das richtige Fahrzeug f\u00fcr die Kellerwaldtour.<\/p>\n<div style=\"width: 410px\" class=\"wp-caption alignnone\"><img loading=\"lazy\" decoding=\"async\" class=\" \" title=\"Gespann\" src=\"http:\/\/berni.fmode.de\/www\/mz\/gespann500\/2009\/0612\/pic01.jpg\" alt=\"\" width=\"400\" height=\"300\" \/><p class=\"wp-caption-text\">Am Vormittag wird gestartet und wie meist nehme ich den Weg durch den Kirtorfer Wald und Neustadt. Damit ist bereits die Anfahrt von ca. 60 km ein reiner Fahrgenuss. Das l\u00e4ngste St\u00fcck ohne Kurven d\u00fcrfte diese Gerade kurz vor Wahlen sein. Da f\u00e4llt mir auch erstmalig heute auf, wie stark der Wind ist - richtige Sturmb\u00f6en. Also etwas runter mit dem Tempo.<\/p><\/div>\n<div style=\"width: 410px\" class=\"wp-caption alignnone\"><img loading=\"lazy\" decoding=\"async\" class=\" \" title=\"Gespann\" src=\"http:\/\/berni.fmode.de\/www\/mz\/gespann500\/2009\/0612\/pic02.jpg\" alt=\"\" width=\"400\" height=\"300\" \/><p class=\"wp-caption-text\">Bei Lischeid gehts f\u00fcr wenige Kilometer auf die B3 und dann hinter Gilserberg links ab in den Kellerwald. Nun beginnen die winzigen und teilweise sehr schlechten Str\u00e4sschen sowie die stark bewaldeten Berggipfel. Ich bin im Kellerwald!<\/p><\/div>\n<div style=\"width: 410px\" class=\"wp-caption alignnone\"><img loading=\"lazy\" decoding=\"async\" class=\" \" title=\"Gespann\" src=\"http:\/\/berni.fmode.de\/www\/mz\/gespann500\/2009\/0612\/pic03.jpg\" alt=\"\" width=\"400\" height=\"300\" \/><p class=\"wp-caption-text\">Ein zeitlang fahre ich am Rande des Kellerwaldes entlang und habe hier die Gem\u00fcndener Senke vor mir. Aber dann heisst es ab in Richtung Haina, und das ist wieder Kellerwald pur.<\/p><\/div>\n<div style=\"width: 410px\" class=\"wp-caption alignnone\"><img loading=\"lazy\" decoding=\"async\" class=\" \" title=\"Gespann\" src=\"http:\/\/berni.fmode.de\/www\/mz\/gespann500\/2009\/0612\/pic04.jpg\" alt=\"\" width=\"400\" height=\"300\" \/><p class=\"wp-caption-text\">In Haina fahre ich auf das Gel\u00e4nde des Psychiatrischen Krankenhauses, weil dort auch das historische Kloster liegt. Hier ist das sch\u00f6ne Geb\u00e4ude zu sehen. Auf dem Gel\u00e4nde befinden sich weitere sehr sch\u00f6ne und historische Geb\u00e4ude, unter anderem auch ein Tischbein-Museum. Was hat der Maler Tischbein hier zu suchen?<\/p><\/div>\n<div style=\"width: 410px\" class=\"wp-caption alignnone\"><img loading=\"lazy\" decoding=\"async\" class=\" \" title=\"Gespann\" src=\"http:\/\/berni.fmode.de\/www\/mz\/gespann500\/2009\/0612\/pic05.jpg\" alt=\"\" width=\"400\" height=\"300\" \/><p class=\"wp-caption-text\">Kurz hinter Haina, in Richtung Battenhausen, halte ich auf diesem winzigen Str\u00e4sschen, weil rechts im Wald ein See glitzert.<\/p><\/div>\n<div style=\"width: 410px\" class=\"wp-caption alignnone\"><img loading=\"lazy\" decoding=\"async\" class=\" \" title=\"Gespann\" src=\"http:\/\/berni.fmode.de\/www\/mz\/gespann500\/2009\/0612\/pic06.jpg\" alt=\"\" width=\"400\" height=\"300\" \/><p class=\"wp-caption-text\">Kaum zu erkennen ist der dunkle Waldsee, der sich in Kaskaden in mehrere Gr\u00e4ben ergiesst.<\/p><\/div>\n<div style=\"width: 410px\" class=\"wp-caption alignnone\"><img loading=\"lazy\" decoding=\"async\" class=\" \" title=\"Gespann\" src=\"http:\/\/berni.fmode.de\/www\/mz\/gespann500\/2009\/0612\/pic07.jpg\" alt=\"\" width=\"400\" height=\"300\" \/><p class=\"wp-caption-text\">\u00dcber die kleine Br\u00fccke kann ich direkt in den See laufen. Der ideale Ort f\u00fcr eine Trag\u00f6die: Wer hier ins Wasser gehen will, hat&#39;s leicht. Gute Voraussetzungen f\u00fcr einen gelungenen Abgang. Seltsam makabere Gedanken, aber im mystischen Kellerwald kommen solche Anwandlungen schnell.<\/p><\/div>\n<div style=\"width: 410px\" class=\"wp-caption alignnone\"><img loading=\"lazy\" decoding=\"async\" class=\" \" title=\"Gespann\" src=\"http:\/\/berni.fmode.de\/www\/mz\/gespann500\/2009\/0612\/pic08.jpg\" alt=\"\" width=\"400\" height=\"300\" \/><p class=\"wp-caption-text\">Nun gerate ich in Richtung Bad Wildungen und bin hier auf einer Anh\u00f6he bei Amsfeld. Von hier verl\u00e4uft eine unglaubliche Strasse nach Bergfreiheit, die ich heute aber nicht nehme. Die Strecke ist aber wohl in Fachkreisen bekannt, denn eine gr\u00f6ssere Gruppe Motorr\u00e4der brummt langsam unten an mir vorbei.<\/p><\/div>\n<div style=\"width: 410px\" class=\"wp-caption alignnone\"><img loading=\"lazy\" decoding=\"async\" class=\" \" title=\"Gespann\" src=\"http:\/\/berni.fmode.de\/www\/mz\/gespann500\/2009\/0612\/pic09.jpg\" alt=\"\" width=\"400\" height=\"300\" \/><p class=\"wp-caption-text\">Nach meinem Empfinden geht hier der Kellerwald ganz allm\u00e4hlich ins Ederbergland \u00fcber. Das tut der Sch\u00f6nheit der Gegend keinen Abbruch, aber es scheint ab hier ein bischen wilder zu werden.<\/p><\/div>\n<div style=\"width: 410px\" class=\"wp-caption alignnone\"><img loading=\"lazy\" decoding=\"async\" class=\" \" title=\"Gespann\" src=\"http:\/\/berni.fmode.de\/www\/mz\/gespann500\/2009\/0612\/pic10.jpg\" alt=\"\" width=\"400\" height=\"300\" \/><p class=\"wp-caption-text\">Noch schnell ein Foto des Gespanntreibers geschossen und dann fahre ich zur\u00fcck nach Battenhausen. Das Hohe Lohr zieht mich an, die zweith\u00f6chste Erhebung im Kellerwald.<\/p><\/div>\n<div style=\"width: 410px\" class=\"wp-caption alignnone\"><img loading=\"lazy\" decoding=\"async\" class=\" \" title=\"Gespann\" src=\"http:\/\/berni.fmode.de\/www\/mz\/gespann500\/2009\/0612\/pic11.jpg\" alt=\"\" width=\"400\" height=\"300\" \/><p class=\"wp-caption-text\">Und nach wenigen Kilometern ist das Hohe Lohr bereits zu sehen, unverkennbar durch den (ehemaligen) Fernsehturm. Vor vielen Jahren waren Bruder Sigi und ich mal mit 2 Maicos ganz oben am Turm, aber heute sind alle Zufahrten f\u00fcr den Verkehr gesperrt. M\u00fcsste also zu Fuss hoch gehen ......<\/p><\/div>\n<div style=\"width: 410px\" class=\"wp-caption alignnone\"><img loading=\"lazy\" decoding=\"async\" class=\" \" title=\"Gespann\" src=\"http:\/\/berni.fmode.de\/www\/mz\/gespann500\/2009\/0612\/pic12.jpg\" alt=\"\" width=\"400\" height=\"300\" \/><p class=\"wp-caption-text\">Der jetzt geschlossene Lift sagt, dass hier im Winter richtig Ski gefahren wird. Der Skilift f\u00fchrt durch eine breite Schneise im Wald aufs Hohe Lohr. Fast ein wenig alpin!<\/p><\/div>\n<div style=\"width: 410px\" class=\"wp-caption alignnone\"><img loading=\"lazy\" decoding=\"async\" class=\" \" title=\"Gespann\" src=\"http:\/\/berni.fmode.de\/www\/mz\/gespann500\/2009\/0612\/pic13.jpg\" alt=\"\" width=\"400\" height=\"300\" \/><p class=\"wp-caption-text\">Da haben wir wieder unseren K\u00fcnstler Tischbein, dem ein Wanderweg gewidmet ist. Aha, ein Spross der weit verzweigten K\u00fcnstlerfamilie kam aus Haina. Daher weht also der Wind.<\/p><\/div>\n<div style=\"width: 410px\" class=\"wp-caption alignnone\"><img loading=\"lazy\" decoding=\"async\" class=\" \" title=\"Gespann\" src=\"http:\/\/berni.fmode.de\/www\/mz\/gespann500\/2009\/0612\/pic14.jpg\" alt=\"\" width=\"400\" height=\"300\" \/><p class=\"wp-caption-text\">Inspiriert durch Wilhelm Tischbein versuche ich ein k\u00fcnstlerisches Motiv mit der Kamera zu erfassen. Erkennt jemand die gewagte Kombination aus Natur und Technik, versinnbildlicht durch das Blatt und ein St\u00fcckchen Goretex?<\/p><\/div>\n<div style=\"width: 410px\" class=\"wp-caption alignnone\"><img loading=\"lazy\" decoding=\"async\" class=\" \" title=\"Gespann\" src=\"http:\/\/berni.fmode.de\/www\/mz\/gespann500\/2009\/0612\/pic15.jpg\" alt=\"\" width=\"400\" height=\"300\" \/><p class=\"wp-caption-text\">Wesentlich attraktiver als mein j\u00e4mmerlicher Kunstansatz ist dieser Hengst auf einer blumigen Wiese am Fusse des Hohen Lohrs. Sieht aus wie eine Nachz\u00fcchtung der ber\u00fchmten Przewalsk-Pferde, der mongolischen Wildpferde.<\/p><\/div>\n<div style=\"width: 410px\" class=\"wp-caption alignnone\"><img loading=\"lazy\" decoding=\"async\" class=\" \" title=\"Gespann\" src=\"http:\/\/berni.fmode.de\/www\/mz\/gespann500\/2009\/0612\/pic16.jpg\" alt=\"\" width=\"400\" height=\"300\" \/><p class=\"wp-caption-text\">Weiter nach Haddenberg in die N\u00e4he der keltischen Kultst\u00e4tte. Herrlich unprofessionell dieses Schau-ins-Land-Schild, aber mir ist sowas lieber als eine kommerzielle Hinweistafel mit Danksagung an alle Sponsoren und Werbung.<\/p><\/div>\n<div style=\"width: 410px\" class=\"wp-caption alignnone\"><img loading=\"lazy\" decoding=\"async\" class=\" \" title=\"Gespann\" src=\"http:\/\/berni.fmode.de\/www\/mz\/gespann500\/2009\/0612\/pic17.jpg\" alt=\"\" width=\"400\" height=\"300\" \/><p class=\"wp-caption-text\">Das ist ein m\u00f6glicher Blick vom Schau-ins-Land in Richtung Ederbergland. Fast keine Zeichen der Zivilisaion sind zu erkennen und ich stelle mir vor, wie es hier aussieht, wenn unsere Rasse es geschafft hat, sich komplett auszul\u00f6schen. Ha, das sind sie wieder, die seltsamen Gedanken im mystischen Kellerwald.<\/p><\/div>\n<div style=\"width: 410px\" class=\"wp-caption alignnone\"><img loading=\"lazy\" decoding=\"async\" class=\" \" title=\"Gespann\" src=\"http:\/\/berni.fmode.de\/www\/mz\/gespann500\/2009\/0612\/pic18.jpg\" alt=\"\" width=\"400\" height=\"300\" \/><p class=\"wp-caption-text\">Am Zufahrtsweg zum W\u00fcstegarten, dem h\u00f6chsten Berg des Kellerwaldes, banne ich meinen Rotax samt Treiber auf die Linse und hoffe, damit etwas von der Keltenmystik auf uns zu \u00fcbertragen.<\/p><\/div>\n<div style=\"width: 410px\" class=\"wp-caption alignnone\"><img loading=\"lazy\" decoding=\"async\" class=\" \" title=\"gespann\" src=\"http:\/\/berni.fmode.de\/www\/mz\/gespann500\/2009\/0612\/pic19.jpg\" alt=\"\" width=\"400\" height=\"300\" \/><p class=\"wp-caption-text\">So ist es heute den ganzen Tag: Mal sonnig, dann verdunkeln Wolken den Himmel, es fallen auch mal ein paar Tropfen und es st\u00fcrmt ziemlich. Die Temperaturen sind gem\u00e4ssigt, das Futter muss in der Jacke bleiben. Insgesamt das ideale Wetter f\u00fcr mich.<\/p><\/div>\n<div style=\"width: 410px\" class=\"wp-caption alignnone\"><img loading=\"lazy\" decoding=\"async\" class=\" \" title=\"Gespann\" src=\"http:\/\/berni.fmode.de\/www\/mz\/gespann500\/2009\/0612\/pic20.jpg\" alt=\"\" width=\"400\" height=\"300\" \/><p class=\"wp-caption-text\">\u00dcber Moischeid und Gilserberg gehts nun zur\u00fcck in den Vogelsberg, nicht ohne in der Schw\u00e4lmer B\u00e4ckerei in Gilserberg noch einen ordentlichen Kucheneinkauf zu t\u00e4tigen. Hier bin ich schon wieder am Rande des Vogelsberges in der N\u00e4he von Arnshain.<\/p><\/div>\n<div style=\"width: 410px\" class=\"wp-caption alignnone\"><img loading=\"lazy\" decoding=\"async\" class=\" \" title=\"Gespann\" src=\"http:\/\/berni.fmode.de\/www\/mz\/gespann500\/2009\/0612\/pic21.jpg\" alt=\"\" width=\"400\" height=\"300\" \/><p class=\"wp-caption-text\">Die obligatorische letzte Rast vor der heimischen Werkstatt gibt es im Kirtorfer Wald bei der kleinen Schutzh\u00fctte. Heute ist der wilde, dazugeh\u00f6rige Garten besonders sch\u00f6n.<\/p><\/div>\n<div style=\"width: 410px\" class=\"wp-caption alignnone\"><img loading=\"lazy\" decoding=\"async\" class=\" \" title=\"Gespann\" src=\"http:\/\/berni.fmode.de\/www\/mz\/gespann500\/2009\/0612\/pic22.jpg\" alt=\"\" width=\"400\" height=\"300\" \/><p class=\"wp-caption-text\">Und zum ersten mal seit 3 Jahren bin ich nicht allein an der Schutzh\u00fctte. Ein \u00e4lterer Herr hat sich zu einer Vesper niedergelassen. Wir st\u00f6ren uns nicht weiter und nach kurzer Pause fahre ich die letzten 20 km bis nach Hause. Das waren dann heute gute 200 km Kellerwaldtour, die ich sehr genossen habe.<\/p><\/div>\n<p>&nbsp;<\/p>\n","protected":false},"excerpt":{"rendered":"<p>Der gestrige Feiertag: V\u00f6llig verregnet; der freie Tag vorher ebenfalls. Aber heute, an diesem Freitag, der ein Br\u00fcckentag und damit frei ist, heute siehts sehr gut aus. Die Wettervorhersagen sind auch nicht schlecht und ich muss unbedingt mal wieder eine &hellip; <a href=\"https:\/\/berni.fmode.de\/wordpress\/?p=1153\">Weiterlesen <span class=\"meta-nav\">&rarr;<\/span><\/a><\/p>\n","protected":false},"author":1,"featured_media":0,"comment_status":"closed","ping_status":"closed","sticky":false,"template":"","format":"standard","meta":{"footnotes":""},"categories":[11],"tags":[],"_links":{"self":[{"href":"https:\/\/berni.fmode.de\/wordpress\/index.php?rest_route=\/wp\/v2\/posts\/1153"}],"collection":[{"href":"https:\/\/berni.fmode.de\/wordpress\/index.php?rest_route=\/wp\/v2\/posts"}],"about":[{"href":"https:\/\/berni.fmode.de\/wordpress\/index.php?rest_route=\/wp\/v2\/types\/post"}],"author":[{"embeddable":true,"href":"https:\/\/berni.fmode.de\/wordpress\/index.php?rest_route=\/wp\/v2\/users\/1"}],"replies":[{"embeddable":true,"href":"https:\/\/berni.fmode.de\/wordpress\/index.php?rest_route=%2Fwp%2Fv2%2Fcomments&post=1153"}],"version-history":[{"count":3,"href":"https:\/\/berni.fmode.de\/wordpress\/index.php?rest_route=\/wp\/v2\/posts\/1153\/revisions"}],"predecessor-version":[{"id":5994,"href":"https:\/\/berni.fmode.de\/wordpress\/index.php?rest_route=\/wp\/v2\/posts\/1153\/revisions\/5994"}],"wp:attachment":[{"href":"https:\/\/berni.fmode.de\/wordpress\/index.php?rest_route=%2Fwp%2Fv2%2Fmedia&parent=1153"}],"wp:term":[{"taxonomy":"category","embeddable":true,"href":"https:\/\/berni.fmode.de\/wordpress\/index.php?rest_route=%2Fwp%2Fv2%2Fcategories&post=1153"},{"taxonomy":"post_tag","embeddable":true,"href":"https:\/\/berni.fmode.de\/wordpress\/index.php?rest_route=%2Fwp%2Fv2%2Ftags&post=1153"}],"curies":[{"name":"wp","href":"https:\/\/api.w.org\/{rel}","templated":true}]}}