{"id":11302,"date":"2013-04-19T18:21:56","date_gmt":"2013-04-19T17:21:56","guid":{"rendered":"http:\/\/berni.fmode.de\/wordpress\/?p=11302"},"modified":"2013-04-19T18:21:56","modified_gmt":"2013-04-19T17:21:56","slug":"ein-kleiner-abschied","status":"publish","type":"post","link":"https:\/\/berni.fmode.de\/wordpress\/?p=11302","title":{"rendered":"Ein kleiner Abschied &#8230;"},"content":{"rendered":"<p>&#8230; ist heute f\u00e4llig: Ein Abschied von meinem Jimny, der mich 10 Jahre und knapp 100.000 Kilometer treu begleitet hat. Nie hat er mich im Stich gelassen und noch nie habe ich ein Auto so lange gefahren. Aber es hei\u00dft ja, man soll aufh\u00f6ren, wenn es am sch\u00f6nsten ist und deshalb habe ich den Jimny heute per Handschlag verkauft. Sein Autoleben ist noch lange nicht zu Ende und der Kleine m\u00f6ge seinem neuen Besitzer noch viele sch\u00f6ne Meilen schenken.<\/p>\n<div id=\"attachment_11303\" style=\"width: 1210px\" class=\"wp-caption aligncenter\"><a href=\"https:\/\/berni.fmode.de\/wordpress\/wp-content\/uploads\/pic01562.jpg\"><img loading=\"lazy\" decoding=\"async\" aria-describedby=\"caption-attachment-11303\" class=\"size-full wp-image-11303\" alt=\"Ich hatte den Jimny schon vor ein paar Tagen zum H\u00e4ndler gestellt und heute haben wir uns nach kirzem Feilschen auf einen vern\u00fcnftigen Preis geeinigt. Eiin letztes Foto, ein letzter Blick ..... Adieu Jimny.\" src=\"https:\/\/berni.fmode.de\/wordpress\/wp-content\/uploads\/pic01562.jpg\" width=\"1200\" height=\"900\" srcset=\"https:\/\/berni.fmode.de\/wordpress\/wp-content\/uploads\/pic01562.jpg 1200w, https:\/\/berni.fmode.de\/wordpress\/wp-content\/uploads\/pic01562-300x225.jpg 300w, https:\/\/berni.fmode.de\/wordpress\/wp-content\/uploads\/pic01562-1024x768.jpg 1024w, https:\/\/berni.fmode.de\/wordpress\/wp-content\/uploads\/pic01562-400x300.jpg 400w\" sizes=\"(max-width: 1200px) 100vw, 1200px\" \/><\/a><p id=\"caption-attachment-11303\" class=\"wp-caption-text\">Ich hatte den Jimny schon vor ein paar Tagen zum H\u00e4ndler gestellt und heute haben wir uns nach kurzem Feilschen auf einen vern\u00fcnftigen Preis geeinigt. Ein letztes Foto, ein letzter Blick &#8230;.. Adieu Jimny.<\/p><\/div>\n<div id=\"attachment_11304\" style=\"width: 1210px\" class=\"wp-caption aligncenter\"><a href=\"https:\/\/berni.fmode.de\/wordpress\/wp-content\/uploads\/pic02546.jpg\"><img loading=\"lazy\" decoding=\"async\" aria-describedby=\"caption-attachment-11304\" class=\"size-full wp-image-11304\" alt=\"Das Wetter ist nicht so richtig sch\u00f6n heute, die Temperatur ist deutlich abgest\u00fcrzt und eine steife Brise weht. Dennoch fahre ich einen dicken Umweg und die Vespa macht wie immer so richtig Vergn\u00fcgen. Eigentlich ist das Wetter OK so, ich bin nur etwas zu d\u00fcnn angezogen.\" src=\"https:\/\/berni.fmode.de\/wordpress\/wp-content\/uploads\/pic02546.jpg\" width=\"1200\" height=\"900\" srcset=\"https:\/\/berni.fmode.de\/wordpress\/wp-content\/uploads\/pic02546.jpg 1200w, https:\/\/berni.fmode.de\/wordpress\/wp-content\/uploads\/pic02546-300x225.jpg 300w, https:\/\/berni.fmode.de\/wordpress\/wp-content\/uploads\/pic02546-1024x768.jpg 1024w, https:\/\/berni.fmode.de\/wordpress\/wp-content\/uploads\/pic02546-400x300.jpg 400w\" sizes=\"(max-width: 1200px) 100vw, 1200px\" \/><\/a><p id=\"caption-attachment-11304\" class=\"wp-caption-text\">Das Wetter ist nicht so richtig sch\u00f6n heute, die Temperatur ist deutlich abgest\u00fcrzt und eine steife Brise weht. Dennoch fahre ich einen dicken Umweg und die Vespa macht wie immer so richtig Vergn\u00fcgen. Eigentlich ist das Wetter OK so, ich bin nur etwas zu d\u00fcnn angezogen.<\/p><\/div>\n<div id=\"attachment_11305\" style=\"width: 1210px\" class=\"wp-caption aligncenter\"><a href=\"https:\/\/berni.fmode.de\/wordpress\/wp-content\/uploads\/pic03509.jpg\"><img loading=\"lazy\" decoding=\"async\" aria-describedby=\"caption-attachment-11305\" class=\"size-full wp-image-11305\" alt=\"Zweifellos ist meine Bekleidung heute der Vespa angemessen und durchaus schick und stylisch - aber ganz sicher nicht warm genug.\" src=\"https:\/\/berni.fmode.de\/wordpress\/wp-content\/uploads\/pic03509.jpg\" width=\"1200\" height=\"900\" srcset=\"https:\/\/berni.fmode.de\/wordpress\/wp-content\/uploads\/pic03509.jpg 1200w, https:\/\/berni.fmode.de\/wordpress\/wp-content\/uploads\/pic03509-300x225.jpg 300w, https:\/\/berni.fmode.de\/wordpress\/wp-content\/uploads\/pic03509-1024x768.jpg 1024w, https:\/\/berni.fmode.de\/wordpress\/wp-content\/uploads\/pic03509-400x300.jpg 400w\" sizes=\"(max-width: 1200px) 100vw, 1200px\" \/><\/a><p id=\"caption-attachment-11305\" class=\"wp-caption-text\">Zweifellos ist meine Bekleidung heute der Vespa angemessen und durchaus schick und stylisch &#8211; aber ganz sicher nicht warm genug.<\/p><\/div>\n<div id=\"attachment_11306\" style=\"width: 1210px\" class=\"wp-caption aligncenter\"><a href=\"https:\/\/berni.fmode.de\/wordpress\/wp-content\/uploads\/pic04461.jpg\"><img loading=\"lazy\" decoding=\"async\" aria-describedby=\"caption-attachment-11306\" class=\"size-full wp-image-11306\" alt=\"Mit den GTS-typischen 90...100 km\/h geht es durch die Rabenau, vorbei am Hofgut Appenborn.\" src=\"https:\/\/berni.fmode.de\/wordpress\/wp-content\/uploads\/pic04461.jpg\" width=\"1200\" height=\"900\" srcset=\"https:\/\/berni.fmode.de\/wordpress\/wp-content\/uploads\/pic04461.jpg 1200w, https:\/\/berni.fmode.de\/wordpress\/wp-content\/uploads\/pic04461-300x225.jpg 300w, https:\/\/berni.fmode.de\/wordpress\/wp-content\/uploads\/pic04461-1024x768.jpg 1024w, https:\/\/berni.fmode.de\/wordpress\/wp-content\/uploads\/pic04461-400x300.jpg 400w\" sizes=\"(max-width: 1200px) 100vw, 1200px\" \/><\/a><p id=\"caption-attachment-11306\" class=\"wp-caption-text\">Mit den GTS-typischen 90&#8230;100 km\/h geht es durch die Rabenau, vorbei am Hofgut Appenborn.<\/p><\/div>\n<div id=\"attachment_11307\" style=\"width: 1210px\" class=\"wp-caption aligncenter\"><a href=\"https:\/\/berni.fmode.de\/wordpress\/wp-content\/uploads\/pic05392.jpg\"><img loading=\"lazy\" decoding=\"async\" aria-describedby=\"caption-attachment-11307\" class=\"size-full wp-image-11307\" alt=\"Beim Motorrad-Enders stehen heute einige der neuen 700er Hondas. Live gefallen mir diese Vernunft-Motorr\u00e4der recht gut, auch wenn ihnen jede klassische Optik fehlt.\" src=\"https:\/\/berni.fmode.de\/wordpress\/wp-content\/uploads\/pic05392.jpg\" width=\"1200\" height=\"900\" srcset=\"https:\/\/berni.fmode.de\/wordpress\/wp-content\/uploads\/pic05392.jpg 1200w, https:\/\/berni.fmode.de\/wordpress\/wp-content\/uploads\/pic05392-300x225.jpg 300w, https:\/\/berni.fmode.de\/wordpress\/wp-content\/uploads\/pic05392-1024x768.jpg 1024w, https:\/\/berni.fmode.de\/wordpress\/wp-content\/uploads\/pic05392-400x300.jpg 400w\" sizes=\"(max-width: 1200px) 100vw, 1200px\" \/><\/a><p id=\"caption-attachment-11307\" class=\"wp-caption-text\">Beim Motorrad-Enders stehen heute einige der neuen 700er Hondas. Live gefallen mir diese Vernunft-Motorr\u00e4der recht gut, auch wenn ihnen jede klassische Optik fehlt.<\/p><\/div>\n<div id=\"attachment_11308\" style=\"width: 1210px\" class=\"wp-caption aligncenter\"><a href=\"https:\/\/berni.fmode.de\/wordpress\/wp-content\/uploads\/pic06335.jpg\"><img loading=\"lazy\" decoding=\"async\" aria-describedby=\"caption-attachment-11308\" class=\"size-full wp-image-11308\" alt=\"Auch einige Roller als Gebrauchtmaschinen stehen im Schaufenster, darunter sogar eine 150er Vespa, ein SKR.\" src=\"https:\/\/berni.fmode.de\/wordpress\/wp-content\/uploads\/pic06335.jpg\" width=\"1200\" height=\"900\" srcset=\"https:\/\/berni.fmode.de\/wordpress\/wp-content\/uploads\/pic06335.jpg 1200w, https:\/\/berni.fmode.de\/wordpress\/wp-content\/uploads\/pic06335-300x225.jpg 300w, https:\/\/berni.fmode.de\/wordpress\/wp-content\/uploads\/pic06335-1024x768.jpg 1024w, https:\/\/berni.fmode.de\/wordpress\/wp-content\/uploads\/pic06335-400x300.jpg 400w\" sizes=\"(max-width: 1200px) 100vw, 1200px\" \/><\/a><p id=\"caption-attachment-11308\" class=\"wp-caption-text\">Auch einige Roller als Gebrauchtmaschinen stehen im Schaufenster, darunter sogar ein Piaggio-Produkt, ein 150er SKR mit 8000 km f\u00fcr 1100 \u20ac.<\/p><\/div>\n<div id=\"attachment_11309\" style=\"width: 1210px\" class=\"wp-caption aligncenter\"><a href=\"https:\/\/berni.fmode.de\/wordpress\/wp-content\/uploads\/pic07292.jpg\"><img loading=\"lazy\" decoding=\"async\" aria-describedby=\"caption-attachment-11309\" class=\"size-full wp-image-11309\" alt=\"Noch ein paar Kilometer durch den Vogelsberg, ein paar Flaschen Cidre im Penny gekauft - aber dann treibt mich der k\u00fchle Tag doch ins warme Haus. Das waren dann glatte 150 km, mal so eben zwischendurch.\" src=\"https:\/\/berni.fmode.de\/wordpress\/wp-content\/uploads\/pic07292.jpg\" width=\"1200\" height=\"900\" srcset=\"https:\/\/berni.fmode.de\/wordpress\/wp-content\/uploads\/pic07292.jpg 1200w, https:\/\/berni.fmode.de\/wordpress\/wp-content\/uploads\/pic07292-300x225.jpg 300w, https:\/\/berni.fmode.de\/wordpress\/wp-content\/uploads\/pic07292-1024x768.jpg 1024w, https:\/\/berni.fmode.de\/wordpress\/wp-content\/uploads\/pic07292-400x300.jpg 400w\" sizes=\"(max-width: 1200px) 100vw, 1200px\" \/><\/a><p id=\"caption-attachment-11309\" class=\"wp-caption-text\">Noch ein paar Kilometer durch den Vogelsberg, ein paar Flaschen Cidre im Penny gekauft &#8211; aber dann treibt mich der k\u00fchle Tag doch ins warme Haus. Das waren dann glatte 150 km, mal so eben zwischendurch.<\/p><\/div>\n<p>&nbsp;<\/p>\n","protected":false},"excerpt":{"rendered":"<p>&#8230; ist heute f\u00e4llig: Ein Abschied von meinem Jimny, der mich 10 Jahre und knapp 100.000 Kilometer treu begleitet hat. Nie hat er mich im Stich gelassen und noch nie habe ich ein Auto so lange gefahren. Aber es hei\u00dft &hellip; <a href=\"https:\/\/berni.fmode.de\/wordpress\/?p=11302\">Weiterlesen <span class=\"meta-nav\">&rarr;<\/span><\/a><\/p>\n","protected":false},"author":1,"featured_media":0,"comment_status":"closed","ping_status":"closed","sticky":false,"template":"","format":"standard","meta":{"footnotes":""},"categories":[1,36],"tags":[],"_links":{"self":[{"href":"https:\/\/berni.fmode.de\/wordpress\/index.php?rest_route=\/wp\/v2\/posts\/11302"}],"collection":[{"href":"https:\/\/berni.fmode.de\/wordpress\/index.php?rest_route=\/wp\/v2\/posts"}],"about":[{"href":"https:\/\/berni.fmode.de\/wordpress\/index.php?rest_route=\/wp\/v2\/types\/post"}],"author":[{"embeddable":true,"href":"https:\/\/berni.fmode.de\/wordpress\/index.php?rest_route=\/wp\/v2\/users\/1"}],"replies":[{"embeddable":true,"href":"https:\/\/berni.fmode.de\/wordpress\/index.php?rest_route=%2Fwp%2Fv2%2Fcomments&post=11302"}],"version-history":[{"count":2,"href":"https:\/\/berni.fmode.de\/wordpress\/index.php?rest_route=\/wp\/v2\/posts\/11302\/revisions"}],"predecessor-version":[{"id":14025,"href":"https:\/\/berni.fmode.de\/wordpress\/index.php?rest_route=\/wp\/v2\/posts\/11302\/revisions\/14025"}],"wp:attachment":[{"href":"https:\/\/berni.fmode.de\/wordpress\/index.php?rest_route=%2Fwp%2Fv2%2Fmedia&parent=11302"}],"wp:term":[{"taxonomy":"category","embeddable":true,"href":"https:\/\/berni.fmode.de\/wordpress\/index.php?rest_route=%2Fwp%2Fv2%2Fcategories&post=11302"},{"taxonomy":"post_tag","embeddable":true,"href":"https:\/\/berni.fmode.de\/wordpress\/index.php?rest_route=%2Fwp%2Fv2%2Ftags&post=11302"}],"curies":[{"name":"wp","href":"https:\/\/api.w.org\/{rel}","templated":true}]}}